{"id":34545,"date":"2024-04-12T11:13:16","date_gmt":"2024-04-12T11:13:16","guid":{"rendered":"https:\/\/dekkbi.com\/?p=34545"},"modified":"2024-04-12T15:22:24","modified_gmt":"2024-04-12T15:22:24","slug":"ministeres-de-leconomie-et-des-finances-les-nouveaux-termes-de-change","status":"publish","type":"post","link":"https:\/\/dekkbi.com\/?p=34545","title":{"rendered":"GOUVERNEMENT : passation de service au Minist\u00e8res de l\u2019\u00c9conomie et des Finances: Les nouveaux termes de change"},"content":{"rendered":"\n<p><strong>Mamadou Moustapha Ba a fait hier deux passations de services, notamment avec le ministre de l\u2019Economie, du plan et de la coop\u00e9ration. Pour Abourahmane Sarr, les grands axes vont rester l\u2019inclusion financi\u00e8re, le d\u00e9sendettement, se \u00ablib\u00e9rer des liens&nbsp; de la d\u00e9pendance dans nos politiques publiques\u00bb.<\/strong><\/p>\n\n\n\n<p>Apr\u00e8s la formation du gouvernement et le premier Conseil des ministres, les passations de services sont pres\u00adque termin\u00e9es. Hier, il y avait deux \u00e9v\u00e8nements majeurs \u00e0 l\u2019immeuble Peytavin&nbsp;: d\u2019abord, le nouveau ministre de l\u2019Economie, du plan et de la coop\u00e9ration s\u2019est install\u00e9 dans ses bureaux o\u00f9 il veut mettre en place le projet de rupture et de souverainet\u00e9 du nouveau r\u00e9gime. \u00abC\u2019est \u00e0 la fois un honneur et un privil\u00e8ge de proc\u00e9der \u00e0 cette&nbsp; passation de services et d\u2019avoir&nbsp; l\u2019opportunit\u00e9 de participer \u00e0 la mise en \u0153uvre d\u2019un projet qui a comme objectif de r\u00e9aliser la souverainet\u00e9 \u00e9conomique du S\u00e9n\u00e9gal qui nous permettra de ma\u00eetriser notre destin\u00bb, assure Abourahmane Sarr.<\/p>\n\n\n\n<p>Il va former un duo avec le ministre des Finances pour mat\u00e9rialiser \u00abla souverainet\u00e9 \u00e9conomique\u00bb mise en avant par le nouveau r\u00e9gime. L\u2019ancien fonctionnaire du Fonds mon\u00e9taire international (Fmi) promet une meilleure \u00e9valuation des d\u00e9penses en soutien \u00e0 l\u2019\u00e9conomie. \u00abL\u2019objectif principal assign\u00e9 est d\u2019avoir les moyens de financer des biens et services publics de qualit\u00e9 au b\u00e9n\u00e9fice des populations, notamment pour les plus vuln\u00e9rables&nbsp; pour qu\u2019elles puissent prendre leur destin en main avec un secteur priv\u00e9 fort soutenu par un Etat fort \u00abYewwi Askan Wi\u00bb\u00bb, annonce Abourahmane Sarr.<\/p>\n\n\n\n<p>Pour lui, il faut renforcer le secteur priv\u00e9 formel et informel<br>\u00abIl s\u2019agi\u00adra aussi de faire de notre secteur priv\u00e9 formel ou informel et de chaque S\u00e9\u00adn\u00e9galais des acteurs-cl\u00e9s d\u2019un S\u00e9n\u00e9gal souverain avec le soutien d\u2019un Etat fort et cr\u00e9dible. Nous assurons avec les coll\u00e8gues du gouvernement \u00e9galement d\u2019un environnement \u00e9conomique concurrentiel afin d\u2019\u00e9liminer les situations de monopole et de position dominante qui peuvent \u00eatre source de rench\u00e9rissement du co\u00fbt de la vie et d\u2019improductivit\u00e9\u00bb, assure le ministre de l\u2019Eco\u00adnomie. Sans oublier, poursuit-il, de faciliter l\u2019acc\u00e8s au financement et de travailler \u00e0 l\u2019inclusion financi\u00e8re \u00e0 tous les niveaux. \u00abNous nous attellerons \u00e0 lever les obstacles \u00e0 cette inclusion financi\u00e8re pour avoir acc\u00e8s au cr\u00e9dit ou \u00e0 des ressources financi\u00e8res permettant de r\u00e9aliser son projet ou de d\u00e9velopper son entreprise\u00bb, ajoute le fondateur du Mou\u00advement pour la renaissance, la libert\u00e9 et le d\u00e9veloppement (Mrld) \u2013 Moom sa Bopp, M\u00ebn\u00ebl sa Bopp, un mouvement citoyen s\u00e9n\u00e9galais cr\u00e9\u00e9 en 2011 et du Centre d\u2019\u00e9tude pour le financement du d\u00e9veloppement local (Cefde), un think tank cr\u00e9\u00e9 en 2010.<\/p>\n\n\n\n<p>En face de Mamadou Moustapha Ba, ministre sortant, dont il a salu\u00e9 les \u00abcomp\u00e9tences\u00bb, Abourahmane Sarr ne va pas sans doute faire table rase des r\u00e9alisations du r\u00e9gime pass\u00e9. Mais, il annonce un changement d\u2019orientation. Il dit&nbsp;: \u00abvotre r\u00e9putation d\u2019homme ma\u00eetrisant parfaitement les finances du pays est bien connue, c\u2019est donc un grand honneur de vous succ\u00e9der. Il n\u2019y a pas de doute que le S\u00e9n\u00e9gal a fait des progr\u00e8s dans beaucoup de domaines, notamment des infrastructures sous votre leadership. Ces r\u00e9alisations qui sont des acquis serviront de base pour de nouveaux caps. Il nous a fallu&nbsp; n\u00e9anmoins acc\u00e9l\u00e9rer notre endettement en devises pour les r\u00e9aliser. Cet endettement, dans une certaine mesure, r\u00e9duit notre souverainet\u00e9 \u00e9conomique. Nous renforcerons la coop\u00e9ration bilat\u00e9rale et multilat\u00e9rale tout en ayant comme objectifs de nous lib\u00e9rer des liens&nbsp;de la d\u00e9pendance dans nos politiques publiques\u00bb, promet-il.<\/p>\n\n\n\n<p>Comment y arriver&nbsp;? L\u2019ancien fonctionnaire du Fmi insiste sur \u00abl\u2019affirmation d\u2019un leadership devant faciliter la r\u00e9forme du secteur public par une meilleure \u00e9valuation des d\u00e9penses en soutien \u00e0 l\u2019\u00e9conomie\u00bb et de construire \u00abdes con\u00adsensus sur les mesures n\u00e9cessaires aussi bien sur les recettes, les d\u00e9penses que la dette, afin d\u2019atteindre les objectifs politiques assign\u00e9s, tout en pr\u00e9servant des finances publiques saines et soutenables\u00bb. Autant de d\u2019annonces qui n\u00e9cessitent \u00e9videmment des moyens. \u00abL\u2019objectif principal assign\u00e9 est d\u2019avoir les moyens de financer des biens et services publics de qualit\u00e9 au b\u00e9n\u00e9fice des populations, notamment les plus vuln\u00e9rables. L\u2019Etat fort, aux finances publiques soutenables et aux marges de man\u0153uvre certaines, accompagnera et trouvera les partenaires n\u00e9cessaires pour soutenir nos entreprises capitalisant sur nos propres instruments financiers\u00bb, encha\u00eene-t-il.<\/p>\n\n\n\n<p><strong>Production de statistiques de r\u00e9f\u00e9rence<\/strong><br>En \u00e9cho, Mouhamadou Moustapha Ba, qui s\u2019en va en laissant derri\u00e8re lui une r\u00e9putation de grand commis de l\u2019Etat, est s\u00fbr que le \u00abS\u00e9n\u00e9gal continuera \u00e0 consolider sa place de choix en mati\u00e8re de production de statistiques de r\u00e9f\u00e9rence, pour mieux asseoir notre adh\u00e9sion \u00e0 la norme sp\u00e9ciale de diffusion des donn\u00e9es, en tirant le meilleur de la masse inestimable d\u2019informations fournies par les enqu\u00eates\u00bb avec le nouveau ministre de l\u2019Economie. Il poursuit sous forme de conseils&nbsp;: \u00abC\u2019est autant d\u2019\u00e9l\u00e9ments indispensables pour b\u00e2tir, dans un contexte marqu\u00e9 par des chocs multiformes, des politiques publiques adoss\u00e9es \u00e0 des choix et options pertinentes, permettant de d\u00e9gager des perspectives heureuses pour nos agriculteurs, nos jeunes \u00e0 la recherche d\u2019emploi, nos femmes en qu\u00eate d\u2019autonomisation et d\u2019\u00e9mancipation. Ces derniers points sont tout aussi indispensables pour notre secteur priv\u00e9 en qu\u00eate de plus de vigueur et de performance, et enfin pour tous nos compatriotes qui aspirent l\u00e9gitimement \u00e0 un acc\u00e8s aux services essentiels.\u00bb<\/p>\n\n\n\n<p><strong>Par Bocar SAKHO \u2013 bsakho@lequotidien.sn<\/strong><\/p>\n","protected":false},"excerpt":{"rendered":"<p>Mamadou Moustapha Ba a fait hier deux passations de services, notamment avec le ministre de l\u2019Economie, du plan et de<\/p>\n","protected":false},"author":1,"featured_media":34546,"comment_status":"open","ping_status":"open","sticky":false,"template":"","format":"standard","meta":{"footnotes":""},"categories":[3],"tags":[],"class_list":["post-34545","post","type-post","status-publish","format-standard","has-post-thumbnail","hentry","category-event-more-news"],"_links":{"self":[{"href":"https:\/\/dekkbi.com\/index.php?rest_route=\/wp\/v2\/posts\/34545","targetHints":{"allow":["GET"]}}],"collection":[{"href":"https:\/\/dekkbi.com\/index.php?rest_route=\/wp\/v2\/posts"}],"about":[{"href":"https:\/\/dekkbi.com\/index.php?rest_route=\/wp\/v2\/types\/post"}],"author":[{"embeddable":true,"href":"https:\/\/dekkbi.com\/index.php?rest_route=\/wp\/v2\/users\/1"}],"replies":[{"embeddable":true,"href":"https:\/\/dekkbi.com\/index.php?rest_route=%2Fwp%2Fv2%2Fcomments&post=34545"}],"version-history":[{"count":3,"href":"https:\/\/dekkbi.com\/index.php?rest_route=\/wp\/v2\/posts\/34545\/revisions"}],"predecessor-version":[{"id":34622,"href":"https:\/\/dekkbi.com\/index.php?rest_route=\/wp\/v2\/posts\/34545\/revisions\/34622"}],"wp:featuredmedia":[{"embeddable":true,"href":"https:\/\/dekkbi.com\/index.php?rest_route=\/wp\/v2\/media\/34546"}],"wp:attachment":[{"href":"https:\/\/dekkbi.com\/index.php?rest_route=%2Fwp%2Fv2%2Fmedia&parent=34545"}],"wp:term":[{"taxonomy":"category","embeddable":true,"href":"https:\/\/dekkbi.com\/index.php?rest_route=%2Fwp%2Fv2%2Fcategories&post=34545"},{"taxonomy":"post_tag","embeddable":true,"href":"https:\/\/dekkbi.com\/index.php?rest_route=%2Fwp%2Fv2%2Ftags&post=34545"}],"curies":[{"name":"wp","href":"https:\/\/api.w.org\/{rel}","templated":true}]}}