{"id":3452,"date":"2022-11-17T11:21:23","date_gmt":"2022-11-17T11:21:23","guid":{"rendered":"https:\/\/dekkbi.com\/?p=3452"},"modified":"2022-11-17T12:17:42","modified_gmt":"2022-11-17T12:17:42","slug":"mondial-pogba-salah-haaland-ceux-qui-sont-absents-au-rendez-vous","status":"publish","type":"post","link":"https:\/\/dekkbi.com\/?p=3452","title":{"rendered":"Pogba, Salah, Haaland&#8230; Ceux qui sont absents au rendez-vous"},"content":{"rendered":"\n<p><a href=\"https:\/\/www.addthis.com\/bookmark.php?v=300\"><\/a><a href=\"https:\/\/www.addthis.com\/bookmark.php?v=300\"><\/a><a rel=\"noreferrer noopener\" href=\"https:\/\/www.addthis.com\/bookmark.php?v=300\" target=\"_blank\"><\/a><a rel=\"noreferrer noopener\" href=\"https:\/\/www.addthis.com\/bookmark.php?v=300\" target=\"_blank\"><\/a>Messi, Ronaldo, Mbapp\u00e9, Benzema: le Mondial commence dimanche au Qatar et les stars sont l\u00e0. Toutes ? Non, car entre blessures, choix des s\u00e9lectionneurs et \u00e9liminations pr\u00e9matur\u00e9es, quelques grands noms vont manquer \u00e0 l&rsquo;appel.<\/p>\n\n\n\n<p>De Gianluigi Donnarumma \u00e0 Erling Haaland en passant par Paul Pogba ou N&rsquo;Golo Kant\u00e9, voici l&rsquo;\u00e9quipe-type des absents.<\/p>\n\n\n\n<p>GARDIEN: Gianluigi Donnarumma (Italie\/49 s\u00e9lections)<\/p>\n\n\n\n<p>Comme ses compatriotes Marco Verratti ou Jorginho, le gardien du Paris SG a sombr\u00e9 avec la Nazionale lors d&rsquo;un barrage perdu face \u00e0 la modeste Mac\u00e9doine du Nord. Pour la deuxi\u00e8me fois d&rsquo;affil\u00e9e, l&rsquo;Italie a rat\u00e9 la marche et va manquer la Coupe du Monde.<\/p>\n\n\n\n<p>LATERAL DROIT: Reece James (Angleterre\/15 s\u00e9lections)<\/p>\n\n\n\n<p>\u00ab\u00a0An\u00e9anti\u00a0\u00bb, a \u00e9crit le jeune d\u00e9fenseur de Chelsea le 9 novembre sur Twitter. C&rsquo;est \u00e0 cette date qu&rsquo;il a officiellement renonc\u00e9 \u00e0 la Coupe du Monde \u00e0 cause d&rsquo;une blessure \u00e0 un genou subie mi-octobre.<\/p>\n\n\n\n<p>DEFENSEURS CENTRAUX: Sergio Ramos (Espagne\/180 s\u00e9lections) et Presnel Kimpembe (France\/28 s\u00e9lections)<\/p>\n\n\n\n<p>Deux champions du monde dans la charni\u00e8re des absents. L&rsquo;Espagne a appris \u00e0 faire sans Ramos, qui n&rsquo;a plus port\u00e9 le maillot de son pays depuis mars 2021. Kimpembe, en revanche, a esp\u00e9r\u00e9 jusqu&rsquo;au bout d\u00e9fendre le titre conquis par les Bleus en 2018. Il figurait m\u00eame dans la liste initiale de Didier Deschamps. Mais, insuffisamment r\u00e9tabli d&rsquo;une blessure \u00e0 un tendon d&rsquo;Achille, il a d\u00fb rendre les armes et laisser sa place \u00e0 Alex Disasi.<\/p>\n\n\n\n<p>LATERAL GAUCHE: Ferland Mendy (France\/9 s\u00e9lections)<\/p>\n\n\n\n<p>Titulaire au Real Madrid, mais trop juste pour les Bleus. A 27 ans, Ferland Mendy n&rsquo;a jamais r\u00e9ussi \u00e0 s&rsquo;imposer pleinement en \u00e9quipe de France. Cette fois, Deschamps lui a pr\u00e9f\u00e9r\u00e9 les deux fr\u00e8res Lucas et Th\u00e9o Hernandez. Lucas Digne (46 s\u00e9lections) a connu le m\u00eame sort.<\/p>\n\n\n\n<p>MILIEU DEFENSIF: N&rsquo;Golo Kant\u00e9 (France\/53 s\u00e9lections)<\/p>\n\n\n\n<p>\u00ab\u00a0Ne pas avoir +NG+, c&rsquo;est une force en moins, de par son \u00e9nergie, son exp\u00e9rience. Humainement, c&rsquo;est un petit bonhomme tellement attachant, qui a toujours le sourire. Il va nous manquer\u00a0\u00bb, a r\u00e9sum\u00e9 Deschamps. Champion du monde en 2018, Kant\u00e9 vit une saison gal\u00e8re avec Chelsea. Il n&rsquo;a jou\u00e9 que les deux premiers matches de la saison \u00e0 cause d&rsquo;une blessure aux ischio-jambiers et ne reviendra qu&rsquo;en 2023.<\/p>\n\n\n\n<p>MILIEUX RELAYEURS: Thiago Alcantara (Espagne\/46 s\u00e9lections) et Paul Pogba (France\/91 s\u00e9lections)<\/p>\n\n\n\n<p>Deux des milieux de terrain les plus dou\u00e9s du monde manquent \u00e0 l&rsquo;appel. Souvent brillant avec Liverpool, Thiago Alcantara n&rsquo;a pas convaincu Luis Enrique de lui faire une place au sein d&rsquo;un secteur traditionnellement tr\u00e8s dense en s\u00e9lection espagnole. Quant \u00e0 Pogba, ce sont des blessures au genou droit puis \u00e0 une cuisse qui vont le priver du tournoi. Et sans lui ni Kant\u00e9, le milieu de terrain des champions du monde en titre est \u00e0 reconstruire.<\/p>\n\n\n\n<p>ATTAQUANTS: Mohammed Salah (Egypte\/83 s\u00e9lections), Erling Haaland (Norv\u00e8ge\/23 s\u00e9lections) et Roberto Firmino (Br\u00e9sil\/55 s\u00e9lections)<\/p>\n\n\n\n<p>L&rsquo;Egypte a manqu\u00e9 la qualification pour le Qatar au bout d&rsquo;un terrible barrage face au S\u00e9n\u00e9gal, qui l&rsquo;avait d\u00e9j\u00e0 battue en finale de la derni\u00e8re CAN. Salah ne sera donc pas au Mondial, alors que le S\u00e9n\u00e9galais Man\u00e9 est du voyage, m\u00eame si une blessure r\u00e9cente avec le Bayern Munich laisse planer un tr\u00e8s gros doute sur sa participation.<\/p>\n\n\n\n<p>Firmino de son c\u00f4t\u00e9 paye une influence l\u00e9g\u00e8rement en baisse avec Liverpool et, surtout, l&rsquo;incroyable richesse offensive du Br\u00e9sil. Haaland n&rsquo;est quant \u00e0 lui pas parvenu \u00e0 qualifier la Norv\u00e8ge, qui n&rsquo;a plus particip\u00e9 \u00e0 la Coupe du Monde depuis 1998.<\/p>\n\n\n\n<p>REMPLACANTS:<\/p>\n\n\n\n<p>Gardiens: David De Gea (Espagne\/Non s\u00e9lectionn\u00e9); Mike Maignan France\/Blessure)<\/p>\n\n\n\n<p>D\u00e9fenseurs: Ben Chilwell (Angleterre\/Blessure); Jonathan Clauss (France\/Non s\u00e9lectionn\u00e9); Gabriel (Br\u00e9sil\/Non s\u00e9lectionn\u00e9); Fikayo Tomori (Angleterre\/Non s\u00e9lectionn\u00e9).<\/p>\n\n\n\n<p>Milieux: Philippe Coutinho (Br\u00e9sil\/Blessure); Giovani Lo Celso (Argentine\/Blessure); Renato Sanches (Portugal\/Non s\u00e9lectionn\u00e9); Marco Verratti (Italie\/Non qualifi\u00e9); Georginio Wijnaldum (Pays-Bas\/Blessure).<\/p>\n\n\n\n<p>Attaquants: Tammy Abraham (Angleterre\/Non s\u00e9lectionn\u00e9); Luis Diaz (Colombie\/Blessure); Riyad Mahrez (Alg\u00e9rie\/Non qualifi\u00e9); Timo Werner (Allemagne\/Blessure).<\/p>\n\n\n\n<p><a href=\"https:\/\/information.tv5monde.com\/auteur\/afp\">AFP<\/a><\/p>\n\n\n\n<p>\u00a9 2022 AFP<\/p>\n\n\n\n<p>Mise \u00e0 jour 17.11.2022 \u00e0 10:0<\/p>\n","protected":false},"excerpt":{"rendered":"<p>Messi, Ronaldo, Mbapp\u00e9, Benzema: le Mondial commence dimanche au Qatar et les stars sont l\u00e0. Toutes ? Non, car entre<\/p>\n","protected":false},"author":1,"featured_media":3453,"comment_status":"open","ping_status":"open","sticky":false,"template":"","format":"standard","meta":{"footnotes":""},"categories":[9],"tags":[],"class_list":["post-3452","post","type-post","status-publish","format-standard","has-post-thumbnail","hentry","category-sports"],"_links":{"self":[{"href":"https:\/\/dekkbi.com\/index.php?rest_route=\/wp\/v2\/posts\/3452","targetHints":{"allow":["GET"]}}],"collection":[{"href":"https:\/\/dekkbi.com\/index.php?rest_route=\/wp\/v2\/posts"}],"about":[{"href":"https:\/\/dekkbi.com\/index.php?rest_route=\/wp\/v2\/types\/post"}],"author":[{"embeddable":true,"href":"https:\/\/dekkbi.com\/index.php?rest_route=\/wp\/v2\/users\/1"}],"replies":[{"embeddable":true,"href":"https:\/\/dekkbi.com\/index.php?rest_route=%2Fwp%2Fv2%2Fcomments&post=3452"}],"version-history":[{"count":2,"href":"https:\/\/dekkbi.com\/index.php?rest_route=\/wp\/v2\/posts\/3452\/revisions"}],"predecessor-version":[{"id":3486,"href":"https:\/\/dekkbi.com\/index.php?rest_route=\/wp\/v2\/posts\/3452\/revisions\/3486"}],"wp:featuredmedia":[{"embeddable":true,"href":"https:\/\/dekkbi.com\/index.php?rest_route=\/wp\/v2\/media\/3453"}],"wp:attachment":[{"href":"https:\/\/dekkbi.com\/index.php?rest_route=%2Fwp%2Fv2%2Fmedia&parent=3452"}],"wp:term":[{"taxonomy":"category","embeddable":true,"href":"https:\/\/dekkbi.com\/index.php?rest_route=%2Fwp%2Fv2%2Fcategories&post=3452"},{"taxonomy":"post_tag","embeddable":true,"href":"https:\/\/dekkbi.com\/index.php?rest_route=%2Fwp%2Fv2%2Ftags&post=3452"}],"curies":[{"name":"wp","href":"https:\/\/api.w.org\/{rel}","templated":true}]}}