{"id":3445,"date":"2022-11-17T11:04:01","date_gmt":"2022-11-17T11:04:01","guid":{"rendered":"https:\/\/dekkbi.com\/?p=3445"},"modified":"2022-11-17T11:04:02","modified_gmt":"2022-11-17T11:04:02","slug":"la-francophonie-avec-elles-un-fonds-de-soutien-aux-femmes-face-aux-crises","status":"publish","type":"post","link":"https:\/\/dekkbi.com\/?p=3445","title":{"rendered":"\u00ab\u00a0La Francophonie avec Elles\u00a0\u00bb : un fonds de soutien aux femmes face aux crises"},"content":{"rendered":"\n<h1 class=\"has-medium-font-size wp-block-heading\">C&rsquo;est sur fond de crise de la Covid que le dispositif \u00ab\u00a0La Francophonie avec Elles\u00a0\u00bb est lanc\u00e9 en 2020, \u00e0 l&rsquo;initiative de la secr\u00e9taire g\u00e9n\u00e9rale de l&rsquo;OIF, Louise Mushikiwabo. Objectif : donner aux femmes et aux filles les moyens de se relever dignement des crises auxquelles elles sont confront\u00e9es. En deux ans, pr\u00e8s de 34 000 femmes ont pu en b\u00e9n\u00e9ficier.\u00a0<strong>Entretien avec Vanessa Lamothe<\/strong>, ambassadrice strat\u00e9gie \u00e0 l&rsquo;OIF.<\/h1>\n\n\n\n<p><a href=\"https:\/\/www.addthis.com\/bookmark.php?v=300\"><\/a><a href=\"https:\/\/www.addthis.com\/bookmark.php?v=300\"><\/a><a href=\"https:\/\/www.addthis.com\/bookmark.php?v=300\" rel=\"noreferrer noopener\" target=\"_blank\"><\/a><a href=\"https:\/\/www.addthis.com\/bookmark.php?v=300\" rel=\"noreferrer noopener\" target=\"_blank\"><\/a><\/p>\n\n\n\n<p>140 millions de femmes vivent aujourd&rsquo;hui dans les pays francophones. En 2050, elles seront plus de 350 millions. On comprend ais\u00e9ment l&rsquo;enjeu qu&rsquo;elles repr\u00e9sentent, d&rsquo;un point vue social, \u00e9conomique, sanitaire et bien \u00e9videmment d\u00e9mographique. D&rsquo;elles&nbsp;d\u00e9pend l&rsquo;avenir de la plan\u00e8te francophone. L&rsquo;Organisation internationale de la francophonie a d\u00e9cid\u00e9 d&rsquo;en faire l&rsquo;un des th\u00e8mes principaux du XVIIIe sommet de la francophonie qui se tient \u00e0 Djerba, en Tunisie, les 19 et 20 novembre 2022. Une table ronde officielle \u00e0 huis clos r\u00e9unira les dirigeants et&nbsp;chefs de gouvernement&nbsp;autour de cette th\u00e9matique, sans doute une premi\u00e8re dans l&rsquo;histoire des sommets de la francophonie.&nbsp;<br><br>Mais l&rsquo;OIF, sous la houlette de sa secr\u00e9taire g\u00e9n\u00e9rale, choisie en 2018 lors du sommet&nbsp;d&rsquo;Erevan en Arm\u00e9nie,&nbsp;n&rsquo;a pas attendu&nbsp;pour se pencher sur ces questions. En 2020, la situation des femmes et des filles, touch\u00e9es de plein fouet par&nbsp;la crise pand\u00e9mique, suscite l&rsquo;inqui\u00e9tude g\u00e9n\u00e9rale.<\/p>\n\n\n\n<figure class=\"wp-block-embed is-type-rich is-provider-prise-en-charge-des-contenus-embarques wp-block-embed-prise-en-charge-des-contenus-embarques wp-embed-aspect-16-9 wp-has-aspect-ratio\"><div class=\"wp-block-embed__wrapper\">\n<iframe loading=\"lazy\" title=\"#LaFrancophonieAvecElles - Spot WEB\" width=\"800\" height=\"450\" src=\"https:\/\/www.youtube.com\/embed\/gKF04FroXzk?feature=oembed\" frameborder=\"0\" allow=\"accelerometer; autoplay; clipboard-write; encrypted-media; gyroscope; picture-in-picture\" allowfullscreen><\/iframe>\n<\/div><\/figure>\n\n\n\n<p>Les femmes et les filles se trouvent parmi les plus touch\u00e9es. Confinements. restrictions&nbsp;et autres mesures sanitaires&nbsp;vont entra\u00eener des d\u00e9g\u00e2ts \u00ab\u00a0collat\u00e9raux\u00a0\u00bb, comme l&rsquo;explosion des violences domestiques&nbsp;ou la privation d&rsquo;\u00e9cole pour les petites filles. De ce constat nait l&rsquo;id\u00e9e du projet \u00ab\u00a0La Francophonie Avec Elles\u00a0\u00bb.&nbsp;<\/p>\n\n\n\n<p><img loading=\"lazy\" decoding=\"async\" src=\"https:\/\/information.tv5monde.com\/sites\/info.tv5monde.com\/files\/styles\/large_article\/public\/assets\/images\/avecElles2020.png?itok=31SKacwx\" width=\"670\" height=\"252\" alt=\"\"><\/p>\n\n\n\n<p>\u00a9OIF<\/p>\n\n\n\n<p><strong>Retrouvez notre portrait \u25ba&nbsp;<a href=\"https:\/\/information.tv5monde.com\/terriennes\/sommet-de-la-francophonie-erevan-louise-mushikiwabo-designee-secretaire-generale-de-l-oif\">Louise Mushikiwabo : les femmes au coeur de l&rsquo;action de l&rsquo;OIF<\/a><\/strong><\/p>\n\n\n\n<h2 class=\"wp-block-heading\">Les femmes, toujours les plus touch\u00e9es par les&nbsp;crises<\/h2>\n\n\n\n<p>Le 9 juillet 2020 est donc lanc\u00e9 ce fonds de soutien, programm\u00e9 pour une dur\u00e9e de quatre ans. Son objectif&nbsp;: accompagner des actions de terrain qui permettent aux femmes et aux filles en situation de vuln\u00e9rabilit\u00e9 d\u2019acc\u00e9der au d\u00e9veloppement \u00e9conomique, \u00e0 l\u2019\u00e9ducation, \u00e0 la sant\u00e9, \u00e0 la citoyennet\u00e9 et \u00e0 la formation. La m\u00eame ann\u00e9e, ce sont pas moins de 15 000 femmes qui vont pouvoir en b\u00e9n\u00e9ficier. Au total, pour ce lancement, 2,7 millions d&rsquo;euros de subventions sont&nbsp;attribu\u00e9es.&nbsp;<\/p>\n\n\n\n<p><img loading=\"lazy\" decoding=\"async\" src=\"https:\/\/information.tv5monde.com\/sites\/info.tv5monde.com\/files\/styles\/medium_article\/public\/assets\/images\/naima.png?itok=a29nGWll\" width=\"286\" height=\"197\" alt=\"&amp;lt;p&amp;gt;Naima Bahadou, \u00e9leveuse au Maroc, b\u00e9n\u00e9ficiaire du fonds &amp;quot;La Francophonie Avec Elles&amp;quot; en 2020.&amp;lt;\/p&amp;gt;\n\"><\/p>\n\n\n\n<p>Naima Bahadou, \u00e9leveuse au Maroc, b\u00e9n\u00e9ficiaire du fonds \u00ab\u00a0La Francophonie Avec Elles\u00a0\u00bb en 2020.<\/p>\n\n\n\n<p>\u00a9OIF<\/p>\n\n\n\n<p>Parmi ces femmes, Naima Bahadou,&nbsp;\u00e9leveuse du village de Tmasinte, au Maroc. Accompagn\u00e9e par l&rsquo;association Elevages sans Fronti\u00e8res (ESF), elle a re\u00e7u trois&nbsp;ch\u00e8vres, un lot de mat\u00e9riel n\u00e9cessaire \u00e0 l&rsquo;\u00e9levage caprin, et a suivi plusieurs formations.<br><br>Naima s&rsquo;est engag\u00e9e \u00e0 donner les trois&nbsp;premi\u00e8res chevrettes n\u00e9es dans son \u00e9levage \u00e0 une autre famille.<\/p>\n\n\n\n<p>En&nbsp;2021, le total des subventions grimpe \u00e0 3,9 millions d&rsquo;euros. Le Fonds soutient 84 projets et 20 000 femmes ont pu y acc\u00e9der.&nbsp;<\/p>\n\n\n\n<h2 class=\"wp-block-heading\">Femmes r\u00e9silientes de l&rsquo;espace francophone<\/h2>\n\n\n\n<p>Une table ronde consacr\u00e9e aux femmes r\u00e9silientes en francophonie, organis\u00e9e au pavillon de la francophonie \u00e0 Djerba,&nbsp;a permis de dresser un bilan de l&rsquo;op\u00e9ration \u00ab\u00a0La Francophonie avec Elles\u00a0\u00bb. Au total, ce sont pas moins de 34&nbsp;000 femmes qui ont pu recourir \u00e0 ce fonds, et poursuivre ainsi sur la voie de leur autonomisation.&nbsp;<\/p>\n\n\n\n<figure class=\"wp-block-embed is-type-rich is-provider-prise-en-charge-des-contenus-embarques wp-block-embed-prise-en-charge-des-contenus-embarques wp-embed-aspect-16-9 wp-has-aspect-ratio\"><div class=\"wp-block-embed__wrapper\">\n<iframe loading=\"lazy\" title=\"Le Plateau : Femmes r\u00e9silientes\" width=\"800\" height=\"450\" src=\"https:\/\/www.youtube.com\/embed\/Tfahhs7jMfk?feature=oembed\" frameborder=\"0\" allow=\"accelerometer; autoplay; clipboard-write; encrypted-media; gyroscope; picture-in-picture\" allowfullscreen><\/iframe>\n<\/div><\/figure>\n\n\n\n<p>Parmi elle, Ghiwa Fares, du Liban. Cette toute jeune femme raconte comment la cr\u00e9ation de son entreprise lui a servi de \u00ab\u00a0th\u00e9rapie\u00a0\u00bb. Sur fond de crise \u00e9conomique libanaise, se lancer dans la fabrication de savons artisanaux et naturels ne fut pas simple, mais gr\u00e2ce au fonds \u00ab\u00a0Avec Elles\u00a0\u00bb et avec l&rsquo;aide d&rsquo;une ONG locale, la r\u00e9ussite \u00e9tait au bout. Aujourd&rsquo;hui, Ghiwa a le sourire, sa petite affaire marche bien, et elle compte m\u00eame exporter ses produits hors des fronti\u00e8res libanaises.&nbsp;<\/p>\n\n\n\n<blockquote class=\"wp-block-quote is-layout-flow wp-block-quote-is-layout-flow\">\n<p><a href=\"https:\/\/twitter.com\/hashtag\/SommetDjerba2022?src=hash&amp;ref_src=twsrc%5Etfw\">#SommetDjerba2022<\/a>&nbsp;\u00ab&nbsp;Cr\u00e9er mon entreprise a \u00e9t\u00e9 comme une th\u00e9rapie pour moi&nbsp;!\u00bb Ghiwa Fares, entrepreneure au Liban.&nbsp;<a href=\"https:\/\/twitter.com\/OIFrancophonie?ref_src=twsrc%5Etfw\">@OIFrancophonie<\/a>&nbsp;<a href=\"https:\/\/t.co\/3gYL8fjkgl\">pic.twitter.com\/3gYL8fjkgl<\/a>\u2014 TERRIENNES (@TERRIENNESTV5)&nbsp;<a href=\"https:\/\/twitter.com\/TERRIENNESTV5\/status\/1592460176686448641?ref_src=twsrc%5Etfw\">November 15, 2022<\/a><\/p>\n<\/blockquote>\n\n\n\n<p><strong>Femmes agricultrices de Madagascar<br><br>Parmi ces projets, celui mis en \u0153uvre par l\u2019ONG AMI MIARINTSOA vise \u00e0 renforcer l\u2019autonomisation \u00e9conomique et sociale de 225 femmes des 7 villages de la commune d\u2019Ambatomirahavavy. Pr\u00e8s de 60 hectares de terrain ont \u00e9t\u00e9 restaur\u00e9s et am\u00e9nag\u00e9s, dans une d\u00e9marche inclusive, afin de permettre aux femmes des villages d\u2019exercer une activit\u00e9 agricole durable. Ces derni\u00e8res sont form\u00e9es aux techniques agro-\u00e9cologiques, dot\u00e9es en \u00e9quipement, en outillages et en intrants. La construction de p\u00e9pini\u00e8res et de puits dans chaque village permet aux b\u00e9n\u00e9ficiaires de p\u00e9renniser ces activit\u00e9s g\u00e9n\u00e9ratrices de revenus.<\/strong><\/p>\n\n\n\n<p><img loading=\"lazy\" decoding=\"async\" src=\"https:\/\/information.tv5monde.com\/sites\/info.tv5monde.com\/files\/styles\/large_article\/public\/assets\/images\/violencesgenresoif.jpeg?itok=H9hz9Z9X\" width=\"670\" height=\"447\" alt=\"Des livrets d&amp;#039;information sur les violences de genre, mis au point par ECforme, une ONG malgache qui a pu b\u00e9n\u00e9ficier du programme de soutien de l&amp;#039;OIF &amp;quot;Avec Elles&amp;quot;.&nbsp;\"><\/p>\n\n\n\n<p>Des livrets d&rsquo;information sur les violences de genre, mis au point par ECforme, une ONG malgache qui a pu b\u00e9n\u00e9ficier du programme de soutien de l&rsquo;OIF \u00ab\u00a0Avec Elles\u00a0\u00bb.&nbsp;<\/p>\n\n\n\n<p>\u00a9OIF\/Ecforme<\/p>\n\n\n\n<p><strong>Autre projet retenu dans ce programme, celui de l\u2019ONG ECFORME (Etudes, Conseils, Formation, Entreprenariat), dans la Communaut\u00e9 urbaine d\u2019Antananarivo. Cette initiative vise, par le biais de formations, \u00e0 renforcer les comp\u00e9tences des femmes b\u00e9n\u00e9ficiaires afin de favoriser leur insertion sur le march\u00e9 du travail. En plus des formations techniques, ces derni\u00e8res sont sensibilis\u00e9es aux violences de genre, et accompagn\u00e9es pour briser le cercle de la pr\u00e9carit\u00e9 et devenir des femmes leaders au sein de leurs communaut\u00e9s.&nbsp;<\/strong><\/p>\n\n\n\n<h2 class=\"wp-block-heading\"><strong>Entretien avec Vanessa Lamothe<\/strong><\/h2>\n\n\n\n<p>Ambassadrice Conseill\u00e8re Strat\u00e9gie et Instances au sein de l&rsquo;Organisation internationale de la Francophonie (OIF), Vanessa Lamothe est experte sur les questions de genre. Nous l&rsquo;avons rencontr\u00e9e dans le cadre du XVIIIe sommet de l&rsquo;OIF<br>au village de la francophonie \u00e0 Djerba, en Tunisie.&nbsp;<br><br><strong>Terriennes : Des milliers de femmes ont pu b\u00e9n\u00e9ficier du&nbsp;programme \u00ab\u00a0Francophonie Avec Elles\u00a0\u00bb, quel est son objectif ?&nbsp;&nbsp;<br><br>Vanessa Lamothe&nbsp;<\/strong>: C&rsquo;est un fonds qui a \u00e9t\u00e9 cr\u00e9\u00e9 en 2020 dans le contexte de la Covid, qui avait pour vocation d&rsquo;aider les femmes en situation difficile et dont la pr\u00e9carit\u00e9 s&rsquo;est aggrav\u00e9e avec la pand\u00e9mie. Il permet aux femmes de se relever et de r\u00e9gler plusieurs situations : donner la possibilit\u00e9 de scolariser les enfants, s&rsquo;autonomiser&#8230; Finalement, il permet aussi aux femmes de p\u00e9renniser leur&nbsp;situation quand elles&nbsp; commencent \u00e0 entreprendre et qu&rsquo;elles ont besoin de visibilit\u00e9 pour&nbsp;travailler sur du long terme.&nbsp;<\/p>\n\n\n\n<p><em>C&rsquo;est vrai que 1000 euros peuvent faire la diff\u00e9rence pour ces femmes en situation difficile. Pour la secr\u00e9taire g\u00e9n\u00e9rale, il \u00e9tait important de pouvoir toucher ces femmes-l\u00e0. Et c&rsquo;est dans cette optique que ce fonds a \u00e9t\u00e9 cr\u00e9\u00e9.&nbsp;<\/em><br><strong>Vanessa Lamothe, ambassadrice strat\u00e9gie \u00e0 l&rsquo;OIF<\/strong><\/p>\n\n\n\n<p><strong>Concr\u00e8tement, \u00e7a se passe comment ?&nbsp;<\/strong><br><br>On est parti du constat que, souvent, pour aider les femmes en situation de vuln\u00e9rabilit\u00e9 dans l&rsquo;espace francophone, il ne fallait pas n\u00e9cessairement beaucoup d&rsquo;argent. Ce qui \u00e9tait important, c&rsquo;\u00e9tait l&rsquo;acc\u00e8s \u00e0 ces femmes, s&rsquo;assurer que celles qui vivent dans la plus grande pr\u00e9carit\u00e9 sont aussi celles auxquelles les grandes ONG n&rsquo;ont pas acc\u00e8s. C&rsquo;est tout l&rsquo;int\u00e9r\u00eat de travailler avec de petites ONG locales qui ont une connaissance de ces femmes. C&rsquo;est vrai que 1000 euros peuvent faire la diff\u00e9rence pour ces femmes en situation difficile. Pour la secr\u00e9taire g\u00e9n\u00e9rale, il \u00e9tait important de pouvoir toucher ces femmes-l\u00e0. Et c&rsquo;est dans cette optique que ce fonds a \u00e9t\u00e9 cr\u00e9\u00e9.&nbsp;<\/p>\n\n\n\n<blockquote class=\"wp-block-quote is-layout-flow wp-block-quote-is-layout-flow\">\n<p><a href=\"https:\/\/twitter.com\/hashtag\/SommetDjerba2022?src=hash&amp;ref_src=twsrc%5Etfw\">#SommetDjerba2022<\/a>&nbsp;\u00ab&nbsp;Les femmes 1\u00e8res victimes de la crise pand\u00e9mique devaient faire face \u00e0 une pr\u00e9carit\u00e9 plus accrue, c\u2019est ainsi que la secr\u00e9taire g\u00e9n\u00e9rale de&nbsp;<a href=\"https:\/\/twitter.com\/OIFrancophonie?ref_src=twsrc%5Etfw\">@OIFrancophonie<\/a>&nbsp;Louise Mushikiwabo a lanc\u00e9 le fonds Avec Elles dont les retours sont au del\u00e0 des esp\u00e9rances&nbsp;\u00bb&nbsp;<a href=\"https:\/\/t.co\/K9AKkCgxnn\">pic.twitter.com\/K9AKkCgxnn<\/a>\u2014 TERRIENNES (@TERRIENNESTV5)&nbsp;<a href=\"https:\/\/twitter.com\/TERRIENNESTV5\/status\/1592454815979696128?ref_src=twsrc%5Etfw\">November 15, 2022<\/a><\/p>\n<\/blockquote>\n\n\n\n<p><strong>Ce fonds a deux ans, quel bilan dressez-vous&nbsp;?<\/strong><br><br>Un bilan tr\u00e8s positif en r\u00e9alit\u00e9, c&rsquo;est au-del\u00e0 des esp\u00e9rances de la francophonie et de la secr\u00e9taire g\u00e9n\u00e9rale. On a touch\u00e9 plus de 34 000 femmes. C&rsquo;est \u00e0 la fois peu, parce que c&rsquo;est vrai qu&rsquo;il y a tellement de&nbsp;femmes \u00e0 aider qu&rsquo;on aimerait faire plus, mais les appels \u00e0 projets sont plus importants, et plus nombreux. Les demandes de subvention augmentent, et l&rsquo;on doit malheureusement faire des choix ; aujourd&rsquo;hui, on est sur cinq millions d&rsquo;euros pour les deux appels \u00e0 projets pr\u00e9c\u00e9dents. Cela t\u00e9moigne de la pertinence de ce fonds&nbsp;et de la n\u00e9cessit\u00e9 de le maintenir.<\/p>\n\n\n\n<p><em>Ce programme contribue aussi \u00e0 la mise en oeuvre de la strat\u00e9gie hommes-femmes de l&rsquo;OIF en permettant de travailler sur l&rsquo;autonomisation des femmes.<\/em><br><strong>Vanessa Lamothe<\/strong><\/p>\n\n\n\n<p><strong>Justement, pr\u00e9vu initialement pour quatre ans, va-t-il \u00eatre prolong\u00e9 ?<\/strong><br><br>Tout \u00e0 fait ! Ce fonds a \u00e9t\u00e9 cr\u00e9\u00e9 dans le contexte de la pand\u00e9mie, avec pour but d&rsquo;aider les femmes pendant cette p\u00e9riode. Mais les crises frappent les femmes de tous les c\u00f4t\u00e9s et on ne sait pas si d&rsquo;autres crises sanitaires ne vont pas<strong>&nbsp;<\/strong>pointer leur nez. De toute&nbsp;fa\u00e7on, on se rend compte que d&rsquo;autres crises affectent les femmes francophones ;&nbsp;la secr\u00e9taire g\u00e9n\u00e9rale a donc d\u00e9cid\u00e9 de p\u00e9renniser le fonds et d&rsquo;en faire un programme phare de l&rsquo;organisation. De plus, il&nbsp;contribue aussi \u00e0 la mise en oeuvre de la strat\u00e9gie hommes-femmes de l&rsquo;OIF en permettant de travailler sur l&rsquo;autonomisation des femmes. Nous venons justement de&nbsp;lancer le troisi\u00e8me appel \u00e0 projets. Ce qui est certain, c&rsquo;est que les femmes pourront b\u00e9n\u00e9ficier de ce programme encore plusieurs ann\u00e9es.&nbsp;<\/p>\n\n\n\n<p><strong>\u00c0 lire aussi dans Terriennes :&nbsp;<br>\u25ba<a href=\"https:\/\/information.tv5monde.com\/terriennes\/sommet-de-la-francophonie-rendre-visible-l-entrepreneuriat-au-feminin-478520\">Sommet de la francophonie : rendre visible l&rsquo;entrepreneuriat au f\u00e9minin<\/a><br>\u25ba<a href=\"https:\/\/information.tv5monde.com\/terriennes\/sommet-de-la-francophonie-erevan-louise-mushikiwabo-designee-secretaire-generale-de-l-oif\">Louise Mushikiwabo : les femmes au coeur de l&rsquo;action de l&rsquo;OIF<\/a><br>\u25ba<a href=\"https:\/\/information.tv5monde.com\/terriennes\/conference-internationale-de-la-francophonie-pour-l-education-des-filles-n-djamena-l\">Conf\u00e9rence internationale de la francophonie pour l&rsquo;\u00e9ducation des filles \u00e0 N&rsquo;Djamena : l&rsquo;\u00e9cole, un enjeu au pr\u00e9sent<\/a><br>\u25ba<a href=\"https:\/\/information.tv5monde.com\/terriennes\/sommet-de-l-oif-erevan-vers-une-francophonie-feministe-vraiment-265222\">Sommet de l&rsquo;OIF \u00e0 Erevan : vers une francophonie f\u00e9ministe, vraiment ?<\/a><br>\u25ba<a href=\"https:\/\/information.tv5monde.com\/terriennes\/la-francophonie-en-sommet-erevan-hasmik-tolmajian-et-anna-hakobyan-la-langue-francaise-au\">La Francophonie en sommet \u00e0 Erevan : Hasmik Tolmajian et Anna Hakobyan, la langue fran\u00e7aise au coeur<\/a><br>\u25ba<a href=\"https:\/\/information.tv5monde.com\/terriennes\/armenie-apres-la-revolution-douce-l-eveil-d-une-conscience-feministe-l-heure-du-sommet-de\">Arm\u00e9nie : apr\u00e8s la r\u00e9volution \u00ab\u00a0douce\u00a0\u00bb, l&rsquo;\u00e9veil d&rsquo;une conscience f\u00e9ministe \u00e0 l&rsquo;heure du sommet de la Francophonie<\/a><br>\u25ba<a href=\"https:\/\/information.tv5monde.com\/terriennes\/montreal-feminisme-et-francophonie-se-conjuguent-50446\">A Montr\u00e9al, f\u00e9minisme et francophonie se conjuguent<\/a><\/strong><\/p>\n\n\n\n<p><a href=\"https:\/\/information.tv5monde.com\/auteur\/terriennes\">Terriennes<\/a><\/p>\n\n\n\n<p><a href=\"https:\/\/information.tv5monde.com\/auteur\/isabelle-mourgere\">Isabelle Mourge<\/a><\/p>\n","protected":false},"excerpt":{"rendered":"<p>C&rsquo;est sur fond de crise de la Covid que le dispositif \u00ab\u00a0La Francophonie avec Elles\u00a0\u00bb est lanc\u00e9 en 2020, \u00e0<\/p>\n","protected":false},"author":1,"featured_media":3448,"comment_status":"open","ping_status":"open","sticky":false,"template":"","format":"standard","meta":{"footnotes":""},"categories":[26],"tags":[],"class_list":["post-3445","post","type-post","status-publish","format-standard","has-post-thumbnail","hentry","category-fait-divers"],"_links":{"self":[{"href":"https:\/\/dekkbi.com\/index.php?rest_route=\/wp\/v2\/posts\/3445","targetHints":{"allow":["GET"]}}],"collection":[{"href":"https:\/\/dekkbi.com\/index.php?rest_route=\/wp\/v2\/posts"}],"about":[{"href":"https:\/\/dekkbi.com\/index.php?rest_route=\/wp\/v2\/types\/post"}],"author":[{"embeddable":true,"href":"https:\/\/dekkbi.com\/index.php?rest_route=\/wp\/v2\/users\/1"}],"replies":[{"embeddable":true,"href":"https:\/\/dekkbi.com\/index.php?rest_route=%2Fwp%2Fv2%2Fcomments&post=3445"}],"version-history":[{"count":1,"href":"https:\/\/dekkbi.com\/index.php?rest_route=\/wp\/v2\/posts\/3445\/revisions"}],"predecessor-version":[{"id":3449,"href":"https:\/\/dekkbi.com\/index.php?rest_route=\/wp\/v2\/posts\/3445\/revisions\/3449"}],"wp:featuredmedia":[{"embeddable":true,"href":"https:\/\/dekkbi.com\/index.php?rest_route=\/wp\/v2\/media\/3448"}],"wp:attachment":[{"href":"https:\/\/dekkbi.com\/index.php?rest_route=%2Fwp%2Fv2%2Fmedia&parent=3445"}],"wp:term":[{"taxonomy":"category","embeddable":true,"href":"https:\/\/dekkbi.com\/index.php?rest_route=%2Fwp%2Fv2%2Fcategories&post=3445"},{"taxonomy":"post_tag","embeddable":true,"href":"https:\/\/dekkbi.com\/index.php?rest_route=%2Fwp%2Fv2%2Ftags&post=3445"}],"curies":[{"name":"wp","href":"https:\/\/api.w.org\/{rel}","templated":true}]}}