{"id":34447,"date":"2024-04-11T08:03:17","date_gmt":"2024-04-11T08:03:17","guid":{"rendered":"https:\/\/dekkbi.com\/?p=34447"},"modified":"2024-04-11T08:07:02","modified_gmt":"2024-04-11T08:07:02","slug":"le-chef-de-letat-invite-les-senegalais-a-consolider-le-vivre-ensemble","status":"publish","type":"post","link":"https:\/\/dekkbi.com\/?p=34447","title":{"rendered":"Le chef de l\u2019Etat invite les S\u00e9n\u00e9galais \u00e0 consolider le vivre ensemble"},"content":{"rendered":"\n<p>Dakar,  (APS) \u2013 Le pr\u00e9sident de la R\u00e9publique, Bassirou Diomaye Faye, a invit\u00e9, mercredi, les S\u00e9n\u00e9galais \u00e0 consolider la culture du vivre ensemble, gage \u201dd\u2019un S\u00e9n\u00e9gal de paix, d\u2019unit\u00e9 et de coh\u00e9sion\u201d.<\/p>\n\n\n\n<p>\u201dIl nous faut imp\u00e9rativement consolider notre pr\u00e9cieux vivre ensemble qui est la garantie d\u2019un S\u00e9n\u00e9gal de paix, d\u2019unit\u00e9 et de coh\u00e9sion\u201d, a-t-il d\u00e9clar\u00e9 apr\u00e8s avoir effectu\u00e9 la pri\u00e8re de l\u2019A\u00efd el Fitr, marquant la fin du Ramadan, \u00e0 la Grande mosqu\u00e9e de Dakar.<\/p>\n\n\n\n<figure class=\"wp-block-image size-full\"><img loading=\"lazy\" decoding=\"async\" width=\"497\" height=\"400\" src=\"https:\/\/dekkbi.com\/wp-content\/uploads\/2024\/04\/Screenshot_2024-04-10-20-22-59-4122.jpg\" alt=\"\" class=\"wp-image-34452\" srcset=\"https:\/\/dekkbi.com\/wp-content\/uploads\/2024\/04\/Screenshot_2024-04-10-20-22-59-4122.jpg 497w, https:\/\/dekkbi.com\/wp-content\/uploads\/2024\/04\/Screenshot_2024-04-10-20-22-59-4122-300x241.jpg 300w\" sizes=\"auto, (max-width: 497px) 100vw, 497px\" \/><\/figure>\n\n\n\n<p>Bassirou Diomaye Faye \u00e9tait accompagn\u00e9 de son Directeur de cabinet, Mary Teuw Niane, du Secr\u00e9taire g\u00e9n\u00e9ral de la pr\u00e9sidence, Oumar Samba Ba, du ministre des Forces arm\u00e9es, le g\u00e9n\u00e9ral Birame Diop, du maire de Dakar-Plateau, Alioune Ndoye, entre autres autorit\u00e9s.<\/p>\n\n\n\n<p>Selon lui, il s\u2019agit d\u2019un \u201dh\u00e9ritage sacr\u00e9 et pr\u00e9cieux et nous avons la responsabilit\u00e9 individuelle et collective de l\u2019entretenir\u201d.<\/p>\n","protected":false},"excerpt":{"rendered":"<p>Dakar, (APS) \u2013 Le pr\u00e9sident de la R\u00e9publique, Bassirou Diomaye Faye, a invit\u00e9, mercredi, les S\u00e9n\u00e9galais \u00e0 consolider la culture<\/p>\n","protected":false},"author":1,"featured_media":34450,"comment_status":"open","ping_status":"open","sticky":false,"template":"","format":"standard","meta":{"footnotes":""},"categories":[6],"tags":[],"class_list":["post-34447","post","type-post","status-publish","format-standard","has-post-thumbnail","hentry","category-politics"],"_links":{"self":[{"href":"https:\/\/dekkbi.com\/index.php?rest_route=\/wp\/v2\/posts\/34447","targetHints":{"allow":["GET"]}}],"collection":[{"href":"https:\/\/dekkbi.com\/index.php?rest_route=\/wp\/v2\/posts"}],"about":[{"href":"https:\/\/dekkbi.com\/index.php?rest_route=\/wp\/v2\/types\/post"}],"author":[{"embeddable":true,"href":"https:\/\/dekkbi.com\/index.php?rest_route=\/wp\/v2\/users\/1"}],"replies":[{"embeddable":true,"href":"https:\/\/dekkbi.com\/index.php?rest_route=%2Fwp%2Fv2%2Fcomments&post=34447"}],"version-history":[{"count":2,"href":"https:\/\/dekkbi.com\/index.php?rest_route=\/wp\/v2\/posts\/34447\/revisions"}],"predecessor-version":[{"id":34453,"href":"https:\/\/dekkbi.com\/index.php?rest_route=\/wp\/v2\/posts\/34447\/revisions\/34453"}],"wp:featuredmedia":[{"embeddable":true,"href":"https:\/\/dekkbi.com\/index.php?rest_route=\/wp\/v2\/media\/34450"}],"wp:attachment":[{"href":"https:\/\/dekkbi.com\/index.php?rest_route=%2Fwp%2Fv2%2Fmedia&parent=34447"}],"wp:term":[{"taxonomy":"category","embeddable":true,"href":"https:\/\/dekkbi.com\/index.php?rest_route=%2Fwp%2Fv2%2Fcategories&post=34447"},{"taxonomy":"post_tag","embeddable":true,"href":"https:\/\/dekkbi.com\/index.php?rest_route=%2Fwp%2Fv2%2Ftags&post=34447"}],"curies":[{"name":"wp","href":"https:\/\/api.w.org\/{rel}","templated":true}]}}