{"id":3442,"date":"2022-11-17T10:53:44","date_gmt":"2022-11-17T10:53:44","guid":{"rendered":"https:\/\/dekkbi.com\/?p=3442"},"modified":"2022-11-17T10:53:46","modified_gmt":"2022-11-17T10:53:46","slug":"mali-dans-un-pays-aux-70-langues-pourquoi-nen-navoir-quune-seule-officielle","status":"publish","type":"post","link":"https:\/\/dekkbi.com\/?p=3442","title":{"rendered":"Mali : dans un pays aux 70 langues, pourquoi n&rsquo;en n&rsquo;avoir qu&rsquo;une seule officielle ?"},"content":{"rendered":"\n<h2 class=\"wp-block-heading\">Quelques lignes dans un projet de Constitution ont relanc\u00e9 un vieux d\u00e9bat au Mali : le fran\u00e7ais doit-il rester la seule langue officielle du pays ?&nbsp;L&rsquo;opportunit\u00e9 d&rsquo;\u00e9tendre ce statut \u00e0 certains des nombreux idiomes davantage utilis\u00e9s au quotidien que celui de l&rsquo;ancien colonisateur resurgit cycliquement depuis que le Mali, vaste mosa\u00efque de groupes humains, a acc\u00e9d\u00e9 \u00e0 l&rsquo;ind\u00e9pendance en 1960.<\/h2>\n\n\n\n<p><a href=\"https:\/\/www.addthis.com\/bookmark.php?v=300\"><\/a><a href=\"https:\/\/www.addthis.com\/bookmark.php?v=300\"><\/a><a href=\"https:\/\/www.addthis.com\/bookmark.php?v=300\" rel=\"noreferrer noopener\" target=\"_blank\"><\/a><a href=\"https:\/\/www.addthis.com\/bookmark.php?v=300\" rel=\"noreferrer noopener\" target=\"_blank\"><\/a><\/p>\n\n\n\n<p>La question s&rsquo;est repos\u00e9e avec la pr\u00e9sentation en octobre d&rsquo;un texte qui pourrait devenir la nouvelle Constitution du pays.<\/p>\n\n\n\n<p><em>On a beaucoup de langues ici au Mali, ce serait bien de les ancrer dans notre culture officielle<\/em><\/p>\n\n\n\n<p><strong>Ali Guindo, habitant de Bamako<\/strong><\/p>\n\n\n\n<p>Les langues n&rsquo;occupent qu&rsquo;un des 195 articles de ce document pr\u00e9sent\u00e9 par la junte militaire au pouvoir comme une des r\u00e9formes cruciales pour sauver le pays confront\u00e9 \u00e0 la propagation jihadiste et \u00e0 une multitude de crises. Mais cet article a ranim\u00e9 une ancienne discussion sur les plateaux t\u00e9l\u00e9 et au&nbsp;<em>\u00ab\u00a0grin\u00a0\u00bb<\/em>, forum informel o\u00f9 les Maliens \u00e9changent sur tout autour d&rsquo;un th\u00e9.<\/p>\n\n\n\n<p><em>\u00ab\u00a0Est-ce normal que, 60 ans apr\u00e8s l&rsquo;ind\u00e9pendance, le fran\u00e7ais soit notre seule langue officielle ?\u00a0\u00bb<\/em>, demande un Bamakois, Ali Guindo, devant sa r\u00e9sidence du quartier Torokorobougou de Bamako.\u00a0<em>\u00ab\u00a0On a beaucoup de langues ici au Mali, ce serait bien de les ancrer dans notre culture officielle\u00a0\u00bb<\/em>.<\/p>\n\n\n\n<p>Plus de 70 langues sont parl\u00e9es au Mali, 13 ont \u00e9t\u00e9 reconnues langues nationales, et une seule, exog\u00e8ne, le fran\u00e7ais, est officielle, rappelle Amadou Salifou Guindo, sp\u00e9cialiste de sociolinguistique.<\/p>\n\n\n\n<p>Le fran\u00e7ais est utilis\u00e9 dans l&rsquo;administration, sur les panneaux de circulation, \u00e0 la t\u00e9l\u00e9vision d&rsquo;Etat, mais tr\u00e8s peu dans la rue \u00e0 Bamako, et encore moins en brousse.<\/p>\n\n\n\n<p><em>Les Maliens souhaitent que les langues maliennes occupent une plus grande place dans la sph\u00e8re publique<\/em><\/p>\n\n\n\n<p><strong>Guindo, sociolinguiste<\/strong><\/p>\n\n\n\n<p>Les langues vernaculaires, parl\u00e9es par des millions de personnes pour certaines, lient des communaut\u00e9s enracin\u00e9es dans leurs territoires: le sonrha\u00ef et le tamashek dans le nord, le fulfulde (peul) au centre, le bamanankan (bambara) dans le sud et \u00e0 Bamako, le senoufo et le sonink\u00e9 encore plus au sud&#8230;<\/p>\n\n\n\n<h2 class=\"wp-block-heading\">Question identitaire<\/h2>\n\n\n\n<p>Les r\u00e9dacteurs de l&rsquo;avant-projet constitutionnel proposent de rehausser leur rang. Comme dans la Constitution de 1992,&nbsp;<em>\u00ab\u00a0le fran\u00e7ais est la langue d\u2019expression officielle\u00a0\u00bb<\/em>, stipule l&rsquo;article 31. Mais les langues locales&nbsp;<em>\u00ab\u00a0ont vocation \u00e0 devenir des langues officielles\u00a0\u00bb<\/em>.<\/p>\n\n\n\n<p>Le d\u00e9bat raviv\u00e9&nbsp;<em>\u00ab\u00a0montre que les Maliens souhaitent que les langues maliennes occupent une plus grande place dans la sph\u00e8re publique\u00a0\u00bb<\/em>, assure le linguiste Guindo.<\/p>\n\n\n\n<p>Le fran\u00e7ais est un h\u00e9ritage colonial comme dans une grande partie de l&rsquo;Afrique de l&rsquo;Ouest, o\u00f9 des populations tr\u00e8s jeunes remettent en question la relation avec la France.<\/p>\n\n\n\n<p>Sur fond de ruptures abruptes avec l&rsquo;ancienne puissance dominante depuis l&rsquo;av\u00e8nement des militaires, un certain nombre de voix se sont empar\u00e9es de l&rsquo;article 31 pour r\u00e9clamer d&rsquo;en finir avec le fran\u00e7ais et faire par exemple du bamanankan, le plus usit\u00e9, la langue officielle.<\/p>\n\n\n\n<p>Mais plus que le souverainisme en vogue, le d\u00e9bat pince une corde identitaire sensible.<\/p>\n\n\n\n<p>Le Mali a d\u00e9j\u00e0 essay\u00e9 de faire des langues locales les principales langues d&rsquo;enseignement \u00e0 l&rsquo;\u00e9cole sous le r\u00e9gime autoritaire de Moussa Traor\u00e9 (1968-1991).<\/p>\n\n\n\n<p><em>Quand nos \u00e9tudiants sortiront, ils sauront \u00e9crire et lire les langues nationales, ils pourront \u00e0 leur tour travailler \u00e0 les perp\u00e9tuer<\/em><\/p>\n\n\n\n<p><strong>Mahamadou Kounta,&nbsp;directeur des \u00e9tudes \u00e0 la facult\u00e9 des langues de Bamako<\/strong><\/p>\n\n\n\n<p>Patatras : faute d&rsquo;investissements de l&rsquo;Etat, ces \u00e9coles exp\u00e9rimentales sont devenues des&nbsp;<em>\u00ab\u00a0\u00e9coles de seconde cat\u00e9gorie\u00a0\u00bb<\/em>&nbsp;aux yeux des parents et des enseignants, d\u00e9plore Isma\u00efla Samba Traor\u00e9, \u00e9crivain et \u00e9diteur. Il se demande comment on a pu&nbsp;<em>\u00ab\u00a0faire le choix aussi r\u00e9volutionnaire que de faire entrer les langues nationales \u00e0 l&rsquo;\u00e9cole et ne pas mettre les moyens qu&rsquo;il faut\u00a0\u00bb<\/em>.<\/p>\n\n\n\n<p>Les langues vernaculaires restent enseign\u00e9es, \u00e0 petite \u00e9chelle. A la facult\u00e9 des langues de Bamako, Mahamadou Kounta, directeur des \u00e9tudes, donne des cours de bamanankan \u00e0 une vingtaine d&rsquo;\u00e9tudiants.<\/p>\n\n\n\n<h2 class=\"wp-block-heading\">Sujet de crispation<\/h2>\n\n\n\n<p><em>\u00ab\u00a0Quand nos \u00e9tudiants sortiront, ils sauront \u00e9crire et lire les langues nationales, ils pourront \u00e0 leur tour travailler \u00e0 les perp\u00e9tuer\u00a0\u00bb<\/em>, assure-t-il.<\/p>\n\n\n\n<p>Dans son bureau des \u00e9ditions La Sah\u00e9lienne, Isma\u00efla Traor\u00e9 y croit lui aussi. Depuis 1992, il est un des seuls \u00e0 \u00e9diter des livres en langue locale.<\/p>\n\n\n\n<p>Nombre de livres en langue vernaculaire restent des ouvrages p\u00e9dagogiques command\u00e9s par des ONG internationales. La litt\u00e9rature malienne demeure \u00e9litiste.&nbsp;<\/p>\n\n\n\n<p>Et l&rsquo;\u00e9diteur admet qu&rsquo;il ne suffira pas d&rsquo;une nouvelle l\u00e9gislation pour changer les usages:&nbsp;<em>\u00ab\u00a0Certains processus ne se d\u00e9finissent pas \u00e0 coup d&rsquo;humeur, il faut laisser l&rsquo;incubation se faire\u00a0\u00bb<\/em>.<\/p>\n\n\n\n<p><em>Les Maliens ont peur qu&rsquo;une langue officielle soit impos\u00e9e au d\u00e9triment des autres<\/em><\/p>\n\n\n\n<p><strong>Guindo, sociolinguiste<\/strong><\/p>\n\n\n\n<p>Comme depuis que le d\u00e9bat a cours, les m\u00eames interrogations sont fourbies sur la praticabilit\u00e9 d&#8217;employer dans les administrations ou les tribunaux des langues plus orales qu&rsquo;\u00e9crites, ou sur la capacit\u00e9 de l&rsquo;Etat \u00e0 r\u00e9former un syst\u00e8me \u00e9ducatif d\u00e9labr\u00e9.<\/p>\n\n\n\n<p>Et la question des sensibilit\u00e9s communautaires demeure.&nbsp;<\/p>\n\n\n\n<p>Certes, les auteurs de l&rsquo;avant-projet constitutionnel ont adopt\u00e9 une&nbsp;<em>\u00ab\u00a0formulation dynamique\u00a0\u00bb&nbsp;<\/em>pour, souligne l&rsquo;un d&rsquo;eux sous couvert de l&rsquo;anonymat,&nbsp;<em>\u00ab\u00a0\u00e9viter toute forme de crispation\u00a0\u00bb<\/em>.<\/p>\n\n\n\n<p>Mais le sociolinguiste Guindo laisse entendre que tous ceux qui parlent le fulfulde par exemple ne sont pas forc\u00e9ment pr\u00eats \u00e0 voir officialiser le seul bamanankan de l&rsquo;\u00e9lite bamakoise.<\/p>\n\n\n\n<p>Le d\u00e9bat&nbsp;<em>\u00ab\u00a0montre que les Maliens ont peur qu&rsquo;une langue officielle soit impos\u00e9e au d\u00e9triment des autres\u00a0\u00bb<\/em>, met-il en garde.<\/p>\n\n\n\n<p>TV5MONDE<\/p>\n\n\n\n<p>avec AFP<\/p>\n\n\n\n<p>Mise \u00e0 jour 17.11.2022 \u00e0 10:3<\/p>\n","protected":false},"excerpt":{"rendered":"<p>Quelques lignes dans un projet de Constitution ont relanc\u00e9 un vieux d\u00e9bat au Mali : le fran\u00e7ais doit-il rester la<\/p>\n","protected":false},"author":1,"featured_media":3443,"comment_status":"open","ping_status":"open","sticky":false,"template":"","format":"standard","meta":{"footnotes":""},"categories":[21],"tags":[],"class_list":["post-3442","post","type-post","status-publish","format-standard","has-post-thumbnail","hentry","category-societe"],"_links":{"self":[{"href":"https:\/\/dekkbi.com\/index.php?rest_route=\/wp\/v2\/posts\/3442","targetHints":{"allow":["GET"]}}],"collection":[{"href":"https:\/\/dekkbi.com\/index.php?rest_route=\/wp\/v2\/posts"}],"about":[{"href":"https:\/\/dekkbi.com\/index.php?rest_route=\/wp\/v2\/types\/post"}],"author":[{"embeddable":true,"href":"https:\/\/dekkbi.com\/index.php?rest_route=\/wp\/v2\/users\/1"}],"replies":[{"embeddable":true,"href":"https:\/\/dekkbi.com\/index.php?rest_route=%2Fwp%2Fv2%2Fcomments&post=3442"}],"version-history":[{"count":1,"href":"https:\/\/dekkbi.com\/index.php?rest_route=\/wp\/v2\/posts\/3442\/revisions"}],"predecessor-version":[{"id":3444,"href":"https:\/\/dekkbi.com\/index.php?rest_route=\/wp\/v2\/posts\/3442\/revisions\/3444"}],"wp:featuredmedia":[{"embeddable":true,"href":"https:\/\/dekkbi.com\/index.php?rest_route=\/wp\/v2\/media\/3443"}],"wp:attachment":[{"href":"https:\/\/dekkbi.com\/index.php?rest_route=%2Fwp%2Fv2%2Fmedia&parent=3442"}],"wp:term":[{"taxonomy":"category","embeddable":true,"href":"https:\/\/dekkbi.com\/index.php?rest_route=%2Fwp%2Fv2%2Fcategories&post=3442"},{"taxonomy":"post_tag","embeddable":true,"href":"https:\/\/dekkbi.com\/index.php?rest_route=%2Fwp%2Fv2%2Ftags&post=3442"}],"curies":[{"name":"wp","href":"https:\/\/api.w.org\/{rel}","templated":true}]}}