{"id":34391,"date":"2024-04-09T13:58:10","date_gmt":"2024-04-09T13:58:10","guid":{"rendered":"https:\/\/dekkbi.com\/?p=34391"},"modified":"2024-04-09T14:02:02","modified_gmt":"2024-04-09T14:02:02","slug":"problematique-du-croissant-lunaire-mettre-la-science-au-service-de-la-charia","status":"publish","type":"post","link":"https:\/\/dekkbi.com\/?p=34391","title":{"rendered":"Croissant lunaire: mettre la science au service de la charia"},"content":{"rendered":"\n<p>La communaut\u00e9 mondiale islamique, commun\u00e9ment appel\u00e9e Ummah islamique, a grandement besoin de se parler pour \u00e9changer et arrondir les angles sur la lancinante probl\u00e9matique du croissant lunaire.<\/p>\n\n\n\n<p>Les ann\u00e9es se succ\u00e8dent et se ressemblent \u00e0 chaque fois que se pointent les deux c\u00e9l\u00e8bres et saints mois du Ramadan et du Hadj appel\u00e9 p\u00e8lerinage \u00e0 la Mecque qui marquent le d\u00e9but ou la fin du jeun ainsi que la c\u00e9l\u00e9bration de la f\u00eate de l\u2019Aid El kabir ou Tabaski.<\/p>\n\n\n\n<p>C\u2019est l\u2019occasion de la manifestation des plus grandes divergences de point de vue selon les pays pour fixer la date officielle de ces \u00e9v\u00e8nements consacr\u00e9s pour le musulman.<\/p>\n\n\n\n<p><strong>Faut-il perp\u00e9tuer ces dilemmes, ou, est-il temps de trouver une solution&nbsp;?<\/strong><\/p>\n\n\n\n<p>Cette question me taraude depuis plus de quarante ans. O\u00f9 a-t-on vu le croissant lunaire, dans quel pays, dans quelle ville, par qui, les auteurs sont-ils cr\u00e9dibles, autant de questions sans r\u00e9ponses plausibles. &nbsp;En 1982, jeune \u00e9tudiant, je pris la ferme r\u00e9solution de me fier aux annonces officielles de la Radio nationale pour \u00e9viter les nombreux sons de cloches qui nous parvenaient de partout et de nulle part. Je restais convaincu que la commission nationale avait le m\u00e9rite de centraliser les appels, de les trier et de les v\u00e9rifier avant de les diffuser \u00e0 travers la radio. &nbsp;<\/p>\n\n\n\n<p>En 1991, plus de dix ans apr\u00e8s cette premi\u00e8re d\u00e9cision, je me retrouve intern\u00e9 \u00e0 l\u2019h\u00f4pital Principal de Dakar. La chambre d\u2019\u00e0 c\u00f4t\u00e9, \u00e9tait celle d\u2019un grand imam de la place, qui venait de subir une op\u00e9ration des yeux. Quelle ne fut ma surprise quand un jour ou deux apr\u00e8s ma sortie, la Radio Nationale annon\u00e7ait la fin du ramadan en citant pour preuve le nom de cet imam qui aurait aper\u00e7u le croissant lunaire au large de Yoff avec un groupe de d\u2019hommes. C\u2019\u00e9tait suffisant pour que le S\u00e9n\u00e9gal presque \u00e0 l\u2019unanimit\u00e9 coupa le jeun et c\u00e9l\u00e9bra la f\u00eate qui marqua la fausse fin du mois de Ramadan de cette ann\u00e9e. Une semaine apr\u00e8s, la famille de l\u2019imam annon\u00e7ait par la voie de la m\u00eame Radio Nationale, un communiqu\u00e9 pour d\u00e9mentir les all\u00e9gations attribu\u00e9es \u00e0 leur p\u00e8re et imam. C\u2019\u00e9tait suffisant pour que d\u00e9sormais, les annonces spectaculaires \u00e0 la radio qu\u2019un tel ou deux individus ou encore plus dans un coin de la terre auraient aper\u00e7u le croissant me laissaient au p\u00f4le nord.<\/p>\n\n\n\n<p>Je me limite \u00e0 cette anecdote v\u00e9cue personnellement &nbsp;alors que j\u2019en connais d\u2019autres qui d\u00e9montrent la l\u00e9g\u00e8ret\u00e9 qui sous-tend tr\u00e8s souvent nos prises &nbsp;de d\u00e9cision qui rythment la c\u00e9l\u00e9bration de nos f\u00eates religieuses au S\u00e9n\u00e9gal. C\u2019est ce genre de d\u00e9convenue &nbsp;qui avait pouss\u00e9 avant mon exp\u00e9rience, le guide religieux Serigne Abdoul Ahat Mback\u00e9 \u00e0 d\u00e9clarer symboliquement qu\u2019il avait d\u00e9sormais destitu\u00e9 l\u2019oreille pour \u00e9lire l\u2019\u0153il. \u00ab&nbsp;Folli na noop fall beut&nbsp;\u00bb.<\/p>\n\n\n\n<p><strong>Quand la lune se couche avant le soleil, il devient absurde de d\u00e9clarer la voir apr\u00e8s le coucher du soleil<\/strong><\/p>\n\n\n\n<p>Combien de fois il a \u00e9t\u00e9 \u00e9tabli scientifiquement que la lune se couche tant de minutes avant le soleil et que des hommes et des femmes soutiennent avoir vu l\u2019impossible croissant lunaire entra\u00eenant b\u00e9atement dans l\u2019erreur toute une communaut\u00e9 musulmane de bonne foi. On peut citer \u00e0 &nbsp;l\u2019origine de ces faits, des irr\u00e9ductibles, des malintentionn\u00e9s ou simplement des personnes dignes et cr\u00e9dibles mais ignorant l\u2019existence ou la v\u00e9racit\u00e9 de ces lois de la nature par la gr\u00e2ce d\u2019Allah le cr\u00e9ateur des Cieux et de la Terre.<\/p>\n\n\n\n<p>En 2012, la presque totalit\u00e9 des pays musulmans du monde y compris l\u2019Arabie Saoudite, avaient c\u00e9l\u00e9br\u00e9 la fin du Ramadan les 19 et 20 ao\u00fbt sauf le Mali et le Niger dont les commissions avaient d\u00e9clar\u00e9 que lune a \u00e9t\u00e9 aper\u00e7ue le 17 ao\u00fbt au moment o\u00f9 les donn\u00e9es astronomiques confirmaient que ce jour-l\u00e0, la lune s\u2019\u00e9tait couch\u00e9e 12 minutes avant le soleil. Malgr\u00e9 cela, une partie des musulmans du S\u00e9n\u00e9gal avait &nbsp;coup\u00e9 le jeun le 18 ao\u00fbt parce que la lune aurait \u00e9t\u00e9 aper\u00e7ue au Mali.<\/p>\n\n\n\n<p>Cette ann\u00e9e encore en 2024 (1445 de l\u2019h\u00e9gire), l\u2019Association S\u00e9n\u00e9galaise pour la Promotion de l\u2019Astronomie (ASPA) a fait un communiqu\u00e9 pour rappeler que ce lundi 08 avril 2024, la lune se couchera \u00e0 19 h 21 mn GMT alors que le soleil se couchera \u00e0 19 H 23 mn GMT.&nbsp; Par cons\u00e9quent, la lune se couchera avant le soleil.&nbsp;<strong>Le croissant lunaire ne sera observable nulle<\/strong>&nbsp;<strong>part<\/strong>&nbsp;<strong>sur la terre<\/strong>&nbsp;selon toujours le communiqu\u00e9 de l\u2019ASPA.<\/p>\n\n\n\n<p>Malgr\u00e9 ces informations de haute port\u00e9e, des compatriotes ne manqueront pas d\u2019audace pour nous dire comme \u00e0 l\u2019accoutum\u00e9e, au nom de telle ou telle autre association musulmane de la place et sans preuve tangible, que la lune a \u00e9t\u00e9 aper\u00e7ue \u00e0 Yeumbeul, Malika, ou encore au Mali et en Arabie Saoudite.<\/p>\n\n\n\n<p>Il est difficilement compr\u00e9hensible qu\u2019au 21<sup>\u00e8me<\/sup>&nbsp;si\u00e8cle, \u00e0 l\u2019\u00e8re du num\u00e9rique et de toutes ces avanc\u00e9es technologiques, des musulmans acceptent de d\u00e9terminer les horaires de pri\u00e8re conform\u00e9ment \u00e0 la science et refusent les donn\u00e9es astronomiques qui concourent simplement \u00e0 orienter et \u00e0 cr\u00e9dibiliser la d\u00e9termination des d\u00e9buts et fins des mois sacr\u00e9s. Scruter le croissant lunaire demeura une r\u00e8gle intangible pour la d\u00e9termination des d\u00e9buts et fins des mois lunaires mais l\u2019astronomie permettra de mieux l\u2019encadrer pour \u00e9viter les fausses annonces et les erreurs non intentionnelles. &nbsp;<\/p>\n\n\n\n<p><strong>&nbsp;APPEL AU PR\u00c9SIDENT DIOMAYE ET AU PRINCE MOHAMMAD BEN SALMAN<\/strong><\/p>\n\n\n\n<p>C\u2019est l\u2019occasion pour nous, au moment o\u00f9 nous nous trouvons dans les lieux Saints de la Mecque et de M\u00e9dinatoul Mounawara, de faire appel \u00e0 nos vaillants jeunes dirigeants qui par la volont\u00e9 d\u2019Allah pr\u00e9sident au destin\u00e9s de millions de musulmans s\u00e9n\u00e9galais, &nbsp;saoudiens et par extension de toutes la Ummah vue la place et le r\u00f4le \u00e9minent qu\u2019occupent l\u2019Arabie saoudite, pour faciliter une grande rencontre sur la probl\u00e9matique du croissant lunaire. Le but ne serait pas de forcer l\u2019unanimit\u00e9 ou l\u2019unicit\u00e9 des dates, mais plut\u00f4t de r\u00e9duire les divergences, d\u2019approfondir les connaissances des uns sur les fondements de la charia qui r\u00e9gissent ce domaine et des autres sur l\u2019apport scientifique de l\u2019astronomie afin de contribuer \u00e0 une meilleure compr\u00e9hension et une meilleure pratique.<\/p>\n\n\n\n<p>Le th\u00e8me de ce grand \u00e9v\u00e9nement pourrait \u00eatre&nbsp;:&nbsp;\u00ab&nbsp;CROISSANT LUNAIRE&nbsp;: METTRE LA SCIENCE ET LA TECHNOLOGIE AU SERVICE DE LA CHARIA&nbsp;\u00bb. Le S\u00e9n\u00e9gal et l\u2019Arabie Saoudite auraient l\u2019honneur &nbsp;d\u2019organiser conjointement cette rencontre qui r\u00e9unirait les grands astronomes du monde et les \u00e9rudits de l\u2019islam \u00e0 Dakar ou \u00e0 Jeddah.<\/p>\n\n\n\n<p><em><strong>Cheikh Bamba Dioum<\/strong><\/em><\/p>\n\n\n\n<p><em><strong>Pr\u00e9sident du Gie Yoonu MAKKA<\/strong><\/em><\/p>\n\n\n\n<p>Section:&nbsp;<\/p>\n\n\n\n<p><a href=\"https:\/\/www.enqueteplus.com\/sections\/libreparole\">libreparole<\/a><\/p>\n","protected":false},"excerpt":{"rendered":"<p>La communaut\u00e9 mondiale islamique, commun\u00e9ment appel\u00e9e Ummah islamique, a grandement besoin de se parler pour \u00e9changer et arrondir les angles<\/p>\n","protected":false},"author":1,"featured_media":34246,"comment_status":"open","ping_status":"open","sticky":false,"template":"","format":"standard","meta":{"footnotes":""},"categories":[21],"tags":[],"class_list":["post-34391","post","type-post","status-publish","format-standard","has-post-thumbnail","hentry","category-societe"],"_links":{"self":[{"href":"https:\/\/dekkbi.com\/index.php?rest_route=\/wp\/v2\/posts\/34391","targetHints":{"allow":["GET"]}}],"collection":[{"href":"https:\/\/dekkbi.com\/index.php?rest_route=\/wp\/v2\/posts"}],"about":[{"href":"https:\/\/dekkbi.com\/index.php?rest_route=\/wp\/v2\/types\/post"}],"author":[{"embeddable":true,"href":"https:\/\/dekkbi.com\/index.php?rest_route=\/wp\/v2\/users\/1"}],"replies":[{"embeddable":true,"href":"https:\/\/dekkbi.com\/index.php?rest_route=%2Fwp%2Fv2%2Fcomments&post=34391"}],"version-history":[{"count":4,"href":"https:\/\/dekkbi.com\/index.php?rest_route=\/wp\/v2\/posts\/34391\/revisions"}],"predecessor-version":[{"id":34397,"href":"https:\/\/dekkbi.com\/index.php?rest_route=\/wp\/v2\/posts\/34391\/revisions\/34397"}],"wp:featuredmedia":[{"embeddable":true,"href":"https:\/\/dekkbi.com\/index.php?rest_route=\/wp\/v2\/media\/34246"}],"wp:attachment":[{"href":"https:\/\/dekkbi.com\/index.php?rest_route=%2Fwp%2Fv2%2Fmedia&parent=34391"}],"wp:term":[{"taxonomy":"category","embeddable":true,"href":"https:\/\/dekkbi.com\/index.php?rest_route=%2Fwp%2Fv2%2Fcategories&post=34391"},{"taxonomy":"post_tag","embeddable":true,"href":"https:\/\/dekkbi.com\/index.php?rest_route=%2Fwp%2Fv2%2Ftags&post=34391"}],"curies":[{"name":"wp","href":"https:\/\/api.w.org\/{rel}","templated":true}]}}