{"id":34360,"date":"2024-04-09T13:29:52","date_gmt":"2024-04-09T13:29:52","guid":{"rendered":"https:\/\/dekkbi.com\/?p=34360"},"modified":"2024-04-09T13:29:53","modified_gmt":"2024-04-09T13:29:53","slug":"jean-baptiste-tine-veut-inscrire-son-action-dans-une-dynamique-de-proximite-et-dinclusion","status":"publish","type":"post","link":"https:\/\/dekkbi.com\/?p=34360","title":{"rendered":"Jean-Baptiste Tine veut inscrire son action dans une dynamique de proximit\u00e9 et d\u2019inclusion"},"content":{"rendered":"\n<p>Dakar, 9 avr (APS) \u2013 Le nouveau ministre de l\u2019Int\u00e9rieur et de la S\u00e9curit\u00e9 publique, le g\u00e9n\u00e9ral Jean Baptiste Tine a promis d\u2019inscrire son action dans une dynamique de proximit\u00e9 et d\u2019inclusion en tenant compte du respect de la dignit\u00e9 humaine.<\/p>\n\n\n\n<p>\u201dDe plus en plus, la s\u00e9curit\u00e9 d\u2019Etat entre en conflit avec la s\u00e9curit\u00e9 humaine (\u2026) Il s\u2019agit sans exclusive, de concilier les deux en nous centrant sur nos concitoyens par la proximit\u00e9 mais surtout par l\u2019inclusivit\u00e9; discuter avec nos concitoyens, humaniser notre action, respecter les droits de l\u2019homme et tenir en compte la dignit\u00e9 humaine\u201d,\u00a0 a t-il d\u00e9clar\u00e9.<\/p>\n\n\n\n<figure class=\"wp-block-embed is-type-video is-provider-youtube wp-block-embed-youtube wp-embed-aspect-16-9 wp-has-aspect-ratio\"><div class=\"wp-block-embed__wrapper\">\n<iframe loading=\"lazy\" title=\"La dignit\u00e9 humaine, le respect des droits de l&#039;homme... : Le nouveau ministre de l&#039;int\u00e9rieur liste\" width=\"800\" height=\"450\" src=\"https:\/\/www.youtube.com\/embed\/DF4z4G6Skqo?feature=oembed\" frameborder=\"0\" allow=\"accelerometer; autoplay; clipboard-write; encrypted-media; gyroscope; picture-in-picture; web-share\" referrerpolicy=\"strict-origin-when-cross-origin\" allowfullscreen><\/iframe>\n<\/div><\/figure>\n\n\n\n<p>Le g\u00e9n\u00e9ral Jean Baptiste Tine s\u2019exprimait, lundi, \u00e0 l\u2019occasion de la traditionnelle c\u00e9r\u00e9monie de passation de service avec son pr\u00e9d\u00e9cesseur Mouhamadou Makhtar Ciss\u00e9.<\/p>\n\n\n\n<p>Selon lui, \u201dle chef de l\u2019Etat attache du prix \u00e0 la protection des personnes et des biens certes, mais \u00e9galement \u00e0 la tranquillit\u00e9 et \u00e0 l\u2019ordre public au profit de nos concitoyens\u201d.<\/p>\n\n\n\n<p>L\u2019ancien Haut commandant de la gendarmerie nationale entend mener de larges concertations avec tous les cadres de son d\u00e9partement, soulignant que l\u2019un des objectifs du r\u00e9gime c\u2019est \u201dla recherche de l\u2019efficacit\u00e9 \u00e9conomique et de progr\u00e8s social qui sont vis\u00e9es prioritairement par l\u2019autorit\u00e9 publique\u201d.&nbsp;<\/p>\n\n\n\n<p>Le g\u00e9n\u00e9ral Jean Baptiste Tine fait partie de ces hommes qui ont le sens du devoir, a&nbsp; salu\u00e9 son pr\u00e9d\u00e9cesseur. \u201dPour avoir connu le g\u00e9n\u00e9ral Tine et pour l\u2019avoir c\u00f4toy\u00e9, je sais que le choix port\u00e9 sur ses \u00e9toiles ne rel\u00e8ve point du hasard\u201d, a d\u00e9clar\u00e9 M. Ciss\u00e9.<\/p>\n\n\n\n<p>PS\/FKS\/OID<\/p>\n\n\n\n<ul class=\"wp-block-list\">\n<li><a href=\"http:\/\/www.facebook.com\/sharer.php?u=https:\/\/aps.sn\/jean-baptiste-tine-veut-inscrire-son-action-dans-une-dynamique-de-proximite-et-dinclusion\/\"><\/a><\/li>\n<\/ul>\n","protected":false},"excerpt":{"rendered":"<p>Dakar, 9 avr (APS) \u2013 Le nouveau ministre de l\u2019Int\u00e9rieur et de la S\u00e9curit\u00e9 publique, le g\u00e9n\u00e9ral Jean Baptiste Tine<\/p>\n","protected":false},"author":1,"featured_media":34363,"comment_status":"open","ping_status":"open","sticky":false,"template":"","format":"standard","meta":{"footnotes":""},"categories":[6],"tags":[],"class_list":["post-34360","post","type-post","status-publish","format-standard","has-post-thumbnail","hentry","category-politics"],"_links":{"self":[{"href":"https:\/\/dekkbi.com\/index.php?rest_route=\/wp\/v2\/posts\/34360","targetHints":{"allow":["GET"]}}],"collection":[{"href":"https:\/\/dekkbi.com\/index.php?rest_route=\/wp\/v2\/posts"}],"about":[{"href":"https:\/\/dekkbi.com\/index.php?rest_route=\/wp\/v2\/types\/post"}],"author":[{"embeddable":true,"href":"https:\/\/dekkbi.com\/index.php?rest_route=\/wp\/v2\/users\/1"}],"replies":[{"embeddable":true,"href":"https:\/\/dekkbi.com\/index.php?rest_route=%2Fwp%2Fv2%2Fcomments&post=34360"}],"version-history":[{"count":1,"href":"https:\/\/dekkbi.com\/index.php?rest_route=\/wp\/v2\/posts\/34360\/revisions"}],"predecessor-version":[{"id":34364,"href":"https:\/\/dekkbi.com\/index.php?rest_route=\/wp\/v2\/posts\/34360\/revisions\/34364"}],"wp:featuredmedia":[{"embeddable":true,"href":"https:\/\/dekkbi.com\/index.php?rest_route=\/wp\/v2\/media\/34363"}],"wp:attachment":[{"href":"https:\/\/dekkbi.com\/index.php?rest_route=%2Fwp%2Fv2%2Fmedia&parent=34360"}],"wp:term":[{"taxonomy":"category","embeddable":true,"href":"https:\/\/dekkbi.com\/index.php?rest_route=%2Fwp%2Fv2%2Fcategories&post=34360"},{"taxonomy":"post_tag","embeddable":true,"href":"https:\/\/dekkbi.com\/index.php?rest_route=%2Fwp%2Fv2%2Ftags&post=34360"}],"curies":[{"name":"wp","href":"https:\/\/api.w.org\/{rel}","templated":true}]}}