{"id":34326,"date":"2024-04-08T15:23:38","date_gmt":"2024-04-08T15:23:38","guid":{"rendered":"https:\/\/dekkbi.com\/?p=34326"},"modified":"2024-04-08T15:23:39","modified_gmt":"2024-04-08T15:23:39","slug":"pour-la-korite-les-hommes-plebiscitent-le-style-tradi-moderne","status":"publish","type":"post","link":"https:\/\/dekkbi.com\/?p=34326","title":{"rendered":"Pour la Korit\u00e9, les hommes pl\u00e9biscitent le style tradi-moderne"},"content":{"rendered":"\n<p>Dakar, (APS) \u2013 Le ramadan tirant \u00e0 sa fin, la question de la tenue id\u00e9ale pour la c\u00e9l\u00e9bration de l\u2019A\u00efd-El-Fitr ou Korit\u00e9, f\u00eate marquant la fin de ce mois de je\u00fbne, fait partie int\u00e9grante des pr\u00e9paratifs.<\/p>\n\n\n\n<p>Les femmes sont peut-\u00eatre les plus enthousiastes, mais les hommes ne sont pas non plus en reste, et pour eux, la mode est \u00e0 la tendance \u201dtradi-moderne\u201d, n\u00e9ologisme d\u00e9signant un style alliant couture traditionnelle et moderne.<\/p>\n\n\n\n<p>Comme pour ravir la vedette aux femmes, g\u00e9n\u00e9ralement connues pour leur go\u00fbt prononc\u00e9 du faste, les hommes se ruent en masse chez les couturiers avec une grande pr\u00e9f\u00e9rence pour les tenues tradi-modernes.<\/p>\n\n\n\n<p>Pour Cheikh Di\u00e8ye, un jeune horticulteur originaire de la Petite-C\u00f4te, arborer ce style vestimentaire suscite une \u201csensation d\u2019enracinement\u201d.<\/p>\n\n\n\n<p>\u201dJe me sens comme un porte-\u00e9tendard de ma riche culture quand je m\u2019habille en tenue africaine ou en tradi-moderne. La petite touche de modernit\u00e9 rend ce type d\u2019habillement commode pour tout type de c\u00e9r\u00e9monie, notamment lors de la f\u00eate de Korit\u00e9\u201d, explique-t-il fi\u00e8rement.<\/p>\n\n\n\n<figure class=\"wp-block-image size-full\"><img loading=\"lazy\" decoding=\"async\" width=\"705\" height=\"390\" src=\"https:\/\/dekkbi.com\/wp-content\/uploads\/2024\/04\/tradi-moderne.jpg\" alt=\"\" class=\"wp-image-34327\" srcset=\"https:\/\/dekkbi.com\/wp-content\/uploads\/2024\/04\/tradi-moderne.jpg 705w, https:\/\/dekkbi.com\/wp-content\/uploads\/2024\/04\/tradi-moderne-300x166.jpg 300w\" sizes=\"auto, (max-width: 705px) 100vw, 705px\" \/><\/figure>\n\n\n\n<p><strong>Le pr\u00e9sident Diomaye Faye fait des \u00e9mules<\/strong><\/p>\n\n\n\n<p>M. Di\u00e8ye partage ce sentiment avec Aldiouma Faye. De plus, selon ce dernier, \u201chormis le mariage r\u00e9ussi du traditionnel et du moderne, ces tenues conf\u00e8rent du confort ainsi qu\u2019une certaine allure \u00e0 ceux qui les portent\u201d.<\/p>\n\n\n\n<p>Ce style vestimentaire, dans sa variante la plus pris\u00e9e, comprend une saharienne qui arrive en dessous des genoux, confectionn\u00e9e avec des \u00e9paulettes comme pour l\u2019abacost, en plus d\u2019un pantalon.<\/p>\n\n\n\n<p>Si certains voient \u00e0 travers le port de ces tenues tr\u00e8s pris\u00e9es des jeunes gens et des hommes d\u2019\u00e2ge m\u00fbr, une forme d\u2019expression culturelle et identitaire, d\u2019autres justifient leur choix par la tendance, ou encore par la volont\u00e9 de s\u2019identifier \u00e0 des personnalit\u00e9s connues.<\/p>\n\n\n\n<p>\u201dCette ann\u00e9e, j\u2019ai d\u00e9cid\u00e9 de m\u2019offrir le m\u00eame costume africain que celui port\u00e9 par le pr\u00e9sident Diomaye Faye lors de sa premi\u00e8re visite au palais. Il \u00e9tait tr\u00e8s \u00e9l\u00e9gant dans cet accoutrement qui promeut en m\u00eame temps nos vaillants couturiers locaux\u201d, confie Bara K\u00e2ne.<\/p>\n\n\n\n<p><strong>Filon porteur pour jeunes entrepreneurs<\/strong><\/p>\n\n\n\n<p>L\u2019attrait des S\u00e9n\u00e9galais pour ce style vestimentaire a donn\u00e9 des id\u00e9es \u00e0 de jeunes entrepreneurs, qui ont flair\u00e9 le bon filon.<\/p>\n\n\n\n<p>Mouhamadou Moustapha Gu\u00e8ye est l\u2019un deux. Selon lui, les nombreuses r\u00e9actions positives qu\u2019il re\u00e7oit lorsqu\u2019il porte ce style de v\u00eatement, l\u2019ont convaincu \u00e0 en faire une marque propre, \u201cAfrican Dressing\u201d.<\/p>\n\n\n\n<p>\u201dJ\u2019aime m\u2019habiller africain surtout avec les tissus wax et le fil \u00e0 fil. Et les gens me demandaient tr\u00e8s souvent o\u00f9 est-ce qu\u2019ils pouvaient se procurer les tenues que je portais. \u00a0C\u2019est de l\u00e0 que m\u2019est venue l\u2019id\u00e9e de cr\u00e9er une marque de costume africain moderne\u201d, explique Gu\u00e8ye, qui dit s\u2019inspirer de la mode africaine.<\/p>\n\n\n\n<p>Ses cr\u00e9ations sont rang\u00e9es en trois cat\u00e9gories phares : les costumes simples, les tenues avec panache et celles avec broderie qui, tous, peuvent apparaitre sous forme de deux ou trois pi\u00e8ces assorties d\u2019un gilet ou d\u2019un manteau.<\/p>\n\n\n\n<p>Idem pour Serigne Khadim Diop, propri\u00e9taire d\u2019une marque \u00e9ponyme suivi du slogan \u201dSolou Class\u2019chic\u201d, qui se d\u00e9finit comme un&nbsp; \u201damoureux de la sape\u201d.<\/p>\n\n\n\n<p>Les affaires marchent bien pour eux, comme pour Ben Abdel Aziz, le fondateur de \u201cSenegalese Style\u201d. Ils disent qu\u2019ils sont submerg\u00e9s par des commandes, notamment en cette p\u00e9riode de Korit\u00e9, les contraignant \u00e0 des nuits blanches pour la satisfaction des clients.<\/p>\n\n\n\n<p><strong>Les vendeurs de tissus y trouvent leur compte<\/strong><\/p>\n\n\n\n<p>Ce type d\u2019habit est confectionn\u00e9 avec des tissus plus sobres que le basin, faisant l\u2019affaire des marchands de textile.<\/p>\n\n\n\n<p>\u201dPour des costumes tradi-modernes, le fil-\u00e0-fil-anglais et le super-cent sont en haut des ventes\u201d, souligne Serigne Mbaye, g\u00e9rant d\u2019une boutique de tissus sur les deux voies de Keur Massar sud.<\/p>\n\n\n\n<p>\u201d\u00c0 peine livr\u00e9s, les tissus s\u2019\u00e9coulent comme de petits pains. Nous faisons de gros chiffres qu\u2019il m\u2019est impossible d\u2019estimer en cette derni\u00e8re semaine du mois de ramadan. La confection de tenues africaines modernes fait que les tissus pour homme se vendent \u00e0 un rythme sans pr\u00e9c\u00e9dent\u201d, s\u2019enthousiasme un autre commer\u00e7ant qui pr\u00e9f\u00e8re garder l\u2019anonymat.<\/p>\n\n\n\n<p><strong>La gent f\u00e9minine ne sen laisse pas conter<\/strong><\/p>\n\n\n\n<p>Si le tradi-moderne l\u2019emporte chez les hommes, les femmes, pour la plupart, restent plus fid\u00e8les au style tape-\u00e0-l\u2019\u0153il.<\/p>\n\n\n\n<p>Amsatou doit passer la f\u00eate de Korit\u00e9 chez ses beaux-parents \u00e0 Louga, r\u00e9gion du nord-ouest du S\u00e9n\u00e9gal. La dame au teint clair, de stature moyenne dans une robe en cr\u00eape noire, a pass\u00e9 six heures dans le march\u00e9 avant de pouvoir faire son choix.<\/p>\n\n\n\n<p>\u201dIl me faut mettre les bouch\u00e9es doubles cette ann\u00e9e. C\u2019est la premi\u00e8re fois que je dois aller l\u00e0-bas pour une f\u00eate apr\u00e8s deux ans de mariage. Les \u00e9pouses de mes beaux-fr\u00e8res y seront, donc je dois paraitre \u00e9clatante\u201d, lance-t-elle avec le sourire.<\/p>\n\n\n\n<p>Au march\u00e9 zinc de Pikine, dans la banlieue dakaroise, l\u2019ambiance des veilles de f\u00eate est au rendez-vous.<\/p>\n\n\n\n<p>Les magasins de tissu refusent du monde. \u00c0 chaque devanture, les commer\u00e7ants exposent leurs marchandises. Pour nombre de clients, faire un choix parmi les nombreux rouleaux de tissus rel\u00e8ve d\u2019un v\u00e9ritable embarras.<\/p>\n\n\n\n<p>Pour les trois amies, Marie B\u00e8ye, Fama et Nd\u00e8ye Astou, la meilleure option, c\u2019est le brod\u00e9 Lafaya, \u00e0 la mode. &nbsp;Le prix du paquet de cinq m\u00e8tres s\u2019\u00e9l\u00e8ve \u00e0 25.000 francs CFA.<\/p>\n\n\n\n<p>D\u2019autres tissus, comme la soie pliss\u00e9e, le brod\u00e9 cotonnade ou encore le basin riche super gold XXL, ne sont pas pour autant pass\u00e9s de mode, confient les vendeurs.<\/p>\n\n\n\n<p>Les adeptes du bling-bling, \u00e0 l\u2019image de Sokhna Fall et Ra\u00efssa, jettent leur d\u00e9volu sur les tissus perl\u00e9s dont les prix sont compris entre 18.000 et 35.000 francs CFA.<\/p>\n\n\n\n<p>Chr\u00e9tienne de confession, cette derni\u00e8re est \u00e9galement en plein dans les pr\u00e9paratifs vestimentaires de la Korit\u00e9 qu\u2019elle passera chez ses amis musulmans. \u201dC\u2019est cela le dialogue islamo-chr\u00e9tien que nous vivons pleinement\u201d, soutient-elle.<\/p>\n\n\n\n<p>KM\/ABB\/SBS\/BK\/ASG &#8211; Par Khady Mendy<\/p>\n","protected":false},"excerpt":{"rendered":"<p>Dakar, (APS) \u2013 Le ramadan tirant \u00e0 sa fin, la question de la tenue id\u00e9ale pour la c\u00e9l\u00e9bration de l\u2019A\u00efd-El-Fitr<\/p>\n","protected":false},"author":1,"featured_media":34328,"comment_status":"open","ping_status":"open","sticky":false,"template":"","format":"standard","meta":{"footnotes":""},"categories":[21],"tags":[],"class_list":["post-34326","post","type-post","status-publish","format-standard","has-post-thumbnail","hentry","category-societe"],"_links":{"self":[{"href":"https:\/\/dekkbi.com\/index.php?rest_route=\/wp\/v2\/posts\/34326","targetHints":{"allow":["GET"]}}],"collection":[{"href":"https:\/\/dekkbi.com\/index.php?rest_route=\/wp\/v2\/posts"}],"about":[{"href":"https:\/\/dekkbi.com\/index.php?rest_route=\/wp\/v2\/types\/post"}],"author":[{"embeddable":true,"href":"https:\/\/dekkbi.com\/index.php?rest_route=\/wp\/v2\/users\/1"}],"replies":[{"embeddable":true,"href":"https:\/\/dekkbi.com\/index.php?rest_route=%2Fwp%2Fv2%2Fcomments&post=34326"}],"version-history":[{"count":1,"href":"https:\/\/dekkbi.com\/index.php?rest_route=\/wp\/v2\/posts\/34326\/revisions"}],"predecessor-version":[{"id":34329,"href":"https:\/\/dekkbi.com\/index.php?rest_route=\/wp\/v2\/posts\/34326\/revisions\/34329"}],"wp:featuredmedia":[{"embeddable":true,"href":"https:\/\/dekkbi.com\/index.php?rest_route=\/wp\/v2\/media\/34328"}],"wp:attachment":[{"href":"https:\/\/dekkbi.com\/index.php?rest_route=%2Fwp%2Fv2%2Fmedia&parent=34326"}],"wp:term":[{"taxonomy":"category","embeddable":true,"href":"https:\/\/dekkbi.com\/index.php?rest_route=%2Fwp%2Fv2%2Fcategories&post=34326"},{"taxonomy":"post_tag","embeddable":true,"href":"https:\/\/dekkbi.com\/index.php?rest_route=%2Fwp%2Fv2%2Ftags&post=34326"}],"curies":[{"name":"wp","href":"https:\/\/api.w.org\/{rel}","templated":true}]}}