{"id":34269,"date":"2024-04-08T11:51:25","date_gmt":"2024-04-08T11:51:25","guid":{"rendered":"https:\/\/dekkbi.com\/?p=34269"},"modified":"2024-04-08T11:51:26","modified_gmt":"2024-04-08T11:51:26","slug":"revolution-agricole-le-ble-nouvel-espoir-pour-lautosuffisance-alimentaire-au-senegal","status":"publish","type":"post","link":"https:\/\/dekkbi.com\/?p=34269","title":{"rendered":"R\u00e9volution agricole: Le bl\u00e9, nouvel espoir pour l&rsquo;autosuffisance alimentaire au S\u00e9n\u00e9gal"},"content":{"rendered":"\n<h3 class=\"wp-block-heading\">Dans le cadre d&rsquo;une visite exploratoire dans les r\u00e9gions de Dakar, Pikine, Keur Massar et Diamniadio, le directeur r\u00e9gional du d\u00e9veloppement rural de la r\u00e9gion de Dakar, Oumar Mbengue, a examin\u00e9 de pr\u00e8s les parcelles de production de bl\u00e9, symbole d&rsquo;une nouvelle \u00e8re dans l&rsquo;agriculture s\u00e9n\u00e9galaise. Accompagn\u00e9 par des responsables locaux et des agriculteurs, M. Mbengue a partag\u00e9 ses observations et ses perspectives sur le d\u00e9veloppement de cette culture strat\u00e9gique.<\/h3>\n\n\n\n<p>C\u2019est au niveau du d\u00e9partement de Keur Massar, plus pr\u00e9cis\u00e9ment dans la commune de Malika plage, qu\u2019il a mis en lumi\u00e8re l&rsquo;importance du programme de d\u00e9veloppement du bl\u00e9 initi\u00e9 par le minist\u00e8re de l&rsquo;agriculture. \u00ab Ce programme, mis en place depuis l&rsquo;ann\u00e9e derni\u00e8re, vise \u00e0 introduire la culture du bl\u00e9 dans plusieurs r\u00e9gions du S\u00e9n\u00e9gal \u00bb, a-t-il expliqu\u00e9. Gr\u00e2ce \u00e0 des semences subventionn\u00e9es par le minist\u00e8re, les producteurs locaux ont pu exp\u00e9rimenter avec succ\u00e8s la culture du bl\u00e9, comme en t\u00e9moignent les parcelles florissantes observ\u00e9es lors de la visite.<\/p>\n\n\n\n<figure class=\"wp-block-embed is-type-rich is-provider-prise-en-charge-des-contenus-embarqu-s wp-block-embed-prise-en-charge-des-contenus-embarqu-s wp-embed-aspect-16-9 wp-has-aspect-ratio\"><div class=\"wp-block-embed__wrapper\">\n<iframe loading=\"lazy\" title=\"R\u00e9volution agricole: Le bl\u00e9, nouvel espoir pour l&#039;autosuffisance alimentaire au S\u00e9n\u00e9gal\" width=\"800\" height=\"450\" src=\"https:\/\/www.youtube.com\/embed\/MfMXp6LEf6A?feature=oembed\" frameborder=\"0\" allow=\"accelerometer; autoplay; clipboard-write; encrypted-media; gyroscope; picture-in-picture; web-share\" referrerpolicy=\"strict-origin-when-cross-origin\" allowfullscreen><\/iframe>\n<\/div><\/figure>\n\n\n\n<p>\u00ab Nous avons d\u00e9marr\u00e9 les semis \u00e0 partir du mois de d\u00e9cembre avec une vari\u00e9t\u00e9 appel\u00e9e Misra 1, provenant d&rsquo;\u00c9gypte, et nous avons confirm\u00e9 que cette vari\u00e9t\u00e9 s&rsquo;adapte bien \u00e0 la r\u00e9gion de Dakar \u00bb, a d\u00e9clar\u00e9 M. Mbengue. Il a soulign\u00e9 l&rsquo;importance du microclimat favorable de Dakar, avec des temp\u00e9ratures variant entre 20 et 25 degr\u00e9s, propices \u00e0 la culture du bl\u00e9. Les r\u00e9sultats observ\u00e9s, avec des parcelles de bl\u00e9 atteignant la maturit\u00e9 en seulement trois mois, attestent du potentiel prometteur de cette culture pour le pays.<\/p>\n\n\n\n<p>Le Drdr de Dakar a \u00e9galement soulign\u00e9 l&rsquo;impact \u00e9conomique potentiel de la culture du bl\u00e9 pour le S\u00e9n\u00e9gal. \u00ab Le S\u00e9n\u00e9gal importe actuellement plus de 800 000 tonnes de bl\u00e9 par an, repr\u00e9sentant une lourde charge financi\u00e8re en termes de devises \u00bb, a-t-il expliqu\u00e9. Int\u00e9grer le bl\u00e9 dans les syst\u00e8mes de production agricole permettrait de diversifier l&rsquo;offre alimentaire et de r\u00e9duire la d\u00e9pendance aux importations, contribuant ainsi \u00e0 renforcer la s\u00e9curit\u00e9 alimentaire du pays.<\/p>\n\n\n\n<p>M. Oumar Sow Mbengue a exprim\u00e9 sa d\u00e9termination \u00e0 \u00e9tendre le programme de d\u00e9veloppement du bl\u00e9 \u00e0 d&rsquo;autres r\u00e9gions du pays, telles que Saint-Louis, Thi\u00e8s et Kolda. Il a soulign\u00e9 l&rsquo;importance d&rsquo;accompagner les producteurs locaux et de b\u00e9n\u00e9ficier du soutien continu du minist\u00e8re de l&rsquo;agriculture pour garantir le succ\u00e8s de cette initiative \u00e0 l&rsquo;\u00e9chelle nationale.<\/p>\n\n\n\n<p><strong>Birame Khary Ndaw<\/strong><br>LERAL<\/p>\n","protected":false},"excerpt":{"rendered":"<p>Dans le cadre d&rsquo;une visite exploratoire dans les r\u00e9gions de Dakar, Pikine, Keur Massar et Diamniadio, le directeur r\u00e9gional du<\/p>\n","protected":false},"author":1,"featured_media":34271,"comment_status":"open","ping_status":"open","sticky":false,"template":"","format":"standard","meta":{"footnotes":""},"categories":[3],"tags":[],"class_list":["post-34269","post","type-post","status-publish","format-standard","has-post-thumbnail","hentry","category-event-more-news"],"_links":{"self":[{"href":"https:\/\/dekkbi.com\/index.php?rest_route=\/wp\/v2\/posts\/34269","targetHints":{"allow":["GET"]}}],"collection":[{"href":"https:\/\/dekkbi.com\/index.php?rest_route=\/wp\/v2\/posts"}],"about":[{"href":"https:\/\/dekkbi.com\/index.php?rest_route=\/wp\/v2\/types\/post"}],"author":[{"embeddable":true,"href":"https:\/\/dekkbi.com\/index.php?rest_route=\/wp\/v2\/users\/1"}],"replies":[{"embeddable":true,"href":"https:\/\/dekkbi.com\/index.php?rest_route=%2Fwp%2Fv2%2Fcomments&post=34269"}],"version-history":[{"count":1,"href":"https:\/\/dekkbi.com\/index.php?rest_route=\/wp\/v2\/posts\/34269\/revisions"}],"predecessor-version":[{"id":34272,"href":"https:\/\/dekkbi.com\/index.php?rest_route=\/wp\/v2\/posts\/34269\/revisions\/34272"}],"wp:featuredmedia":[{"embeddable":true,"href":"https:\/\/dekkbi.com\/index.php?rest_route=\/wp\/v2\/media\/34271"}],"wp:attachment":[{"href":"https:\/\/dekkbi.com\/index.php?rest_route=%2Fwp%2Fv2%2Fmedia&parent=34269"}],"wp:term":[{"taxonomy":"category","embeddable":true,"href":"https:\/\/dekkbi.com\/index.php?rest_route=%2Fwp%2Fv2%2Fcategories&post=34269"},{"taxonomy":"post_tag","embeddable":true,"href":"https:\/\/dekkbi.com\/index.php?rest_route=%2Fwp%2Fv2%2Ftags&post=34269"}],"curies":[{"name":"wp","href":"https:\/\/api.w.org\/{rel}","templated":true}]}}