{"id":34251,"date":"2024-04-08T11:02:35","date_gmt":"2024-04-08T11:02:35","guid":{"rendered":"https:\/\/dekkbi.com\/?p=34251"},"modified":"2024-04-08T15:24:56","modified_gmt":"2024-04-08T15:24:56","slug":"les-lebous-en-colere-contre-loccupation-anarchique-du-littoral-menaces-de-plaintes-contre-les-promoteurs-immobiliers-et-letat-du-senegal","status":"publish","type":"post","link":"https:\/\/dekkbi.com\/?p=34251","title":{"rendered":"Les Lebous en col\u00e8re contre l&rsquo;occupation anarchique du littoral"},"content":{"rendered":"\n<h3 class=\"wp-block-heading\">Dans un grand reportage diffus\u00e9 sur Leral TV, la col\u00e8re des Lebous, une communaut\u00e9 traditionnelle s\u00e9n\u00e9galaise, \u00e9merge de mani\u00e8re palpable contre l&rsquo;occupation anarchique du littoral. Les membres de cette communaut\u00e9, dont l&rsquo;histoire est \u00e9troitement li\u00e9e \u00e0 ces terres c\u00f4ti\u00e8res, expriment leur indignation face \u00e0 la mont\u00e9e en fl\u00e8che des activit\u00e9s immobili\u00e8res qui menacent leur mode de vie et leur environnement ancestral.<\/h3>\n\n\n\n<p>Depuis des d\u00e9cennies, les Lebous ont pr\u00e9serv\u00e9 et entretenu leurs traditions li\u00e9es \u00e0 la p\u00eache, \u00e0 l&rsquo;agriculture et \u00e0 la culture du littoral. Cependant, ces derni\u00e8res ann\u00e9es, l&rsquo;expansion rapide du secteur immobilier a entra\u00een\u00e9 une prolif\u00e9ration de constructions non r\u00e9glement\u00e9es, mena\u00e7ant l&rsquo;\u00e9quilibre \u00e9cologique de la r\u00e9gion et d\u00e9pla\u00e7ant les Lebous de leurs terres ancestrales.<\/p>\n\n\n\n<p>Face \u00e0 cette situation alarmante, les Lebous ont d\u00e9cid\u00e9 d&rsquo;agir. Dans une d\u00e9monstration de force, ils envisagent de porter plainte contre les promoteurs immobiliers responsables de cette occupation sauvage du littoral. De plus, leur col\u00e8re est \u00e9galement dirig\u00e9e vers l&rsquo;\u00c9tat du S\u00e9n\u00e9gal, accus\u00e9 de ne pas avoir mis en place des mesures ad\u00e9quates pour prot\u00e9ger les droits fonciers des communaut\u00e9s locales et pour pr\u00e9server l&rsquo;environnement c\u00f4tier.<\/p>\n\n\n\n<figure class=\"wp-block-embed is-type-rich is-provider-prise-en-charge-des-contenus-embarqu-s wp-block-embed-prise-en-charge-des-contenus-embarqu-s wp-embed-aspect-16-9 wp-has-aspect-ratio\"><div class=\"wp-block-embed__wrapper\">\n<iframe loading=\"lazy\" title=\"Les Lebous en col\u00e8re contre l&#039;occupation anarchique du littoral: menaces de plaintes contre l&#039;\u00c9tat\" width=\"800\" height=\"450\" src=\"https:\/\/www.youtube.com\/embed\/zLeiSAHNkK8?feature=oembed\" frameborder=\"0\" allow=\"accelerometer; autoplay; clipboard-write; encrypted-media; gyroscope; picture-in-picture; web-share\" referrerpolicy=\"strict-origin-when-cross-origin\" allowfullscreen><\/iframe>\n<\/div><\/figure>\n\n\n\n<p>Lors d&rsquo;entrevues avec des repr\u00e9sentants de la communaut\u00e9 Lebou, ces derniers ont exprim\u00e9 leur d\u00e9termination \u00e0 d\u00e9fendre leurs terres et leur mode de vie traditionnel. Ils soulignent \u00e9galement l&rsquo;importance vitale de pr\u00e9server le littoral non seulement pour les g\u00e9n\u00e9rations actuelles, mais aussi pour les g\u00e9n\u00e9rations futures.<\/p>\n\n\n\n<p>En r\u00e9ponse \u00e0 ces tensions croissantes, les autorit\u00e9s s\u00e9n\u00e9galaises sont appel\u00e9es \u00e0 prendre des mesures imm\u00e9diates pour r\u00e9guler le d\u00e9veloppement immobilier le long du littoral et \u00e0 garantir la protection des droits fonciers des communaut\u00e9s locales comme les Lebous. La n\u00e9cessit\u00e9 d&rsquo;une planification urbaine durable et respectueuse de l&rsquo;environnement est soulign\u00e9e comme \u00e9tant essentielle pour pr\u00e9server la richesse naturelle et culturelle du littoral s\u00e9n\u00e9galais.<\/p>\n\n\n\n<p>R\u00e9dig\u00e9 par leral.net <\/p>\n","protected":false},"excerpt":{"rendered":"<p>Dans un grand reportage diffus\u00e9 sur Leral TV, la col\u00e8re des Lebous, une communaut\u00e9 traditionnelle s\u00e9n\u00e9galaise, \u00e9merge de mani\u00e8re palpable<\/p>\n","protected":false},"author":1,"featured_media":34253,"comment_status":"open","ping_status":"open","sticky":false,"template":"","format":"standard","meta":{"footnotes":""},"categories":[26],"tags":[],"class_list":["post-34251","post","type-post","status-publish","format-standard","has-post-thumbnail","hentry","category-fait-divers"],"_links":{"self":[{"href":"https:\/\/dekkbi.com\/index.php?rest_route=\/wp\/v2\/posts\/34251","targetHints":{"allow":["GET"]}}],"collection":[{"href":"https:\/\/dekkbi.com\/index.php?rest_route=\/wp\/v2\/posts"}],"about":[{"href":"https:\/\/dekkbi.com\/index.php?rest_route=\/wp\/v2\/types\/post"}],"author":[{"embeddable":true,"href":"https:\/\/dekkbi.com\/index.php?rest_route=\/wp\/v2\/users\/1"}],"replies":[{"embeddable":true,"href":"https:\/\/dekkbi.com\/index.php?rest_route=%2Fwp%2Fv2%2Fcomments&post=34251"}],"version-history":[{"count":2,"href":"https:\/\/dekkbi.com\/index.php?rest_route=\/wp\/v2\/posts\/34251\/revisions"}],"predecessor-version":[{"id":34330,"href":"https:\/\/dekkbi.com\/index.php?rest_route=\/wp\/v2\/posts\/34251\/revisions\/34330"}],"wp:featuredmedia":[{"embeddable":true,"href":"https:\/\/dekkbi.com\/index.php?rest_route=\/wp\/v2\/media\/34253"}],"wp:attachment":[{"href":"https:\/\/dekkbi.com\/index.php?rest_route=%2Fwp%2Fv2%2Fmedia&parent=34251"}],"wp:term":[{"taxonomy":"category","embeddable":true,"href":"https:\/\/dekkbi.com\/index.php?rest_route=%2Fwp%2Fv2%2Fcategories&post=34251"},{"taxonomy":"post_tag","embeddable":true,"href":"https:\/\/dekkbi.com\/index.php?rest_route=%2Fwp%2Fv2%2Ftags&post=34251"}],"curies":[{"name":"wp","href":"https:\/\/api.w.org\/{rel}","templated":true}]}}