{"id":34248,"date":"2024-04-08T10:51:44","date_gmt":"2024-04-08T10:51:44","guid":{"rendered":"https:\/\/dekkbi.com\/?p=34248"},"modified":"2024-04-08T11:09:54","modified_gmt":"2024-04-08T11:09:54","slug":"annulation-des-nominations-de-macky-lapr-avertit-le-president-diomaye","status":"publish","type":"post","link":"https:\/\/dekkbi.com\/?p=34248","title":{"rendered":"Annulation des nominations de Macky : L&rsquo;Apr avertit le Pr\u00e9sident Diomaye"},"content":{"rendered":"\n<p>C\u2019est la premi\u00e8re mesure prise par le pr\u00e9sident Bassirou Diomaye Faye. Au lendemain de sa prestation de serment, il a tout bonnement annul\u00e9 les nominations faites par Macky Sall lors du dernier Conseil sup\u00e9rieur de la magistrature (Csm). Pour l\u2019Alliance pour la R\u00e9publique (Apr), il s\u2019agit l\u00e0 d\u2019une violation.&nbsp;<\/p>\n\n\n\n<p>Dans son communiqu\u00e9 de presse parvenu \u00e0 iGFM, le Secr\u00e9tariat ex\u00e9cutif national de l\u2019Apr (Sen) s\u2019est adress\u00e9 au Pr\u00e9sident Bassirou Diomaye Faye, qui a annul\u00e9 les derni\u00e8res nominations faites par Macky Sall, lors du dernier conseil sup\u00e9rieur de la magistrature.<\/p>\n\n\n\n<p>\u00abIl ne peut inaugurer son magist\u00e8re par une violation flagrante du statut des Magistrats suite au d\u00e9cret voulant rapporter la nomination du Premier Pr\u00e9sident de la Cour Supr\u00eame dans les r\u00e8gles de droit en Conseil sup\u00e9rieur de la Magistrature\u00bb, ont d\u00e9clar\u00e9 les camarades de parti de Macky Sall, ce dimanche.<\/p>\n\n\n\n<p>L\u2019ex-parti pr\u00e9sidentiel, d\u00e9sormais dans l\u2019opposition, dit exiger le respect du principe de continuit\u00e9 de l\u2019Etat et de celui de l\u2019inamovibilit\u00e9 des Magistrats, surtout \u00aben ce qui concerne le Pr\u00e9sident de la communaut\u00e9 judiciaire qu\u2019est le Premier pr\u00e9sident de la Cour Supr\u00eame.\u00bb<\/p>\n\n\n\n<p>Le Sen de l\u2019Apr qui f\u00e9licite tout de m\u00eame le Pr\u00e9sident Diomaye Faye pour \u00absa brillante victoire au premier tour\u00bb, \u00a0lui souhaite une pleine r\u00e9ussite. L&rsquo;Apr prend, cependant, acte de la mise en place du gouvernement dirig\u00e9 par le Premier Ministre Ousmane Sonko. Il lui \u00a0rappelle \u00abque les promesses doivent \u00eatre suivies d\u2019effet afin que les attentes des populations soient satisfaites\u00bb.<\/p>\n\n\n\n<p>SOURCE IGFM<\/p>\n","protected":false},"excerpt":{"rendered":"<p>C\u2019est la premi\u00e8re mesure prise par le pr\u00e9sident Bassirou Diomaye Faye. Au lendemain de sa prestation de serment, il a<\/p>\n","protected":false},"author":1,"featured_media":34249,"comment_status":"open","ping_status":"open","sticky":false,"template":"","format":"standard","meta":{"footnotes":""},"categories":[6],"tags":[],"class_list":["post-34248","post","type-post","status-publish","format-standard","has-post-thumbnail","hentry","category-politics"],"_links":{"self":[{"href":"https:\/\/dekkbi.com\/index.php?rest_route=\/wp\/v2\/posts\/34248","targetHints":{"allow":["GET"]}}],"collection":[{"href":"https:\/\/dekkbi.com\/index.php?rest_route=\/wp\/v2\/posts"}],"about":[{"href":"https:\/\/dekkbi.com\/index.php?rest_route=\/wp\/v2\/types\/post"}],"author":[{"embeddable":true,"href":"https:\/\/dekkbi.com\/index.php?rest_route=\/wp\/v2\/users\/1"}],"replies":[{"embeddable":true,"href":"https:\/\/dekkbi.com\/index.php?rest_route=%2Fwp%2Fv2%2Fcomments&post=34248"}],"version-history":[{"count":1,"href":"https:\/\/dekkbi.com\/index.php?rest_route=\/wp\/v2\/posts\/34248\/revisions"}],"predecessor-version":[{"id":34250,"href":"https:\/\/dekkbi.com\/index.php?rest_route=\/wp\/v2\/posts\/34248\/revisions\/34250"}],"wp:featuredmedia":[{"embeddable":true,"href":"https:\/\/dekkbi.com\/index.php?rest_route=\/wp\/v2\/media\/34249"}],"wp:attachment":[{"href":"https:\/\/dekkbi.com\/index.php?rest_route=%2Fwp%2Fv2%2Fmedia&parent=34248"}],"wp:term":[{"taxonomy":"category","embeddable":true,"href":"https:\/\/dekkbi.com\/index.php?rest_route=%2Fwp%2Fv2%2Fcategories&post=34248"},{"taxonomy":"post_tag","embeddable":true,"href":"https:\/\/dekkbi.com\/index.php?rest_route=%2Fwp%2Fv2%2Ftags&post=34248"}],"curies":[{"name":"wp","href":"https:\/\/api.w.org\/{rel}","templated":true}]}}