{"id":34228,"date":"2024-04-07T11:08:27","date_gmt":"2024-04-07T11:08:27","guid":{"rendered":"https:\/\/dekkbi.com\/?p=34228"},"modified":"2024-04-07T11:08:28","modified_gmt":"2024-04-07T11:08:28","slug":"depuis-un-an-la-coree-du-nord-ne-repond-plus-aux-appels-telephoniques-de-son-voisin-du-sud","status":"publish","type":"post","link":"https:\/\/dekkbi.com\/?p=34228","title":{"rendered":"Depuis un an, la Cor\u00e9e du Nord ne r\u00e9pond plus aux appels t\u00e9l\u00e9phoniques de son voisin du Sud"},"content":{"rendered":"\n<p>Depuis un an jour pour jour, la ligne t\u00e9l\u00e9phonique reliant la Cor\u00e9e du Sud et la Cor\u00e9e du Nord est coup\u00e9e. Le r\u00e9gime nord-cor\u00e9en ne r\u00e9pond en effet plus, depuis le 7 avril dernier, aux appels de son voisin au Sud. Une rupture qui n&rsquo;est pas pr\u00e8s de s&rsquo;arr\u00eater avec la mont\u00e9e des tensions sur la p\u00e9ninsule.<\/p>\n\n\n\n<p>Avec notre correspondant \u00e0 S\u00e9oul, C\u00e9lio FiorettiLe t\u00e9l\u00e9phone sonne, mais personne ne d\u00e9croche. C&rsquo;est depuis un an jour pour jour le quotidien du bureau de liaison intercor\u00e9enne qui se chargeait auparavant de maintenir le contact entre les deux Cor\u00e9es. <\/p>\n\n\n\n<p>Depuis le 7 avril, si les lignes ne sont pas coup\u00e9es, les autorit\u00e9s nord-cor\u00e9ennes refusent de r\u00e9pondre aux deux appels journaliers de leurs confr\u00e8res du Sud.Ces lignes t\u00e9l\u00e9phoniques, au nombre de 48, install\u00e9es au fur et \u00e0 mesure depuis 1971, permettent aux deux pays de communiquer. <\/p>\n\n\n\n<p>Une mani\u00e8re de r\u00e9soudre plus simplement les possibles probl\u00e8mes frontaliers pour \u00e9viter l&rsquo;escalade ou encore de communiquer sur les nouvelles politiques en application.Mont\u00e9e de tensions.<\/p>\n\n\n\n<p>Si la communication a d\u00e9j\u00e0 \u00e9t\u00e9 rompue \u00e0 maintes reprises au gr\u00e9 des moments de tensions entre les deux pays, la ligne a toujours \u00e9t\u00e9 r\u00e9tablie t\u00f4t ou tard.<\/p>\n\n\n\n<p> En 2021, apr\u00e8s un an de coupure, la ligne avait finalement \u00e9t\u00e9 restaur\u00e9e.Cependant, nul ne sait quand cette coupure s&rsquo;arr\u00eatera. Depuis un an, la tension est mont\u00e9e sur la p\u00e9ninsule cor\u00e9enne. <\/p>\n\n\n\n<p>En janvier, la Cor\u00e9e du Nord avait d\u00e9cid\u00e9 de qualifier d\u00e9sormais son voisin d&rsquo;ennemi. Pour cette raison, les experts du sujet n&rsquo;envisagent pas un retour des communications prochainement.<\/p>\n\n\n\n<p>SOURCE LERAL RFI<\/p>\n","protected":false},"excerpt":{"rendered":"<p>Depuis un an jour pour jour, la ligne t\u00e9l\u00e9phonique reliant la Cor\u00e9e du Sud et la Cor\u00e9e du Nord est<\/p>\n","protected":false},"author":1,"featured_media":28953,"comment_status":"open","ping_status":"open","sticky":false,"template":"","format":"standard","meta":{"footnotes":""},"categories":[51],"tags":[],"class_list":["post-34228","post","type-post","status-publish","format-standard","has-post-thumbnail","hentry","category-general"],"_links":{"self":[{"href":"https:\/\/dekkbi.com\/index.php?rest_route=\/wp\/v2\/posts\/34228","targetHints":{"allow":["GET"]}}],"collection":[{"href":"https:\/\/dekkbi.com\/index.php?rest_route=\/wp\/v2\/posts"}],"about":[{"href":"https:\/\/dekkbi.com\/index.php?rest_route=\/wp\/v2\/types\/post"}],"author":[{"embeddable":true,"href":"https:\/\/dekkbi.com\/index.php?rest_route=\/wp\/v2\/users\/1"}],"replies":[{"embeddable":true,"href":"https:\/\/dekkbi.com\/index.php?rest_route=%2Fwp%2Fv2%2Fcomments&post=34228"}],"version-history":[{"count":1,"href":"https:\/\/dekkbi.com\/index.php?rest_route=\/wp\/v2\/posts\/34228\/revisions"}],"predecessor-version":[{"id":34229,"href":"https:\/\/dekkbi.com\/index.php?rest_route=\/wp\/v2\/posts\/34228\/revisions\/34229"}],"wp:featuredmedia":[{"embeddable":true,"href":"https:\/\/dekkbi.com\/index.php?rest_route=\/wp\/v2\/media\/28953"}],"wp:attachment":[{"href":"https:\/\/dekkbi.com\/index.php?rest_route=%2Fwp%2Fv2%2Fmedia&parent=34228"}],"wp:term":[{"taxonomy":"category","embeddable":true,"href":"https:\/\/dekkbi.com\/index.php?rest_route=%2Fwp%2Fv2%2Fcategories&post=34228"},{"taxonomy":"post_tag","embeddable":true,"href":"https:\/\/dekkbi.com\/index.php?rest_route=%2Fwp%2Fv2%2Ftags&post=34228"}],"curies":[{"name":"wp","href":"https:\/\/api.w.org\/{rel}","templated":true}]}}