{"id":3421,"date":"2022-11-16T16:23:39","date_gmt":"2022-11-16T16:23:39","guid":{"rendered":"https:\/\/dekkbi.com\/?p=3421"},"modified":"2022-11-16T16:23:41","modified_gmt":"2022-11-16T16:23:41","slug":"souverainete-economique-et-monetaire-de-lafrique-les-dix-commandements-de-dakar","status":"publish","type":"post","link":"https:\/\/dekkbi.com\/?p=3421","title":{"rendered":"SOUVERAINET\u00c9 \u00c9CONOMIQUE ET MON\u00c9TAIRE DE L\u2019AFRIQUE &#8211; Les dix commandements de Dakar"},"content":{"rendered":"\n<p><em><strong>Dans une d\u00e9claration parvenue hier \u00e0 \u2018\u2019EnQu\u00eate\u2019\u2019, Ndongo Samba Sylla, Demba Moussa Demb\u00e9l\u00e9 et plusieurs autres intellectuels d\u2019Afrique, d\u2019Asie, d\u2019Am\u00e9rique du Nord et d\u2019Europe prescrivent dix orientations phares pour un monde meilleur, plus juste.<\/strong><\/em><\/p>\n\n\n\n<p>D\u00e9gradation du climat, pertes de biodiversit\u00e9, pollution, finance sp\u00e9culative, guerres et in\u00e9galit\u00e9s rampantes. Les maux qui s\u2019abattent sur la plan\u00e8te sont nombreux et multidimensionnels. La plupart r\u00e9sultent, si l\u2019on en croit la D\u00e9claration de Dakar rendue publique hier, de l\u2019ordre capitaliste n\u00e9olib\u00e9ral accompagn\u00e9 d\u2019une forme d\u2019imp\u00e9rialisme bien ancr\u00e9e. \u00c0 en croire le Dr Ndongo Samba Sylla, Demba Moussa Demb\u00e9l\u00e9 et Cie (membres du Groupe multidisciplinaire, signataires de la d\u00e9claration), il ne faut pas accepter la crise actuelle&nbsp;; il faut plut\u00f4t y faire face.<\/p>\n\n\n\n<p>&nbsp;Dans le document envoy\u00e9 \u00e0 \u2018\u2019EnQu\u00eate\u2019\u2019, ils pestent&nbsp;: \u2018\u2019\u2026 Nous affrontons la crise tout en cherchant des alternatives en solidarit\u00e9 avec les travailleurs, les sans-terres, les paysans, les femmes, les militants pour la justice climatique et les groupes similaires. Nous lan\u00e7ons ainsi la D\u00e9claration de Dakar dans le but d&rsquo;initier une coop\u00e9ration durable et marqu\u00e9e du sceau de la confiance entre les initiatives et les mouvements qui partagent son esprit.\u2019\u2019<\/p>\n\n\n\n<p>Dans l\u2019ensemble, les signataires de la D\u00e9claration de Dakar tablent sur dix objectifs strat\u00e9giques principaux. D\u2019embl\u00e9e, ils notent l\u2019absence de volont\u00e9 ou l\u2019incapacit\u00e9 des gouvernements \u00e0 mettre en \u0153uvre les transformations v\u00e9ritables dont le continent africain a besoin pour se tirer de la pauvret\u00e9 end\u00e9mique. Aussi, r\u00e9clament-ils plus de renforcement des masses pour impulser des dynamiques transformatrices.<\/p>\n\n\n\n<p>Selon le document, l\u2019Afrique a certes besoin d&rsquo;\u00c9tats forts, d\u00e9mocratiques et responsables, mais elle a encore plus besoin de peuples plus forts pour d\u00e9fendre ces \u00c9tats et les pousser \u00e0 en faire toujours plus pour la majorit\u00e9. \u2018\u2019Les \u00c9tats africains peuvent et doivent mobiliser la main-d\u2019\u0153uvre et les ressources africaines pour r\u00e9pondre aux besoins propres de l&rsquo;Afrique, ressuscitant ainsi les ambitions de d\u00e9veloppement qu\u2019ils avaient \u00e0 l\u2019or\u00e9e de la p\u00e9riode post ind\u00e9pendante\u2019\u2019, lit-on dans la d\u00e9claration. Dans cette optique, la construction d&rsquo;alliances r\u00e9gionales s\u2019av\u00e8re n\u00e9cessaire et possible, selon les signataires. Qui ajoutent\u00a0: \u2018\u2019La r\u00e9affirmation de notre souverainet\u00e9 \u00e9conomique et mon\u00e9taire, et la soumission des int\u00e9r\u00eats \u00e9trangers \u00e0 nos besoins et int\u00e9r\u00eats internes deviennent plus faciles. Cette croissance de la souverainet\u00e9 politique pour transformer structurellement nos \u00e9conomies et nos soci\u00e9t\u00e9s peut nous permettre de nous attaquer fondamentalement aux questions de longue date que sont\u00a0: la pauvret\u00e9, le d\u00e9veloppement social et la d\u00e9mocratisation.\u2019\u2019<\/p>\n\n\n\n<p><strong>Plus d\u2019inclusion dans le syst\u00e8me mondial<\/strong><\/p>\n\n\n\n<p>Si l\u2019on en croit les r\u00e9dacteurs, il faudrait \u00e9galement travailler \u00e0 la construction d&rsquo;un nouveau multilat\u00e9ralisme o\u00f9 les institutions et les fora politiques mondiaux seraient inclusifs, d\u00e9mocratiques et refl\u00e9teraient les pr\u00e9occupations v\u00e9ritables des populations du Sud. \u2018\u2019Le militarisme et l&rsquo;imp\u00e9rialisme ne peuvent, selon eux, continuer \u00e0 modeler politiquement le syst\u00e8me mondial\u2019\u2019.<\/p>\n\n\n\n<p>Dans la m\u00eame veine, les amis de Ndongo Samba Sylla et de Demba Moussa Demb\u00e9l\u00e9 insistent sur la n\u00e9cessit\u00e9 de faire bloc contre les in\u00e9galit\u00e9s mondiales dans un contexte de d\u00e9gradation du climat, de volatilit\u00e9 de la finance et des prix des mati\u00e8res premi\u00e8res qui placent le Sud dans une situation particuli\u00e8rement d\u00e9favorable.<\/p>\n\n\n\n<p>Dans le diagnostic de Dakar, la question de la dette a \u00e9galement occup\u00e9 une bonne place. \u00c0 en croire les participants, les crises r\u00e9currentes de la dette doivent surtout cesser. Ils pr\u00f4nent ainsi une approche globale pour corriger l&rsquo;impact n\u00e9faste des dettes excessives en monnaie \u00e9trang\u00e8re &#8211; y compris celles \u00e9mises par le FMI &#8211; et des dettes odieuses. \u2018\u2019Des annulations de dettes g\u00e9n\u00e9ralis\u00e9es, profondes et rapides sont essentielles. Elles doivent \u00eatre ax\u00e9es sur le soutien \u00e0 la transformation \u00e9conomique\u2019\u2019, soutiennent-ils, non sans ajouter&nbsp;: \u2018\u2019Nous devons mettre un terme au vol permanent commis par les soci\u00e9t\u00e9s transnationales du Nord lorsqu&rsquo;elles transf\u00e8rent leurs revenus dans des paradis fiscaux et puis les investissent sur les march\u00e9s financiers, le tout rev\u00eatu du langage inoffensif de \u2018l&rsquo;investissement direct \u00e9tranger\u2019. \u00c0 cette fin, il convient de promouvoir et de mettre en \u0153uvre activement des mesures telles que le contr\u00f4le des capitaux, la lutte contre l&rsquo;\u00e9vasion fiscale et les flux financiers illicites, ainsi que l&rsquo;imposition \u00e9quitable des soci\u00e9t\u00e9s transnationales.\u2019\u2019<\/p>\n\n\n\n<p><strong>Un plan mondial de r\u00e9paration pour aider les pays du Sud \u00e0 faire face \u00e0 la crise environnementale<\/strong><\/p>\n\n\n\n<p>Pour traiter de mani\u00e8re \u00e9quitable la crise environnementale multidimensionnelle que vit la plan\u00e8te, il faudrait \u00e9galement un programme mondial de r\u00e9parations. De l\u2019avis des signataires, il faut chercher \u00e0 \u00e9laborer techniquement ce plan, le l\u00e9gitimer, le pr\u00e9coniser, le d\u00e9fendre et le mettre en \u0153uvre. \u2018\u2019Nous soutenons \u00e0 cet effet les efforts de nos s\u0153urs et fr\u00e8res africains-am\u00e9ricains et carib\u00e9ens en vue d\u2019une justice r\u00e9paratrice\u2026 Nous agissons, enseignons, recherchons et nous mobilisons dans nos contextes locaux et nationaux, au niveau r\u00e9gional et transnational\u2026 Nous le faisons dans le but de construire un mouvement durable et d&rsquo;acqu\u00e9rir une r\u00e9elle influence sur nos processus politiques\u2019\u2019, insistent les signataires, non sans appeler au renforcement de la coop\u00e9ration panafricaine, Sud-Sud et \u00e0 la solidarit\u00e9 mondiale pour la cause collective.<\/p>\n\n\n\n<p>La D\u00e9claration de Dakar est une initiative d\u2019un groupe d&rsquo;universitaires, de d\u00e9cideurs politiques et de militants d&rsquo;Afrique, d&rsquo;Asie, d&rsquo;Europe et d&rsquo;Am\u00e9rique du Nord. Parmi eux, il y a des \u00e9conomistes, des politologues, des historiens, des sociologues et des anthropologues. Ils s\u2019\u00e9taient derni\u00e8rement r\u00e9unis \u00e0 Dakar dans le cadre d\u2019une Conf\u00e9rence internationale sur la souverainet\u00e9 \u00e9conomique et mon\u00e9taire de l\u2019Afrique, avec l\u2019appui de la fondation Rosa Luxembourg.<\/p>\n\n\n\n<p><em><strong>MOR AMAR<\/strong><\/em><\/p>\n\n\n\n<p>ENQUETESPLUS<\/p>\n\n\n\n<p><\/p>\n","protected":false},"excerpt":{"rendered":"<p>Dans une d\u00e9claration parvenue hier \u00e0 \u2018\u2019EnQu\u00eate\u2019\u2019, Ndongo Samba Sylla, Demba Moussa Demb\u00e9l\u00e9 et plusieurs autres intellectuels d\u2019Afrique, d\u2019Asie, d\u2019Am\u00e9rique<\/p>\n","protected":false},"author":1,"featured_media":3422,"comment_status":"open","ping_status":"open","sticky":false,"template":"","format":"standard","meta":{"footnotes":""},"categories":[6],"tags":[],"class_list":["post-3421","post","type-post","status-publish","format-standard","has-post-thumbnail","hentry","category-politics"],"_links":{"self":[{"href":"https:\/\/dekkbi.com\/index.php?rest_route=\/wp\/v2\/posts\/3421","targetHints":{"allow":["GET"]}}],"collection":[{"href":"https:\/\/dekkbi.com\/index.php?rest_route=\/wp\/v2\/posts"}],"about":[{"href":"https:\/\/dekkbi.com\/index.php?rest_route=\/wp\/v2\/types\/post"}],"author":[{"embeddable":true,"href":"https:\/\/dekkbi.com\/index.php?rest_route=\/wp\/v2\/users\/1"}],"replies":[{"embeddable":true,"href":"https:\/\/dekkbi.com\/index.php?rest_route=%2Fwp%2Fv2%2Fcomments&post=3421"}],"version-history":[{"count":1,"href":"https:\/\/dekkbi.com\/index.php?rest_route=\/wp\/v2\/posts\/3421\/revisions"}],"predecessor-version":[{"id":3423,"href":"https:\/\/dekkbi.com\/index.php?rest_route=\/wp\/v2\/posts\/3421\/revisions\/3423"}],"wp:featuredmedia":[{"embeddable":true,"href":"https:\/\/dekkbi.com\/index.php?rest_route=\/wp\/v2\/media\/3422"}],"wp:attachment":[{"href":"https:\/\/dekkbi.com\/index.php?rest_route=%2Fwp%2Fv2%2Fmedia&parent=3421"}],"wp:term":[{"taxonomy":"category","embeddable":true,"href":"https:\/\/dekkbi.com\/index.php?rest_route=%2Fwp%2Fv2%2Fcategories&post=3421"},{"taxonomy":"post_tag","embeddable":true,"href":"https:\/\/dekkbi.com\/index.php?rest_route=%2Fwp%2Fv2%2Ftags&post=3421"}],"curies":[{"name":"wp","href":"https:\/\/api.w.org\/{rel}","templated":true}]}}