{"id":34192,"date":"2024-04-07T09:50:53","date_gmt":"2024-04-07T09:50:53","guid":{"rendered":"https:\/\/dekkbi.com\/?p=34192"},"modified":"2024-04-07T09:51:25","modified_gmt":"2024-04-07T09:51:25","slug":"un-ingenieur-de-systemes-informatiques-et-telecoms-pour-piloter-le-ministere-de-la-communication","status":"publish","type":"post","link":"https:\/\/dekkbi.com\/?p=34192","title":{"rendered":"Un ing\u00e9nieur de syst\u00e8mes informatiques et t\u00e9l\u00e9coms pour piloter le minist\u00e8re de la Communication"},"content":{"rendered":"\n<p>Dakar, (APS) \u2013 Le nouveau ministre de la Communication, des T\u00e9l\u00e9communications et du Num\u00e9rique, Alioune Sall, est pr\u00e9sent\u00e9 par nombre d\u2019observateurs comme un homme au \u201cleadership exemplaire\u201d et au \u201ccaract\u00e8re rassembleur\u201d, autant de traits qui \u201cont inspir\u00e9 et guid\u00e9 ceux qui l\u2019entourent\u201d.<\/p>\n\n\n\n<p>Ing\u00e9nieur sp\u00e9cialis\u00e9 en mise en r\u00e9seau des syst\u00e8mes informatiques et t\u00e9l\u00e9coms, il est  d\u00e9put\u00e9 de la coalition Yewwi Askan Wi pour le compte des S\u00e9n\u00e9galais de l\u2019ext\u00e9rieur depuis les derni\u00e8res l\u00e9gislatives s\u00e9n\u00e9galaises, en m\u00eame temps responsable de Pastef en France.<\/p>\n\n\n\n<p>Depuis vendredi soir, il fait partie des hommes et femmes choisis par le Premier ministre, Ousmane Sonko, pour faire partie du premier gouvernement de 25 membres du r\u00e9gime de Bassirou Diomaye Diakhar Faye.<\/p>\n\n\n\n<p>M. Sall \u00e9tait jusqu\u2019ici chef de projet confirm\u00e9 de d\u00e9ploiement et am\u00e9nagement r\u00e9seaux et Plateforme de services \u00e0 SFR, en France. Il est dipl\u00f4m\u00e9 de l\u2019Ecole sup\u00e9rieure d\u2019ing\u00e9nieurs L\u00e9onard de Vinci (France).<\/p>\n\n\n\n<p>A la t\u00eate de son minist\u00e8re, il devra relever notamment le d\u00e9fi de conduire les strat\u00e9gies IA (Intelligence artificielle) et Donn\u00e9es, dans un contexte o\u00f9 l\u2019Intelligence artificielle s\u2019impose dans tous les secteurs de l\u2019\u00e9conomie num\u00e9rique. L\u2019op\u00e9rationnalisation de la Startup Act, la mise en service du Senegal Connect Park (ex PTN) et la gestion du \u201cCloud national\u201d seront aussi au nombre de ses priorit\u00e9s.<\/p>\n\n\n\n<p>SG\/ASG\/AKS\/BK<\/p>\n","protected":false},"excerpt":{"rendered":"<p>Dakar, (APS) \u2013 Le nouveau ministre de la Communication, des T\u00e9l\u00e9communications et du Num\u00e9rique, Alioune Sall, est pr\u00e9sent\u00e9 par nombre<\/p>\n","protected":false},"author":1,"featured_media":34193,"comment_status":"open","ping_status":"open","sticky":false,"template":"","format":"standard","meta":{"footnotes":""},"categories":[6],"tags":[],"class_list":["post-34192","post","type-post","status-publish","format-standard","has-post-thumbnail","hentry","category-politics"],"_links":{"self":[{"href":"https:\/\/dekkbi.com\/index.php?rest_route=\/wp\/v2\/posts\/34192","targetHints":{"allow":["GET"]}}],"collection":[{"href":"https:\/\/dekkbi.com\/index.php?rest_route=\/wp\/v2\/posts"}],"about":[{"href":"https:\/\/dekkbi.com\/index.php?rest_route=\/wp\/v2\/types\/post"}],"author":[{"embeddable":true,"href":"https:\/\/dekkbi.com\/index.php?rest_route=\/wp\/v2\/users\/1"}],"replies":[{"embeddable":true,"href":"https:\/\/dekkbi.com\/index.php?rest_route=%2Fwp%2Fv2%2Fcomments&post=34192"}],"version-history":[{"count":1,"href":"https:\/\/dekkbi.com\/index.php?rest_route=\/wp\/v2\/posts\/34192\/revisions"}],"predecessor-version":[{"id":34194,"href":"https:\/\/dekkbi.com\/index.php?rest_route=\/wp\/v2\/posts\/34192\/revisions\/34194"}],"wp:featuredmedia":[{"embeddable":true,"href":"https:\/\/dekkbi.com\/index.php?rest_route=\/wp\/v2\/media\/34193"}],"wp:attachment":[{"href":"https:\/\/dekkbi.com\/index.php?rest_route=%2Fwp%2Fv2%2Fmedia&parent=34192"}],"wp:term":[{"taxonomy":"category","embeddable":true,"href":"https:\/\/dekkbi.com\/index.php?rest_route=%2Fwp%2Fv2%2Fcategories&post=34192"},{"taxonomy":"post_tag","embeddable":true,"href":"https:\/\/dekkbi.com\/index.php?rest_route=%2Fwp%2Fv2%2Ftags&post=34192"}],"curies":[{"name":"wp","href":"https:\/\/api.w.org\/{rel}","templated":true}]}}