{"id":34189,"date":"2024-04-07T09:46:40","date_gmt":"2024-04-07T09:46:40","guid":{"rendered":"https:\/\/dekkbi.com\/?p=34189"},"modified":"2024-04-07T09:52:29","modified_gmt":"2024-04-07T09:52:29","slug":"maimouna-dieye-une-actrice-du-developpement-pour-piloter-le-ministere-de-la-famille","status":"publish","type":"post","link":"https:\/\/dekkbi.com\/?p=34189","title":{"rendered":"Ma\u00efmouna Di\u00e8ye, une actrice du d\u00e9veloppement pour piloter le minist\u00e8re de la Famille"},"content":{"rendered":"\n<p>Dakar,  (APS) \u2013 La nouvelle ministre de la Famille et des Solidarit\u00e9s, Ma\u00efmouna Di\u00e8ye, est une actrice du d\u00e9veloppement venue \u00e0 la politique par le truchement du parti Pastef dont elle est pr\u00e9sidente du mouvement national des femmes pour le S\u00e9n\u00e9gal et la diaspora.<\/p>\n\n\n\n<p>Le Pastef, formation \u00e0 laquelle appartiennent le pr\u00e9sident de la R\u00e9publique, Bassirou Diomaye Faye, et son Premier ministre, Ousmane Sonko, avait \u00e9t\u00e9 dissout sous le pr\u00e9c\u00e9dent r\u00e9gime.<\/p>\n\n\n\n<p>Jusqu\u2019\u00e0 sa nomination dans le premier gouvernement de l\u2019\u00e8re Bassirou Diomaye Faye, Ma\u00efmouna Di\u00e8ye \u00e9tait maire de la Patte d\u2019Oie, un quartier de la proche banlieue dakaroise.Cette ancienne \u00e9migr\u00e9e en Europe est entr\u00e9e en politique en 2014, dans les rangs du parti fond\u00e9 par l\u2019actuel premier ministre Ousmane Sonko et ses compagnons, dont le locataire du palais de la R\u00e9publique, Bassirou Diomaye Faye.<\/p>\n\n\n\n<p>Mme Di\u00e8ye a occup\u00e9 le poste de pr\u00e9sidente du mouvement national des femmes de Pastef pour le S\u00e9n\u00e9gal et la diaspora, et celui de vice-coordonnatrice de ce parti pour le d\u00e9partement de Dakar.<\/p>\n\n\n\n<p>Investie candidate de la coalition Yewwi Askan Wi lors des \u00e9lections locales de 2022, elle sera \u00e9lue maire de la Patte d\u2019Oie sous la banni\u00e8re de cette coalition regroupant \u00e0 l\u2019\u00e9poque les partis parmi les plus repr\u00e9sentatifs de l\u2019opposition s\u00e9n\u00e9galaise.<\/p>\n\n\n\n<p>L\u2019engagement de la nouvelle ministre de la famille et des Solidarit\u00e9s aupr\u00e8s de son leader ont conduit \u00e0 son arrestation en ao\u00fbt 2023, pour notamment \u201cinsurrection\u201d et \u201cactes ou man\u0153uvres de nature \u00e0 compromettre la s\u00e9curit\u00e9 publique\u201d.<\/p>\n\n\n\n<p>Elle sera transf\u00e9r\u00e9e au pavillon sp\u00e9cial en raison de sa sant\u00e9 fragile.La nouvelle ministre de la Famille et des Solidarit\u00e9s, membre de la Ligue s\u00e9n\u00e9galaise de lutte contre le cancer et chef d\u2019entreprise, est d\u00e9sormais d\u00e9cid\u00e9e \u00e0 s\u2019investir au travail \u201csans trompette ni tambours\u201d, dit-elle dans des entretiens avec des m\u00e9dias s\u00e9n\u00e9galais.\u201cOn va essayer d\u2019atteindre les objectifs qui nous attendent\u201d, promet Ma\u00efmouna Di\u00e8ye, en soulignant que la femme et l\u2019enfant sont \u201cau c\u0153ur\u201d de la famille.<\/p>\n\n\n\n<p>Elle dit appr\u00e9cier positivement la r\u00e9duction du nombre de minist\u00e8res \u2013 25 postes et cinq secr\u00e9taires d\u2019Etat -, contre 35 dans le pr\u00e9c\u00e9dent gouvernement, ce qui constitue, \u00e0 ses yeux, \u201cune marque de la rupture pr\u00f4n\u00e9e\u201d par la coalition \u201cDiomaye Pr\u00e9sident\u201d qui a port\u00e9 l\u2019actuel chef de l\u2019Etat au pouvoir.FKS\/BK<\/p>\n","protected":false},"excerpt":{"rendered":"<p>Dakar, (APS) \u2013 La nouvelle ministre de la Famille et des Solidarit\u00e9s, Ma\u00efmouna Di\u00e8ye, est une actrice du d\u00e9veloppement venue<\/p>\n","protected":false},"author":1,"featured_media":34190,"comment_status":"open","ping_status":"open","sticky":false,"template":"","format":"standard","meta":{"footnotes":""},"categories":[6],"tags":[],"class_list":["post-34189","post","type-post","status-publish","format-standard","has-post-thumbnail","hentry","category-politics"],"_links":{"self":[{"href":"https:\/\/dekkbi.com\/index.php?rest_route=\/wp\/v2\/posts\/34189","targetHints":{"allow":["GET"]}}],"collection":[{"href":"https:\/\/dekkbi.com\/index.php?rest_route=\/wp\/v2\/posts"}],"about":[{"href":"https:\/\/dekkbi.com\/index.php?rest_route=\/wp\/v2\/types\/post"}],"author":[{"embeddable":true,"href":"https:\/\/dekkbi.com\/index.php?rest_route=\/wp\/v2\/users\/1"}],"replies":[{"embeddable":true,"href":"https:\/\/dekkbi.com\/index.php?rest_route=%2Fwp%2Fv2%2Fcomments&post=34189"}],"version-history":[{"count":1,"href":"https:\/\/dekkbi.com\/index.php?rest_route=\/wp\/v2\/posts\/34189\/revisions"}],"predecessor-version":[{"id":34191,"href":"https:\/\/dekkbi.com\/index.php?rest_route=\/wp\/v2\/posts\/34189\/revisions\/34191"}],"wp:featuredmedia":[{"embeddable":true,"href":"https:\/\/dekkbi.com\/index.php?rest_route=\/wp\/v2\/media\/34190"}],"wp:attachment":[{"href":"https:\/\/dekkbi.com\/index.php?rest_route=%2Fwp%2Fv2%2Fmedia&parent=34189"}],"wp:term":[{"taxonomy":"category","embeddable":true,"href":"https:\/\/dekkbi.com\/index.php?rest_route=%2Fwp%2Fv2%2Fcategories&post=34189"},{"taxonomy":"post_tag","embeddable":true,"href":"https:\/\/dekkbi.com\/index.php?rest_route=%2Fwp%2Fv2%2Ftags&post=34189"}],"curies":[{"name":"wp","href":"https:\/\/api.w.org\/{rel}","templated":true}]}}