{"id":34175,"date":"2024-04-06T09:17:46","date_gmt":"2024-04-06T09:17:46","guid":{"rendered":"https:\/\/dekkbi.com\/?p=34175"},"modified":"2024-04-06T09:17:47","modified_gmt":"2024-04-06T09:17:47","slug":"programmes-dedies-a-la-diaspora-lobservatoire-des-senegalais-de-la-diaspora-demande-au-president-bassirou-diomaye-faye-de-faire-le-bilan","status":"publish","type":"post","link":"https:\/\/dekkbi.com\/?p=34175","title":{"rendered":"Programmes d\u00e9di\u00e9s \u00e0 la diaspora : L\u2019Observatoire des S\u00e9n\u00e9galais de la Diaspora demande au Pr\u00e9sident Bassirou Diomaye Faye de faire le bilan"},"content":{"rendered":"\n<h3 class=\"wp-block-heading\">Apr\u00e8s la c\u00e9r\u00e9monie de prestation de serment du cinqui\u00e8me pr\u00e9sident de la R\u00e9publique du S\u00e9n\u00e9gal, l\u2019Observatoire des S\u00e9n\u00e9galais de la Diaspora (OSD) exprime ses vives f\u00e9licitations et encourage le nouveau Pr\u00e9sident de la R\u00e9publique Bassirou Diomaye Faye \u00e0 relever le d\u00e9fi du d\u00e9veloppement en tenant compte de la vision, l\u2019expertise et l\u2019apport financier des s\u00e9n\u00e9galais vivant dans la diaspora.<\/h3>\n\n\n\n<p>A la faveur de notre d\u00e9mocratie l\u00e9gendaire, la fiert\u00e9 de repr\u00e9senter notre cher pays \u00e0 l\u2019\u00e9tranger reste encore plus pr\u00e9gnante. Le S\u00e9n\u00e9galais de la diaspora peut encore continuer \u00e0 \u00ab bomber \u00bb le torse partout.<\/p>\n\n\n\n<p>Le S\u00e9n\u00e9gal a failli perdre son lustre mais s\u2019est illico relev\u00e9 la t\u00eate gr\u00e2ce \u00e0 ses institutions et la volont\u00e9 populaire.Votre victoire probante \u00e0 l\u2019\u00e9lection pr\u00e9sidentielle du 24 mars dernier constitue l\u2019aboutissement d\u2019un long combat d\u00e9mocratique ax\u00e9 sur un sens patriotique incommensurable. <\/p>\n\n\n\n<p>Elle symbolise, \u00e0 notre sens, une rupture \u00e9pist\u00e9mologique assimilable au schisme yougoslave.Si notre d\u00e9mocratie chevronn\u00e9e, si vivante, confirme de nouveau l\u2019exception bien s\u00e9n\u00e9galaise dans le monde et en particulier en Afrique au Sud du Sahara, les diasporas s\u00e9n\u00e9galaises y ont beaucoup contribu\u00e9, en fa\u00e7onnant l\u2019image de la d\u00e9mocratie, en mobilisant les ressources et les familles rest\u00e9es au pays.<\/p>\n\n\n\n<p>Du coup, votre \u00e9lection constitue un tournant d\u00e9cisif, non seulement pour le S\u00e9n\u00e9gal mais \u00e9galement pour sa diaspora qui repr\u00e9sente environs plus de 20 % de la population avec pr\u00e8s de 3 millions de personnes \u00ab Direction g\u00e9n\u00e9ral d&rsquo;Appui aux S\u00e9n\u00e9galais de l&rsquo;Ext\u00e9rieur DGASE \u2013 2022).<\/p>\n\n\n\n<p>Devenue un socle \u00e9conomique et social d\u00e9cisif, la diaspora conc\u00e8de un apport financier estim\u00e9 \u00e0 1 700 milliards FCFA (2,6 milliards d&rsquo;euros) en 2022, soit une progression de 4,8% par rapport \u00e0 2021.<\/p>\n\n\n\n<p>Le S\u00e9n\u00e9gal dispose ainsi d\u2019un levier probant sur lequel SEM Excellence Bassirou Diomaye Faye, pourra s\u2019appuyer pour d\u00e9velopper, \u00e0 coup s\u00fbr, le pays et renforcer sa d\u00e9mocratie.<\/p>\n\n\n\n<p>Depuis 2012, plusieurs programmes ont \u00e9t\u00e9 lanc\u00e9s pour permettre aux S\u00e9n\u00e9galais de l\u2019ext\u00e9rieur de contribuer \u00e0 l\u2019effort de d\u00e9veloppement. Des milliards ont ainsi \u00e9t\u00e9 inject\u00e9s en faveur de la diaspora.<\/p>\n\n\n\n<p> Quel bilan tir\u00e9 de cette politique envers les diasporas ?Etant donn\u00e9 qu\u2019il faut, d\u00e8s \u00e0 pr\u00e9sent, que l&rsquo;\u00e9clair succ\u00e8de \u00e0 l\u2019ombre, nous vous demandons de bien vouloir proc\u00e9der \u00e0 l\u2019\u00e9valuation pointue et exhaustive des diff\u00e9rents programmes de l\u2019Etat du S\u00e9n\u00e9gal d\u00e9di\u00e9s aux diasporas s\u00e9n\u00e9galaises.<\/p>\n\n\n\n<p>L\u2019ambition de l\u2019Observatoire des S\u00e9n\u00e9galais de la Diaspora (OSD), organisation de droit belge, c\u2019est que partout dans le monde, la flamme de la diaspora puisse continuer de rayonner sur le d\u00e9veloppement de notre cher S\u00e9n\u00e9gal.Le Conseil Ex\u00e9cutif de l\u2019OSDJamil Thiam, Sidy Djileh Sambou, Dame Diouf(Bruxelles, Belgique)<\/p>\n\n\n\n<p><\/p>\n","protected":false},"excerpt":{"rendered":"<p>Apr\u00e8s la c\u00e9r\u00e9monie de prestation de serment du cinqui\u00e8me pr\u00e9sident de la R\u00e9publique du S\u00e9n\u00e9gal, l\u2019Observatoire des S\u00e9n\u00e9galais de la<\/p>\n","protected":false},"author":1,"featured_media":34176,"comment_status":"open","ping_status":"open","sticky":false,"template":"","format":"standard","meta":{"footnotes":""},"categories":[3],"tags":[],"class_list":["post-34175","post","type-post","status-publish","format-standard","has-post-thumbnail","hentry","category-event-more-news"],"_links":{"self":[{"href":"https:\/\/dekkbi.com\/index.php?rest_route=\/wp\/v2\/posts\/34175","targetHints":{"allow":["GET"]}}],"collection":[{"href":"https:\/\/dekkbi.com\/index.php?rest_route=\/wp\/v2\/posts"}],"about":[{"href":"https:\/\/dekkbi.com\/index.php?rest_route=\/wp\/v2\/types\/post"}],"author":[{"embeddable":true,"href":"https:\/\/dekkbi.com\/index.php?rest_route=\/wp\/v2\/users\/1"}],"replies":[{"embeddable":true,"href":"https:\/\/dekkbi.com\/index.php?rest_route=%2Fwp%2Fv2%2Fcomments&post=34175"}],"version-history":[{"count":1,"href":"https:\/\/dekkbi.com\/index.php?rest_route=\/wp\/v2\/posts\/34175\/revisions"}],"predecessor-version":[{"id":34177,"href":"https:\/\/dekkbi.com\/index.php?rest_route=\/wp\/v2\/posts\/34175\/revisions\/34177"}],"wp:featuredmedia":[{"embeddable":true,"href":"https:\/\/dekkbi.com\/index.php?rest_route=\/wp\/v2\/media\/34176"}],"wp:attachment":[{"href":"https:\/\/dekkbi.com\/index.php?rest_route=%2Fwp%2Fv2%2Fmedia&parent=34175"}],"wp:term":[{"taxonomy":"category","embeddable":true,"href":"https:\/\/dekkbi.com\/index.php?rest_route=%2Fwp%2Fv2%2Fcategories&post=34175"},{"taxonomy":"post_tag","embeddable":true,"href":"https:\/\/dekkbi.com\/index.php?rest_route=%2Fwp%2Fv2%2Ftags&post=34175"}],"curies":[{"name":"wp","href":"https:\/\/api.w.org\/{rel}","templated":true}]}}