{"id":34173,"date":"2024-04-06T09:12:55","date_gmt":"2024-04-06T09:12:55","guid":{"rendered":"https:\/\/dekkbi.com\/?p=34173"},"modified":"2024-04-06T09:12:56","modified_gmt":"2024-04-06T09:12:56","slug":"emploi-des-jeunes-le-secteur-prive-sur-la-meme-ligne-que-letat","status":"publish","type":"post","link":"https:\/\/dekkbi.com\/?p=34173","title":{"rendered":"Emploi des jeunes : Le secteur priv\u00e9 sur la m\u00eame ligne que l\u2019\u00c9tat"},"content":{"rendered":"\n<p>Le pr\u00e9sident du Conseil national du patronat (Cnp) a accept\u00e9 de revenir avec Le Quotidien sur les grandes lignes du message \u00e0 la Nation du pr\u00e9sident de la R\u00e9publique Bassirou Diomaye Faye, \u00e0 l\u2019occasion de la veille de la F\u00eate nationale du 4 avril.<\/p>\n\n\n\n<p>\u00abC\u2019est avec la plus grande attention que j\u2019ai \u00e9cout\u00e9 l\u2019adresse \u00e0 la Nation du chef de l\u2019Etat. Au niveau du secteur priv\u00e9, je suis persuad\u00e9 que les investisseurs priv\u00e9s nationaux et \u00e9trangers lui ont tous pr\u00eat\u00e9 une oreille attentive.<\/p>\n\n\n\n<p>Je dois dire qu\u2019aussi bien sa vision que ses premi\u00e8res directives pr\u00e9sidentielles pour un S\u00e9n\u00e9gal souverain, juste et prosp\u00e8re, sont tr\u00e8s rassurantes, attractives et incitatives \u00e0 plus de flux d\u2019investissements priv\u00e9s dans notre pays.Pour ma part, je dirais que j\u2019ai principalement not\u00e9 les valeurs r\u00e9publicaines de citoyennet\u00e9, d\u2019\u00e9quit\u00e9, de coh\u00e9sion, de rupture, d\u2019engagement, de travail et de justice.<\/p>\n\n\n\n<p>Concernant les directives pr\u00e9sidentielles socio-\u00e9conomiques du chef de l\u2019Etat, notre conf\u00e9d\u00e9ration patronale (Cnp) entend contribuer substantiellement \u00e0 l\u2019atteinte de ses objectifs que nous partageons pleinement et qui sont relatifs \u00e0 l\u2019emploi-jeunes et l\u2019entreprenariat-jeunes, le contenu local, la digitalisation et la justice.<\/p>\n\n\n\n<p>D\u2019ailleurs, je rappelle que lesdites pr\u00e9occupations y aff\u00e9rentes sont d\u00e9taill\u00e9es dans la Charte des priorit\u00e9s et d\u2019engagements pr\u00e9sidentiels \u00e9labor\u00e9e par les organisations du secteur priv\u00e9 national.<\/p>\n\n\n\n<p>Concernant l\u2019insertion professionnelle de notre jeunesse, le Cnp entend travailler en symbiose avec l\u2019Etat pour relever ensemble les enjeux qui s\u2019imposent aux employeurs et investisseurs priv\u00e9s que nous sommes.Nous soutenons qu\u2019avoir un emploi ou devenir un jeune entrepreneur, c\u2019est trouver sa place dans la soci\u00e9t\u00e9, une dignit\u00e9 humaine qui ne peut laisser indiff\u00e9rent tout citoyen s\u00e9n\u00e9galais. <\/p>\n\n\n\n<p>Nous avons entendu notre jeunesse formidable et innovante qui ne nous demande qu\u2019une chose : mieux s\u2019ins\u00e9rer et avoir confiance. Nous avons cette responsabilit\u00e9 d\u2019\u00eatre \u00e0 l\u2019\u00e9coute de notre jeunesse, ainsi que de la prot\u00e9ger contre toute pr\u00e9carit\u00e9 et forme d\u2019exclusion sociale.<\/p>\n\n\n\n<p>La r\u00e9solution de cette \u00e9quation socio-\u00e9conomique nous exige d\u2019agir ensemble sur plusieurs leviers, notamment l\u2019engagement et la solidarit\u00e9 comme le souligne le pr\u00e9sident de la R\u00e9publique, mais aussi le bon partenariat public\/priv\u00e9, la dette int\u00e9rieure, les politiques minist\u00e9rielles, surtout dans les secteurs grands pourvoyeurs d\u2019emplois durables tels que l\u2019agro-industrie, le num\u00e9rique, le tourisme et le Btp.<\/p>\n\n\n\n<p>Les autres leviers indispensables sont \u00e9galement la commande publique, la l\u00e9gislation du travail en pr\u00e9servant bien entendu les acquis sociaux des travailleurs, la r\u00e9forme fonci\u00e8re, le climat des affaires et le financement. <\/p>\n\n\n\n<p>Sur chaque levier, nous avons des propositions concr\u00e8tes et r\u00e9alistes pour le bien de notre jeunesse et de notre Nation.Concernant le contenu local, il y a eu des avanc\u00e9es significatives dans les secteurs des hydrocarbures et des mines.<\/p>\n\n\n\n<p> Cependant, le Cnp a toujours dit que cela n\u2019\u00e9tait pas suffisant pour promouvoir le secteur priv\u00e9, mais surtout notre souverainet\u00e9 \u00e9conomique.Il est heureux que ce grand chantier soit l\u2019une des grandes priorit\u00e9s du pr\u00e9sident de la R\u00e9publique. <\/p>\n\n\n\n<p>Ce n\u2019est, en effet, qu\u2019ainsi que notre pays pourra \u00e9galement apporter une r\u00e9ponse durable \u00e0 la forte int\u00e9gration de l\u2019\u00e9conomie s\u00e9n\u00e9galaise, au d\u00e9ficit de la balance commerciale, \u00e0 la r\u00e9duction des flux de rapatriements et transferts de capitaux, \u00e0 la limitation de toute forme de d\u00e9pendance ext\u00e9rieure \u00e0 moyen et long termes.<\/p>\n\n\n\n<p>A cet effet, nous avions d\u00e9j\u00e0 propos\u00e9 l\u2019\u00e9laboration d\u2019une loi multisectorielle et flexible sur le contenu local permettant des d\u00e9clinaisons minist\u00e9rielles r\u00e9glementaires, ainsi que juridiques en fonction de la nature de tel ou tel secteur d\u2019activit\u00e9s et\/ou produit cibl\u00e9.<\/p>\n\n\n\n<p>Et pour finir, en rappelant la conclusion du pr\u00e9sident de la R\u00e9publique dans son message \u00e0 la Nation, nous sommes \u00e0 ses c\u00f4t\u00e9s pour poursuivre, ensemble, cette marche solidaire vers notre destin commun, main dans la main, \u00e9paule contre \u00e9paule.\u00bb<\/p>\n\n\n\n<p>mgueye@lequotidien.sn<\/p>\n\n\n\n<p><\/p>\n","protected":false},"excerpt":{"rendered":"<p>Le pr\u00e9sident du Conseil national du patronat (Cnp) a accept\u00e9 de revenir avec Le Quotidien sur les grandes lignes du<\/p>\n","protected":false},"author":1,"featured_media":33978,"comment_status":"open","ping_status":"open","sticky":false,"template":"","format":"standard","meta":{"footnotes":""},"categories":[3],"tags":[],"class_list":["post-34173","post","type-post","status-publish","format-standard","has-post-thumbnail","hentry","category-event-more-news"],"_links":{"self":[{"href":"https:\/\/dekkbi.com\/index.php?rest_route=\/wp\/v2\/posts\/34173","targetHints":{"allow":["GET"]}}],"collection":[{"href":"https:\/\/dekkbi.com\/index.php?rest_route=\/wp\/v2\/posts"}],"about":[{"href":"https:\/\/dekkbi.com\/index.php?rest_route=\/wp\/v2\/types\/post"}],"author":[{"embeddable":true,"href":"https:\/\/dekkbi.com\/index.php?rest_route=\/wp\/v2\/users\/1"}],"replies":[{"embeddable":true,"href":"https:\/\/dekkbi.com\/index.php?rest_route=%2Fwp%2Fv2%2Fcomments&post=34173"}],"version-history":[{"count":1,"href":"https:\/\/dekkbi.com\/index.php?rest_route=\/wp\/v2\/posts\/34173\/revisions"}],"predecessor-version":[{"id":34174,"href":"https:\/\/dekkbi.com\/index.php?rest_route=\/wp\/v2\/posts\/34173\/revisions\/34174"}],"wp:featuredmedia":[{"embeddable":true,"href":"https:\/\/dekkbi.com\/index.php?rest_route=\/wp\/v2\/media\/33978"}],"wp:attachment":[{"href":"https:\/\/dekkbi.com\/index.php?rest_route=%2Fwp%2Fv2%2Fmedia&parent=34173"}],"wp:term":[{"taxonomy":"category","embeddable":true,"href":"https:\/\/dekkbi.com\/index.php?rest_route=%2Fwp%2Fv2%2Fcategories&post=34173"},{"taxonomy":"post_tag","embeddable":true,"href":"https:\/\/dekkbi.com\/index.php?rest_route=%2Fwp%2Fv2%2Ftags&post=34173"}],"curies":[{"name":"wp","href":"https:\/\/api.w.org\/{rel}","templated":true}]}}