{"id":34029,"date":"2024-04-03T12:22:21","date_gmt":"2024-04-03T12:22:21","guid":{"rendered":"https:\/\/dekkbi.com\/?p=34029"},"modified":"2024-04-03T12:22:22","modified_gmt":"2024-04-03T12:22:22","slug":"coupe-de-france-le-psg-parasite-par-les-remous-entre-mbappe-et-luis-enrique","status":"publish","type":"post","link":"https:\/\/dekkbi.com\/?p=34029","title":{"rendered":"Coupe de France: le PSG parasit\u00e9 par les remous entre Mbapp\u00e9 et Luis Enrique"},"content":{"rendered":"\n<p>De nouveaux remous dans la relation entre Kylian Mbapp\u00e9 et l&rsquo;entra\u00eeneur Luis Enrique menacent de parasiter les importantes \u00e9ch\u00e9ances du Paris SG, dont la demi-finale de Coupe de France contre Rennes mercredi et le quart de finale aller de Ligue des champions le 10 avril.<\/p>\n\n\n\n<p>La photo post\u00e9e par la superstar sur son compte Instagram, sit\u00f4t termin\u00e9e la rencontre \u00e0 Marseille dimanche (2-0), va-t-elle sceller une discorde dommageable pour le club? A l&rsquo;heure de jeu, Kylian Mbapp\u00e9 a \u00e9t\u00e9 remplac\u00e9, comme c&rsquo;est arriv\u00e9 \u00e0 plusieurs reprises depuis l&rsquo;annonce de son d\u00e9part cet \u00e9t\u00e9 \u00e0 ses dirigeants &#8211; alors que cela \u00e9tait rarissime depuis son arriv\u00e9e au PSG en 2017.<\/p>\n\n\n\n<p>La prise de vue de la superstar, de dos sous la pluie, le brassard de capitaine n\u00e9gligemment port\u00e9 \u00e0 bout de bras en vue de sa sortie, a sembl\u00e9 sur le moment \u00eatre un message de d\u00e9ception voire de col\u00e8re adress\u00e9 \u00e0 l&rsquo;intention de l&rsquo;entra\u00eeneur et du club, ainsi qu&rsquo;\u00e0 ses 112 millions d&rsquo;abonn\u00e9s.<\/p>\n\n\n\n<p>C&rsquo;est aussi, alors que Mbapp\u00e9 n&rsquo;a pas encore annonc\u00e9 sa future destination qui sera tr\u00e8s probablement le Real Madrid, l&rsquo;image d&rsquo;un d\u00e9but de divorce avec le club o\u00f9 il a \u00e9volu\u00e9 sept saisons durant. Contact\u00e9 par l&rsquo;AFP, son entourage n&rsquo;avait pas donn\u00e9 suite mardi apr\u00e8s-midi.<\/p>\n\n\n\n<p>A la mi-journ\u00e9e, la conf\u00e9rence de presse consacr\u00e9e au match contre Rennes en Coupe de France a \u00e9t\u00e9 en partie occup\u00e9e par des questions sur le sujet. Luis Enrique a jou\u00e9 la contre-attaque pour d\u00e9miner la pol\u00e9mique, rejetant la faute sur les m\u00e9dias.<\/p>\n\n\n\n<p>\u00ab\u00a0Ce qui est curieux c&rsquo;est tout ce qui est dit, chez une partie des journalistes, \u00e0 partir d&rsquo;une nouvelle mensong\u00e8re\u00a0\u00bb, a-t-il pest\u00e9, en r\u00e9f\u00e9rence \u00e0 une insulte qu&rsquo;aurait prof\u00e9r\u00e9e \u00e0 moiti\u00e9 Kylian Mbapp\u00e9 \u00e0 sa sortie du terrain. \u00ab\u00a0Quelqu&rsquo;un a invent\u00e9 une insulte et \u00e0 partir de l\u00e0, il y a des sp\u00e9culations en tous genres&#8230;\u00a0\u00bb<\/p>\n\n\n\n<p>L&rsquo;entra\u00eeneur a assur\u00e9 \u00ab\u00a0vivre \u00e7a avec une totale tranquillit\u00e9\u00a0\u00bb, fort de son \u00ab\u00a0exp\u00e9rience\u00a0\u00bb sous la pression comme au FC Barcelone ou en s\u00e9lection espagnole.<\/p>\n\n\n\n<p>\u00ab\u00a0Je suis tr\u00e8s content de tous mes joueurs, Kylian inclus, il s&rsquo;est toujours comport\u00e9 de fa\u00e7on admirable\u00a0\u00bb, a-t-il insist\u00e9.<\/p>\n\n\n\n<p>Les commentaires, \u00ab\u00a0\u00e7a ne m&rsquo;affecte pas, je n&rsquo;\u00e9coute pas, je ne lis pas\u00a0\u00bb, a aussi jur\u00e9 Luis Enrique.<\/p>\n\n\n\n<h2 class=\"wp-block-heading\">\u00ab\u00a0Dans le m\u00eame bateau\u00a0\u00bb<\/h2>\n\n\n\n<p>Le technicien espagnol semble profiter du d\u00e9part annonc\u00e9 de Mbapp\u00e9 pour apposer encore davantage sa patte sur l&rsquo;\u00e9quipe, avec le rabotage syst\u00e9matique de son temps de jeu depuis f\u00e9vrier. Au lendemain d&rsquo;une sortie d\u00e8s la mi-temps \u00e0 Monaco le 1er mars (0-0) et de la rebuffade du joueur qui \u00e9tait all\u00e9 rejoindre sa m\u00e8re en tribune, les deux hommes s&rsquo;\u00e9taient d&rsquo;ailleurs expliqu\u00e9 \u00e0 l&rsquo;entra\u00eenement.<\/p>\n\n\n\n<p>Dans l&rsquo;esprit de Luis Enrique, l&rsquo;\u00e9quipe pourrait \u00eatre \u00ab\u00a0plus forte\u00a0\u00bb la saison prochaine mais il faut d&rsquo;abord \u00ab\u00a0s&rsquo;habituer \u00e0 jouer sans Mbapp\u00e9\u00a0\u00bb. \u00ab\u00a0Le groupe est au-dessus de toutes les individualit\u00e9s\u00a0\u00bb, a-t-il profess\u00e9.<\/p>\n\n\n\n<p>N\u00e9anmoins, le risque est de fragiliser sa figure de proue (38 buts toutes comp\u00e9titions confondues, loin devant Randal Kolo Muani et Gon\u00e7alo Ramos, 9 chacun) \u00e0 l&rsquo;approche des \u00e9ch\u00e9ances les plus importantes de la saison. Le PSG accueille Rennes mercredi (21h10) dans une Coupe de France qu&rsquo;il n&rsquo;a plus gagn\u00e9e depuis trois ans et dont il a fait un objectif majeur.<\/p>\n\n\n\n<p>Et une semaine plus tard s&rsquo;ouvre la double confrontation contre le FC Barcelone de Robert Lewandowski en quarts de finale de Ligue des champions, une comp\u00e9tition qui se d\u00e9robe aux Parisiens depuis toujours.<\/p>\n\n\n\n<p>Kylian Mbapp\u00e9 devrait disputer l&rsquo;int\u00e9gralit\u00e9 de ces deux matches au vu de la pratique de l&rsquo;entra\u00eeneur lors de pr\u00e9c\u00e9dents matches cl\u00e9s &#8211; mais sans doute pas le match de Ligue 1 contre Clermont samedi. Reste \u00e0 savoir dans quel \u00e9tat d&rsquo;esprit sera l&rsquo;attaquant, lui qui assurait avant le V\u00e9lodrome dimanche qu&rsquo;il ne \u00ab\u00a0se cacherait pas\u00a0\u00bb.<\/p>\n\n\n\n<p>Luis Enrique l&rsquo;a rappel\u00e9 avec opportunisme, \u00ab\u00a0nous sommes tous dans le m\u00eame bateau, qui navigue et cherche \u00e0 arriver \u00e0 bon port&#8230;\u00a0\u00bb<\/p>\n\n\n\n<p>Il a souri: \u00ab\u00a0J&rsquo;adorerais que \u00e7a se termine bien pour le PSG, pour Kylian, pour tout le monde\u00a0\u00bb.<\/p>\n","protected":false},"excerpt":{"rendered":"<p>De nouveaux remous dans la relation entre Kylian Mbapp\u00e9 et l&rsquo;entra\u00eeneur Luis Enrique menacent de parasiter les importantes \u00e9ch\u00e9ances du<\/p>\n","protected":false},"author":1,"featured_media":34030,"comment_status":"open","ping_status":"open","sticky":false,"template":"","format":"standard","meta":{"footnotes":""},"categories":[9],"tags":[],"class_list":["post-34029","post","type-post","status-publish","format-standard","has-post-thumbnail","hentry","category-sports"],"_links":{"self":[{"href":"https:\/\/dekkbi.com\/index.php?rest_route=\/wp\/v2\/posts\/34029","targetHints":{"allow":["GET"]}}],"collection":[{"href":"https:\/\/dekkbi.com\/index.php?rest_route=\/wp\/v2\/posts"}],"about":[{"href":"https:\/\/dekkbi.com\/index.php?rest_route=\/wp\/v2\/types\/post"}],"author":[{"embeddable":true,"href":"https:\/\/dekkbi.com\/index.php?rest_route=\/wp\/v2\/users\/1"}],"replies":[{"embeddable":true,"href":"https:\/\/dekkbi.com\/index.php?rest_route=%2Fwp%2Fv2%2Fcomments&post=34029"}],"version-history":[{"count":1,"href":"https:\/\/dekkbi.com\/index.php?rest_route=\/wp\/v2\/posts\/34029\/revisions"}],"predecessor-version":[{"id":34031,"href":"https:\/\/dekkbi.com\/index.php?rest_route=\/wp\/v2\/posts\/34029\/revisions\/34031"}],"wp:featuredmedia":[{"embeddable":true,"href":"https:\/\/dekkbi.com\/index.php?rest_route=\/wp\/v2\/media\/34030"}],"wp:attachment":[{"href":"https:\/\/dekkbi.com\/index.php?rest_route=%2Fwp%2Fv2%2Fmedia&parent=34029"}],"wp:term":[{"taxonomy":"category","embeddable":true,"href":"https:\/\/dekkbi.com\/index.php?rest_route=%2Fwp%2Fv2%2Fcategories&post=34029"},{"taxonomy":"post_tag","embeddable":true,"href":"https:\/\/dekkbi.com\/index.php?rest_route=%2Fwp%2Fv2%2Ftags&post=34029"}],"curies":[{"name":"wp","href":"https:\/\/api.w.org\/{rel}","templated":true}]}}