{"id":3401,"date":"2022-11-16T15:39:08","date_gmt":"2022-11-16T15:39:08","guid":{"rendered":"https:\/\/dekkbi.com\/?p=3401"},"modified":"2022-11-16T15:39:09","modified_gmt":"2022-11-16T15:39:09","slug":"justice-amenagement-des-peines-le-bracelet-electronique-entre-en-vigueur","status":"publish","type":"post","link":"https:\/\/dekkbi.com\/?p=3401","title":{"rendered":"Justice \u2013 Am\u00e9nagement des peines : Le bracelet \u00e9lectronique entre en vigueur"},"content":{"rendered":"\n<p><strong>Que dire&nbsp;? C\u2019est une vieille dol\u00e9ance qui va \u00eatre satisfaite. Isma\u00efla Madior Fall a proc\u00e9d\u00e9 hier \u00e0 l\u2019inauguration du Centre de surveillance \u00e9lectronique, qui annonce l\u2019effectivit\u00e9 du placement sous surveillance \u00e9lectronique, commun\u00e9ment appel\u00e9 le port du bracelet \u00e9lectronique. Une initiative qui s\u2019inscrit dans le cadre de la politique p\u00e9nale d\u2019am\u00e9nagement des peines, avec l\u2019objectif de d\u00e9sengorger les lieux de privation de libert\u00e9. Il a rappel\u00e9 que les d\u00e9buts des travaux de ce centre ont \u00e9t\u00e9 lanc\u00e9s en 2017 lors de son premier passage au sein de ce minist\u00e8re. \u00abQuand je suis parti, mon successeur, Me Malick Sall, a continu\u00e9 le projet. Il a fait adopter la loi. Aujourd\u2019hui, je suis revenu. C\u2019est un bel exemple de continuit\u00e9 de l\u2019Etat. Je voudrais en profiter pour lui rendre hommage\u00bb, assure IMF.<\/strong><\/p>\n\n\n\n<p>Il faut savoir que le bracelet \u00e9lectronique a \u00e9t\u00e9 introduit dans la l\u00e9gislation \u00e0 la suite de modifications du Code p\u00e9nal et du Code de proc\u00e9dure p\u00e9nale, intervenues le 7 juillet 2020 pour d\u00e9sengorger les prisons. \u00abAujourd\u2019hui, il y a une surpopulation carc\u00e9rale, c\u2019est-\u00e0-dire nos prisons n\u2019offrent pas assez de places. Aujourd\u2019hui, nous avons une moyenne de 12 mille 500 prisonniers dans les 37 \u00e9tablissements carc\u00e9raux. Il faut lutter contre ces surpopulations carc\u00e9rales. Le pr\u00e9sident de la R\u00e9publique nous a demand\u00e9 de trouver des mesures conformes \u00e0 la loi\u00bb, avance le Garde des sceaux. Il d\u00e9taille les attentes&nbsp;: \u00abLa premi\u00e8re vocation du bracelet \u00e9lectronique, c\u2019est pour permettre de g\u00e9rer la d\u00e9tention pr\u00e9ventive. C\u2019est quoi ? Ce sont des individus qui sont inculp\u00e9es qui attendent leur jugement, notamment pour les affaires criminelles, quand je dis affaires criminelles, c\u2019est tout ce qui touche les trafics de drogue, les homicides, viols, ce sont des individus pour lesquels on a ouvert des informations judiciaires, \u00e7a prend du temps. Parfois ils sont oblig\u00e9s d\u2019attendre en prison. Et avec le bracelet \u00e9lectronique, ils n\u2019attendront plus. On les lib\u00e8re, on les laisse vaquer \u00e0 leurs occupations.\u00bb Ce processus a \u00e9t\u00e9 acc\u00e9l\u00e9r\u00e9 apr\u00e8s que les autorit\u00e9s judiciaires ont constat\u00e9 que certains m\u00e9canismes d\u2019am\u00e9nagement des peines, comme la lib\u00e9ration conditionnelle et la r\u00e9duction des peines, ne permettent pas de d\u00e9sengorger consid\u00e9rablement les prisons. \u00abEncore moins d\u2019atteindre les objectifs li\u00e9s \u00e0 l\u2019humanisation de la sanction p\u00e9nale\u00bb, poursuit le ministre de la Justice. Par cons\u00e9quent, il souligne que \u00able recours au bracelet comme alternative \u00e0 la d\u00e9tention provisoire et mode d\u2019am\u00e9nagement des peines, s\u2019av\u00e8re particuli\u00e8rement int\u00e9ressant pour r\u00e9duire les mandats de d\u00e9p\u00f4t et limiter les pr\u00e9ventives de libert\u00e9\u00bb.<\/p>\n\n\n\n<p>Par contre, il a aussi balay\u00e9 les doutes que suscite le bracelet \u00e9lectronique. N\u2019y a-t-il pas de risques\u00a0? \u00abLe bracelet \u00e9lectronique, c\u2019est quoi ? La police et la gendarmerie sont \u00e9galement des acteurs essentiels du dispositif. Elles travailleront en \u00e9troite collaboration avec les procureurs, les juges d\u2019instruction, les juges d\u2019application des peines et le Centre de surveillance \u00e9lectronique, afin d\u2019apporter des solutions aux \u00e9ventuels incidents qui pourraient survenir au cours de l\u2019ex\u00e9cution d\u2019une mesure de placement sous surveillance \u00e9lectronique\u00bb, \u00e9vacue IMF. \u00abIl est mis pour permettre de ne pas rester en prison, de sortir, d\u2019aller travailler, de vivre avec sa famille, de vaquer \u00e0 ses occupations. Ainsi, on pourra les identifier, les suivre. Il n\u2019y a pas de cam\u00e9ra, on ne pourra pas les suivre dans leur intimit\u00e9. Mais s\u2019ils se d\u00e9placent, on le saura\u00bb, argumente-t-il.<\/p>\n\n\n\n<p><br><strong>Par Amadou MBODJI \u2013 ambodji@lequotidien.sn<\/strong><\/p>\n","protected":false},"excerpt":{"rendered":"<p>Que dire&nbsp;? C\u2019est une vieille dol\u00e9ance qui va \u00eatre satisfaite. Isma\u00efla Madior Fall a proc\u00e9d\u00e9 hier \u00e0 l\u2019inauguration du Centre<\/p>\n","protected":false},"author":1,"featured_media":3402,"comment_status":"open","ping_status":"open","sticky":false,"template":"","format":"standard","meta":{"footnotes":""},"categories":[21],"tags":[],"class_list":["post-3401","post","type-post","status-publish","format-standard","has-post-thumbnail","hentry","category-societe"],"_links":{"self":[{"href":"https:\/\/dekkbi.com\/index.php?rest_route=\/wp\/v2\/posts\/3401","targetHints":{"allow":["GET"]}}],"collection":[{"href":"https:\/\/dekkbi.com\/index.php?rest_route=\/wp\/v2\/posts"}],"about":[{"href":"https:\/\/dekkbi.com\/index.php?rest_route=\/wp\/v2\/types\/post"}],"author":[{"embeddable":true,"href":"https:\/\/dekkbi.com\/index.php?rest_route=\/wp\/v2\/users\/1"}],"replies":[{"embeddable":true,"href":"https:\/\/dekkbi.com\/index.php?rest_route=%2Fwp%2Fv2%2Fcomments&post=3401"}],"version-history":[{"count":1,"href":"https:\/\/dekkbi.com\/index.php?rest_route=\/wp\/v2\/posts\/3401\/revisions"}],"predecessor-version":[{"id":3403,"href":"https:\/\/dekkbi.com\/index.php?rest_route=\/wp\/v2\/posts\/3401\/revisions\/3403"}],"wp:featuredmedia":[{"embeddable":true,"href":"https:\/\/dekkbi.com\/index.php?rest_route=\/wp\/v2\/media\/3402"}],"wp:attachment":[{"href":"https:\/\/dekkbi.com\/index.php?rest_route=%2Fwp%2Fv2%2Fmedia&parent=3401"}],"wp:term":[{"taxonomy":"category","embeddable":true,"href":"https:\/\/dekkbi.com\/index.php?rest_route=%2Fwp%2Fv2%2Fcategories&post=3401"},{"taxonomy":"post_tag","embeddable":true,"href":"https:\/\/dekkbi.com\/index.php?rest_route=%2Fwp%2Fv2%2Ftags&post=3401"}],"curies":[{"name":"wp","href":"https:\/\/api.w.org\/{rel}","templated":true}]}}