{"id":34001,"date":"2024-04-03T11:57:41","date_gmt":"2024-04-03T11:57:41","guid":{"rendered":"https:\/\/dekkbi.com\/?p=34001"},"modified":"2024-04-03T11:59:13","modified_gmt":"2024-04-03T11:59:13","slug":"prestation-serment-du-president-bassirou-diomaye-faye-amadou-ba-idrissa-seck-khalifa-ababacar-sall-barthelemy-dias-absents","status":"publish","type":"post","link":"https:\/\/dekkbi.com\/?p=34001","title":{"rendered":"SERMENT DE BASSIROU DIOMAYE FAYE &#8211; Amadou Ba, Idrissa Seck, Khalifa Sall, Barth\u00e9l\u00e9my absents \u00a0"},"content":{"rendered":"\n<p>Le nouveau pr\u00e9sident de la R\u00e9publique du S\u00e9n\u00e9gal, Bassirou Diomaye Diakhar Faye a \u00e9t\u00e9 officiellement investi ce mardi&nbsp; avril au Centre des expositions du Cicad de Diamniadio puis install\u00e9 dans ses fonctions. Parmi les personnalit\u00e9s qui ont pris part \u00e0 la c\u00e9r\u00e9monie des chefs d&rsquo;Etats, des repr\u00e9sentants des institutions de la r\u00e9publiques et missions consulaires et diplomatiques mais aussi de plusieurs membres de la oci\u00e9t\u00e9 civile et des autorit\u00e9s administratives, coutumi\u00e8res, religieusres et politiques.<\/p>\n\n\n\n<p>A l\u2019exception de quelques responsables politiques et candidats malheureux \u00e0 la pr\u00e9sidentielle du 24 mars 2024. Si le candidat de la coalition \u00ab Bennoo Bokk Yaakaar \u00bb Amadou Ba serait actuellement \u00e0 la Mecque o\u00f9 il effectue un p\u00e8lerinage, les raisons de l\u2019absence du pr\u00e9sident du parti \u00ab Rewmi \u00bb Idrissa Seck du leader du Mouvement \u00ab Taxawu S\u00e9n\u00e9gal \u00bb Khalifa Abababacar Sall et son poulain l\u2019\u00e9dile de la ville de Dalkar, Barth\u00e9l\u00e9my Toye Dias, demeurent inconnues. Toutefois, Khalifa Sall a adress\u00e9 ses chaleureuses f\u00e9licitations&nbsp; au nouveau chef de l\u2019Etat. \u00ab Je salue son \u00e9lection qui traduit l\u2019accomplissement de la volont\u00e9 du valeureux peuple s\u00e9n\u00e9galais. Mes pri\u00e8res appuy\u00e9es de r\u00e9ussite l\u2019accompagnent \u00bb, a-t-il \u00e9crit.<\/p>\n\n\n\n<p>Auparavant, le maire de la ville de Dakar, Barth\u00e9l\u00e9my Toye Dias, a f\u00e9licit\u00e9 le 5e pr\u00e9sident du S\u00e9n\u00e9gal ind\u00e9pendant, tout en lui souhaitant un r\u00e8gne prosp\u00e8re et harmonieux. \u00ab Au nom de toute la ville de Dakar, je tiens \u00e0 adresser mes plus sinc\u00e8res f\u00e9licitations au pr\u00e9sident de la R\u00e9publique du S\u00e9n\u00e9gal, M. Bassirou Diomaye Faye, pour avoir pr\u00eat\u00e9 serment aujourd&rsquo;hui. C&rsquo;est avec un profond respect et un grand espoir que nous Vous accueillons dans vos nouvelles fonctions. Puissiez-vous guider notre nation avec sagesse, compassion et d\u00e9termination vers un avenir de prosp\u00e9rit\u00e9 et d&rsquo;harmonie. Nous vous assurons de nos pri\u00e8res et de notre soutien dans cette noble mission \u00bb, a-t-il post\u00e9.<\/p>\n\n\n\n<p><em><strong>Malamine CISS<\/strong><\/em><br>ENQUETESPLUS<\/p>\n","protected":false},"excerpt":{"rendered":"<p>Le nouveau pr\u00e9sident de la R\u00e9publique du S\u00e9n\u00e9gal, Bassirou Diomaye Diakhar Faye a \u00e9t\u00e9 officiellement investi ce mardi&nbsp; avril au<\/p>\n","protected":false},"author":1,"featured_media":34002,"comment_status":"open","ping_status":"open","sticky":false,"template":"","format":"standard","meta":{"footnotes":""},"categories":[26],"tags":[],"class_list":["post-34001","post","type-post","status-publish","format-standard","has-post-thumbnail","hentry","category-fait-divers"],"_links":{"self":[{"href":"https:\/\/dekkbi.com\/index.php?rest_route=\/wp\/v2\/posts\/34001","targetHints":{"allow":["GET"]}}],"collection":[{"href":"https:\/\/dekkbi.com\/index.php?rest_route=\/wp\/v2\/posts"}],"about":[{"href":"https:\/\/dekkbi.com\/index.php?rest_route=\/wp\/v2\/types\/post"}],"author":[{"embeddable":true,"href":"https:\/\/dekkbi.com\/index.php?rest_route=\/wp\/v2\/users\/1"}],"replies":[{"embeddable":true,"href":"https:\/\/dekkbi.com\/index.php?rest_route=%2Fwp%2Fv2%2Fcomments&post=34001"}],"version-history":[{"count":4,"href":"https:\/\/dekkbi.com\/index.php?rest_route=\/wp\/v2\/posts\/34001\/revisions"}],"predecessor-version":[{"id":34007,"href":"https:\/\/dekkbi.com\/index.php?rest_route=\/wp\/v2\/posts\/34001\/revisions\/34007"}],"wp:featuredmedia":[{"embeddable":true,"href":"https:\/\/dekkbi.com\/index.php?rest_route=\/wp\/v2\/media\/34002"}],"wp:attachment":[{"href":"https:\/\/dekkbi.com\/index.php?rest_route=%2Fwp%2Fv2%2Fmedia&parent=34001"}],"wp:term":[{"taxonomy":"category","embeddable":true,"href":"https:\/\/dekkbi.com\/index.php?rest_route=%2Fwp%2Fv2%2Fcategories&post=34001"},{"taxonomy":"post_tag","embeddable":true,"href":"https:\/\/dekkbi.com\/index.php?rest_route=%2Fwp%2Fv2%2Ftags&post=34001"}],"curies":[{"name":"wp","href":"https:\/\/api.w.org\/{rel}","templated":true}]}}