{"id":33992,"date":"2024-04-03T11:44:44","date_gmt":"2024-04-03T11:44:44","guid":{"rendered":"https:\/\/dekkbi.com\/?p=33992"},"modified":"2024-04-03T11:44:44","modified_gmt":"2024-04-03T11:44:44","slug":"le-president-macky-sall-ou-lhumaniste-a-la-conquete-de-lhumanite","status":"publish","type":"post","link":"https:\/\/dekkbi.com\/?p=33992","title":{"rendered":"LE PRESIDENT MACKY SALL\u00a0OU L\u2019HUMANISTE \u00c0 LA CONQU\u00caTE DE L\u2019HUMANIT\u00c9"},"content":{"rendered":"\n<p>(Ce texte est une pr\u00e9sentation des grandes lignes de notre prochain livre consacr\u00e9 au Pr\u00e9sident Macky Sall).<\/p>\n\n\n\n<p>\u00ab&nbsp;Ce deux avril 2024, le Pr\u00e9sident Macky Sall va transmettre le Pouvoir qu\u2019il aura exerc\u00e9 pendant douze ans \u00e0 son successeur monsieur Bassirou Diomaye Faye. Du premier D\u00e9cembre 2008, date de la cr\u00e9ation de notre parti de l\u2019Alliance pour la R\u00e9publique APR et notre accession au pouvoir en mars 2012 apr\u00e8s seulement trois ans d\u2019existence, que de chemin parouru. Nous renouvelons nos hommages nos&nbsp;loyaux alli\u00e9s de la Coalition Benno Bokk Yaakaar.&nbsp;Le Pr\u00e9sident Macky Sall, malgr\u00e9 les vicissitudes et les contingences de la vie est bien l\u2019h\u00e9ritier et le successeur du Pr\u00e9sident Abdoulaye Wade, le P\u00e8re du Lib\u00e9ralisme en Afrique.<\/p>\n\n\n\n<p>Le programme de l\u2019APR \u00ab&nbsp;Yonnou Yokoute&nbsp;a bien inspir\u00e9 le Plan S\u00e9n\u00e9gal \u00c9mergent (PSE), avec comme axes&nbsp;: le Capital humain, une Gouvernance sobre et vertueuse et la Transformation structurelle de l\u2019\u00c9conomie. Le Pr\u00e9sident Macky &nbsp;&nbsp;reste convaincu avec le capital humain que les hommes ont leur destin en main. Qu\u2019ils doivent construire par eux-m\u00eames le monde dans lequel ils vivent, \u00eatre tol\u00e9rants avec les autres, libres de leurs actes, sans se r\u00e9f\u00e9rer \u00e0 une puissance ext\u00e9rieure. Le Patriotisme \u00e9conomique, l\u2019Humanisme \u00e9conomique, r\u00e9publicain et politique en constituent bien l\u2019essence et les orientations. D\u2019o\u00f9 le concept que votre serviteur avait th\u00e9oris\u00e9&nbsp;: \u00ab&nbsp;le Lib\u00e9ralisme social 3.H du Pr\u00e9sident Macky Sall dans la dynamique unitaire de Benno bokk yaakaar, face aux d\u00e9fis de la r\u00e9silience et de l\u2019\u00c9mergence&nbsp;\u00bb.<\/p>\n\n\n\n<p>L\u2019Humanisme r\u00e9publicain&nbsp;du Pr\u00e9sident Mackyred\u00e9finit la nature des relations entre l\u2019\u00c9tat, les gouvernants et les administr\u00e9s en faisant pr\u00e9valoir la d\u00e9cence et la pudeur r\u00e9publicaines dans le comportement des autorit\u00e9s dans leurs rapports quotidiens avec la Chose publique, au nom de l\u2019int\u00e9r\u00eat g\u00e9n\u00e9ral. En retour, l\u2019\u00c9tat exigera des citoyens &nbsp;&nbsp;de tout \u00e2ge et de tout bord de &nbsp;surtout fonder &nbsp;&nbsp;leurs actions quotidiennes sur des bases civiques et vertueuses.&nbsp;Le Pr\u00e9sident a bien pris en compte cette donne qu\u2019est le Capital Humain dans ses Politiques, Projets et Programmes Publics et Sectoriels comme le PUDC et surtout Promo villes.&nbsp;<\/p>\n\n\n\n<p>Le Pr\u00e9sident Macky Sall a pos\u00e9 des actes notables dans tous les secteurs de la vie \u00e9conomique et sociale : l\u2019\u00e9ducation, &nbsp;la sant\u00e9 avec &nbsp;des h\u00f4pitaux, dispensaires, centres de sant\u00e9 bien \u00e9quip\u00e9s, la couverture m\u00e9dicale universelle, la gratuit\u00e9 de certains soins, l\u2019agriculture, la p\u00eache, l\u2019\u00e9levage, l\u2019\u00e9nergie avec la plus grande centrale \u00e9lectrique &nbsp;de Bokhol, l\u2019acc\u00e8s en eau potable avec le KMS 3, le transport avec des routes, auto routes comme l\u2019Autoroute Ila Touba, le renouvellement du parc automobile &nbsp;de transport public, &nbsp;des ponts comme celui &nbsp;de &nbsp;S\u00e9n\u00e9gambie &nbsp;et celui de Foundiougne, des quais de p\u00eache, des bateaux &nbsp;pour la liaison &nbsp;Dakar Ziguinchor&nbsp;\u00bb, la nouvelle chaloupe de &nbsp;Dakar Gor\u00e9e, &nbsp;la compagnie &nbsp;Air S\u00e9n\u00e9gal International &nbsp;avec &nbsp;des &nbsp;a\u00e9ronefs neufs, le renforcement &nbsp;de notre &nbsp;s\u00e9curit\u00e9 int\u00e9rieure , les bourses scolaires, universitaires &nbsp;et sociales, &nbsp;prise en charge des personnes du troisi\u00e8me \u00e2ge etc. &nbsp;Le lancement prochain de notre application digitale d\u00e9nomm\u00e9e MP5R (Macky Politiques, Plans, Programmes, Projets, R\u00e9alisations).<\/p>\n\n\n\n<p>Il est heureux de constater que le Pr\u00e9sident Macky Sall, \u00ab&nbsp;le Grand b\u00e2tisseur&nbsp;\u00bb, en sus de ses innombrables chantiers structurels dans tous les domaines a pu pr\u00e9server ce que le S\u00e9n\u00e9gal a de plus cher&nbsp;: \u00ab&nbsp;l\u2019Exception s\u00e9n\u00e9galaise&nbsp;\u00bb qui se confond avec l\u2019identit\u00e9 de notre beau pays, le S\u00e9n\u00e9gal, pays de la&nbsp;\u00ab&nbsp;T\u00e9ranga&nbsp;\u00bb, ayant cette r\u00e9putation non usurp\u00e9e depuis la nuit des temps, partout dans le Monde comme une Terre d\u2019Accueil et un Peuple \u00e9pris de Paix et de Foi.<\/p>\n\n\n\n<p>Le Pr\u00e9sident Macky Sall, depuis son accession \u00e0 la magistrature supr\u00eame, en Homme d\u2019\u00c9tat accompli, ne s\u2019est jamais d\u00e9parti de ces valeurs qui ont pour noms : s\u00e9r\u00e9nit\u00e9, sens de l\u2019\u00e9coute et esprit de d\u00e9passement avec la lib\u00e9ration de nombreux d\u00e9tenus, y compris, le leader de Pastef Sonko et l\u2019actuel Pr\u00e9sident et l\u2019adoption de la loi d\u2019amnistie.&nbsp;Toujours constant dans sa qu\u00eate de l\u2019unit\u00e9 et de la coh\u00e9sion nationale, le Pr\u00e9sident Macky n\u2019a eu de cesse d\u2019\u0153uvrer de mani\u00e8re inlassable pour le dialogue avec tous les acteurs de la vie politique, \u00e9conomique et sociale, les autorit\u00e9s coutumi\u00e8res, religieuses toutes confessions confondues, les partis politiques, mouvements, soci\u00e9t\u00e9s civiles, syndicats.&nbsp;<\/p>\n\n\n\n<p><strong>En un mot la conscience nationale qu\u2019un<\/strong>&nbsp;grand homme (Maurice Barr\u00e8s, La Terre et les morts) d\u00e9finissait comme<strong>&nbsp;: \u00ab&nbsp;la symbiose entre la terre o\u00f9 nous sommes n\u00e9s et le culte des morts dont nous sommes les prolongements.&nbsp;\u00bb<\/strong>&nbsp;&nbsp;Le Pr\u00e9sident n\u2019a eu de cesse de rappeler qu\u2019aucun bras n\u2019est de trop pour faire de notre beau et accueillant pays \u00ab&nbsp;Un S\u00e9n\u00e9gal de Tous, Pour Tous, Par Tous d\u2019Unit\u00e9, de Paix, de S\u00e9curit\u00e9 et d\u2019\u00c9mergence.&nbsp;Au niveau continental le leadership du pr\u00e9sident Macky Sall est reconnu par ses pairs africains et confirm\u00e9 par les d\u00e9put\u00e9s &nbsp;du Parlement &nbsp;panafricain. Le S\u00e9n\u00e9gal vient de conna\u00eetre trois Alternances avec une transmission pacifique du Pouvoir pacifique, fait rare en Afrique.<\/p>\n\n\n\n<p>Le Pr\u00e9sident est un homme de paix et de dialogue. Sous son Magist\u00e8re \u00e0 la t\u00eate de l\u2019Union Africaine, le Pr\u00e9sident a toujours \u00e9t\u00e9 constant dans sa posture \u00ab&nbsp;d\u2019Africaniste de Bon Aloi&nbsp;\u00bb en demandant au Pr\u00e9sident de la Russie la lev\u00e9e du blocus sur le bl\u00e9, produit par la Russie en guerre contre l\u2019Ukraine, au profit de tous les \u00e9tats africains. La Dix-Septi\u00e8me Session Extraordinaire de la Conf\u00e9rence de l\u2019Union Africaine sur l\u2019Industrialisation au Niger, avait encore servi de tribune au Pr\u00e9sident SALL pour mettre davantage en \u00e9vidence les Atouts, la Probl\u00e9matique et les Enjeux de l\u2019Afrique face aux d\u00e9fis du D\u00e9veloppement.<\/p>\n\n\n\n<p>L\u2019Afrique, disait-il a bel et bien le potentiel de ses ambitions d\u2019\u00e9mergence et d\u2019int\u00e9gration en terme de superficie, de population, de terres arables non exploit\u00e9es, des r\u00e9serves de minerai, d\u2019importantes r\u00e9serves de ressources gazi\u00e8res, p\u00e9troli\u00e8res etc. Il s\u2019y ajoute que l\u2019Afrique a l\u2019avantage d\u2019avoir le taux de la population la plus jeune au Monde. Il reconna\u00eet que l\u2019employabilit\u00e9 des jeunes, qui constitue une v\u00e9ritable bombe \u00e0 retardement constitue la grande \u00e9quation &nbsp;&nbsp;de l\u2019heure \u00e0 r\u00e9soudre pour mettre fin \u00e0 l\u2019appel des mirages \u00e0 ces derniers vers \u00ab&nbsp;l\u2019Eldorado&nbsp;\u00bb des pays du Nord.<\/p>\n\n\n\n<p>Apr\u00e8s des services inestimables rendus \u00e0 son pays et l\u2019Afrique, le Pr\u00e9sident Macky Sall est sollicit\u00e9 par le Pr\u00e9sident Macron pour coordonner l\u2019un des plus grands chantiers de l\u2019Humanit\u00e9 \u00e0 savoir: Envoy\u00e9 sp\u00e9cial du Pr\u00e9sident Macron pour :&nbsp; Pacte de Paris pour les Peuples et la Plan\u00e8te le \u00ab&nbsp;4 P&nbsp;\u00bb. &nbsp;Ses objectifs entre autres sont depermettre de d\u00e9finir les principes des r\u00e9formes \u00e0 venir et de fixer une trajectoire vers un partenariat financier plus \u00e9quilibr\u00e9 entre le Sud et le Nord. Il ouvrira \u00e9galement la voie \u00e0 de nouveaux accords pour lutter contre le surendettement et permettre \u00e0 davantage de pays d\u2019acc\u00e9der aux financements dont ils ont besoin pour investir dans le d\u00e9veloppement durable, mieux pr\u00e9server la nature, faire chuter les \u00e9missions et prot\u00e9ger les populations contre la crise \u00e9cologique, l\u00e0 o\u00f9 c\u2019est le plus n\u00e9cessaire.<\/p>\n\n\n\n<p>Chers compatriotes que reste alors devoir de plus le Pr\u00e9sident Macky Sall au S\u00e9n\u00e9gal de 2024 en nous cr\u00e9ant un gigantesque boulevard de perspectives d\u2019\u00c9mergence, avec l\u2019exploitation dans quelques mois de nos gisements les plus importants et de qualit\u00e9 meilleure du Monde de p\u00e9trole, de gaz, zircon, autres minerais, apr\u00e8s avoir donn\u00e9 au S\u00e9n\u00e9gal un visage rayonnant et attractif en infrastructures de derni\u00e8re g\u00e9n\u00e9ration la reprise du chemin de fer comme le TER BERT&nbsp;? Pourquoi pas alors le \u00ab&nbsp;Mackysme&nbsp;\u00bb comme doctrine, mod\u00e8le de pens\u00e9e et le PSE comme Plan de D\u00e9veloppement et d\u2019Emergence \u00e0 l\u2019instar des Plans Marshall, Monnet \u00e0 enseigner dans les \u00e9coles, lyc\u00e9es, universit\u00e9s&nbsp;? Ce ne serait pas une surprise que cet homme, au vu de son parcours, de ses plaidoyers pour la Paix et l\u2019Humanisme soit r\u00e9compens\u00e9 dans un proche avenir du Prix Nobel de la Paix et celui de l\u2019Economie. Tout n\u2019a pas \u00e9t\u00e9 fait. Il y\u2019a bien eu, il est vrai des manques et des \u00e9checs. &nbsp;Et quoi d\u2019autre ?<\/p>\n\n\n\n<p>Nous&nbsp;prions r\u00e9ussite \u00e0 son successeur, son cousin s\u00e9r\u00e8re qui lui ressemble \u00e0 bien des \u00e9gards, de par les qualit\u00e9s qu\u2019on lui pr\u00eate d\u2019homme poli, humble, respectueux , plein de retenue, peu disert, &nbsp;leur origine commune modeste, rurale, leur brillant &nbsp;parcours acad\u00e9mique ici au S\u00e9n\u00e9gal Ceci gr\u00e2ce \u00e0 la comp\u00e9tence et le comportement surtout int\u00e8gre et r\u00e9publicain de nos ma\u00eetres et professeurs d\u2019alors, de vrais p\u00e9dagogues gr\u00e2ce au \u00ab&nbsp;Syst\u00e8me&nbsp;\u00bb aujourd\u2019hui honni et lapid\u00e9 par la nouveau Pouvoir &nbsp;qui se r\u00e9clame \u00ab&nbsp;Anti Syst\u00e8me&nbsp;\u00bb.<\/p>\n\n\n\n<p>Nous souhaitons vivement qu\u2019il honore son engagement, sa promesse de campagne de satisfaire enfin cette sempiternelle demande qu\u2019est l\u2019emploi pour tous les jeunes, la baisse du prix de l\u2019\u00e9nergie, des denr\u00e9es de premi\u00e8re n\u00e9cessit\u00e9 et du co\u00fbt du loyer. Qu\u2019il &nbsp;&nbsp;pr\u00e9serve et fasse accro\u00eetre surtout ce legs que nous ont laiss\u00e9 ses prestigieux pr\u00e9d\u00e9cesseurs&nbsp;: la Paix et la Coh\u00e9sion sociale et l\u2019Unit\u00e9 nationale. Parmi tous les honneurs que le Pr\u00e9sident nous a faits personnellement tout au long de ce beau compagnonnage avec lui, en nous nommant \u00e0 de prestigieuses fonctions politiques et institutionnelles, nous retiendrons celui-ci que nous consid\u00e9rons le plus&nbsp;: d\u2019avoir \u00e9t\u00e9 son compagnon apr\u00e8s notre cher p\u00e8re le Pr\u00e9sident Abdoulaye Wade. Merci pour Tout monsieur le Pr\u00e9sident. Que le Bon Dieu guide ses pas et le prot\u00e8ge ainsi que toute sa famille.<\/p>\n\n\n\n<p><em><strong>Ma\u00eetre Djibril WAR,<\/strong><\/em><br><em><strong>Directeur de l\u2019\u00c9cole du Parti APR<\/strong><\/em><\/p>\n","protected":false},"excerpt":{"rendered":"<p>(Ce texte est une pr\u00e9sentation des grandes lignes de notre prochain livre consacr\u00e9 au Pr\u00e9sident Macky Sall). \u00ab&nbsp;Ce deux avril<\/p>\n","protected":false},"author":1,"featured_media":33993,"comment_status":"open","ping_status":"open","sticky":false,"template":"","format":"standard","meta":{"footnotes":""},"categories":[21],"tags":[],"class_list":["post-33992","post","type-post","status-publish","format-standard","has-post-thumbnail","hentry","category-societe"],"_links":{"self":[{"href":"https:\/\/dekkbi.com\/index.php?rest_route=\/wp\/v2\/posts\/33992","targetHints":{"allow":["GET"]}}],"collection":[{"href":"https:\/\/dekkbi.com\/index.php?rest_route=\/wp\/v2\/posts"}],"about":[{"href":"https:\/\/dekkbi.com\/index.php?rest_route=\/wp\/v2\/types\/post"}],"author":[{"embeddable":true,"href":"https:\/\/dekkbi.com\/index.php?rest_route=\/wp\/v2\/users\/1"}],"replies":[{"embeddable":true,"href":"https:\/\/dekkbi.com\/index.php?rest_route=%2Fwp%2Fv2%2Fcomments&post=33992"}],"version-history":[{"count":1,"href":"https:\/\/dekkbi.com\/index.php?rest_route=\/wp\/v2\/posts\/33992\/revisions"}],"predecessor-version":[{"id":33994,"href":"https:\/\/dekkbi.com\/index.php?rest_route=\/wp\/v2\/posts\/33992\/revisions\/33994"}],"wp:featuredmedia":[{"embeddable":true,"href":"https:\/\/dekkbi.com\/index.php?rest_route=\/wp\/v2\/media\/33993"}],"wp:attachment":[{"href":"https:\/\/dekkbi.com\/index.php?rest_route=%2Fwp%2Fv2%2Fmedia&parent=33992"}],"wp:term":[{"taxonomy":"category","embeddable":true,"href":"https:\/\/dekkbi.com\/index.php?rest_route=%2Fwp%2Fv2%2Fcategories&post=33992"},{"taxonomy":"post_tag","embeddable":true,"href":"https:\/\/dekkbi.com\/index.php?rest_route=%2Fwp%2Fv2%2Ftags&post=33992"}],"curies":[{"name":"wp","href":"https:\/\/api.w.org\/{rel}","templated":true}]}}