{"id":3398,"date":"2022-11-16T15:35:56","date_gmt":"2022-11-16T15:35:56","guid":{"rendered":"https:\/\/dekkbi.com\/?p=3398"},"modified":"2022-11-16T15:35:58","modified_gmt":"2022-11-16T15:35:58","slug":"arrestation-pape-ale-niang-les-journalistes-delaissent-plumes-et-micros-pour-manifester","status":"publish","type":"post","link":"https:\/\/dekkbi.com\/?p=3398","title":{"rendered":"Arrestation Pape Al\u00e9 Niang : Les journalistes d\u00e9laissent plumes et micros pour manifester"},"content":{"rendered":"\n<p>La Coordination des Associations de presse (Cap) a tenu, ce mercredi, un conseil des m\u00e9dias \u00e0 la Maison de la Presse Babacar Tour\u00e9. Ce conseil a comme corollaire le conseil des ministres, r\u00e9union hebdomadaire pr\u00e9sid\u00e9 par le pr\u00e9sident de la R\u00e9publique sur la gouvernance du S\u00e9n\u00e9gal.<\/p>\n\n\n\n<p>Le conseil des m\u00e9dias, lui, est organis\u00e9 pour la sauvegarde de la libert\u00e9 de presse. Et, pour exiger la lib\u00e9ration imm\u00e9diate de Pape Al\u00e9 Niang, journaliste et directeur du site d\u2019informations Dakarmatin.<\/p>\n\n\n\n<p>Il est arr\u00eat\u00e9 depuis le dimanche 6 novembre 2022. Pape Al\u00e9 Niang est poursuivi pour les chefs d\u2019inculpation de diffusion d\u2019informations militaires non autoris\u00e9es par la hi\u00e9rarchie, de recel de documents administratifs et militaires et de diffusion de fausses nouvelles de nature \u00e0 jeter le discr\u00e9dit sur les institutions publiques.<\/p>\n\n\n\n<p>Ce conseil des m\u00e9dias a aussi servi de cadre pour pr\u00e9parer la marche de ce 18 novembre 2022. Un jalon important du plan d\u2019action mis en place pour la lib\u00e9ration du journaliste Pape Al\u00e9 Niang.<\/p>\n\n\n\n<p>La Cap appelle \u00e0 la mobilisation pour ce rassemblement. La manifestation va se tenir \u00e0 partir de 15 heures \u00e0 l\u2019avenue Bourguiba. Elle va d\u00e9buter \u00e0 l\u2019Ecole normale sup\u00e9rieure pour prendre fin au rond-point Jet d\u2019eau.<\/p>\n\n\n\n<p>LEQUOTIDIEN<\/p>\n","protected":false},"excerpt":{"rendered":"<p>La Coordination des Associations de presse (Cap) a tenu, ce mercredi, un conseil des m\u00e9dias \u00e0 la Maison de la<\/p>\n","protected":false},"author":1,"featured_media":3399,"comment_status":"open","ping_status":"open","sticky":false,"template":"","format":"standard","meta":{"footnotes":""},"categories":[26],"tags":[],"class_list":["post-3398","post","type-post","status-publish","format-standard","has-post-thumbnail","hentry","category-fait-divers"],"_links":{"self":[{"href":"https:\/\/dekkbi.com\/index.php?rest_route=\/wp\/v2\/posts\/3398","targetHints":{"allow":["GET"]}}],"collection":[{"href":"https:\/\/dekkbi.com\/index.php?rest_route=\/wp\/v2\/posts"}],"about":[{"href":"https:\/\/dekkbi.com\/index.php?rest_route=\/wp\/v2\/types\/post"}],"author":[{"embeddable":true,"href":"https:\/\/dekkbi.com\/index.php?rest_route=\/wp\/v2\/users\/1"}],"replies":[{"embeddable":true,"href":"https:\/\/dekkbi.com\/index.php?rest_route=%2Fwp%2Fv2%2Fcomments&post=3398"}],"version-history":[{"count":1,"href":"https:\/\/dekkbi.com\/index.php?rest_route=\/wp\/v2\/posts\/3398\/revisions"}],"predecessor-version":[{"id":3400,"href":"https:\/\/dekkbi.com\/index.php?rest_route=\/wp\/v2\/posts\/3398\/revisions\/3400"}],"wp:featuredmedia":[{"embeddable":true,"href":"https:\/\/dekkbi.com\/index.php?rest_route=\/wp\/v2\/media\/3399"}],"wp:attachment":[{"href":"https:\/\/dekkbi.com\/index.php?rest_route=%2Fwp%2Fv2%2Fmedia&parent=3398"}],"wp:term":[{"taxonomy":"category","embeddable":true,"href":"https:\/\/dekkbi.com\/index.php?rest_route=%2Fwp%2Fv2%2Fcategories&post=3398"},{"taxonomy":"post_tag","embeddable":true,"href":"https:\/\/dekkbi.com\/index.php?rest_route=%2Fwp%2Fv2%2Ftags&post=3398"}],"curies":[{"name":"wp","href":"https:\/\/api.w.org\/{rel}","templated":true}]}}