{"id":33968,"date":"2024-04-03T09:52:19","date_gmt":"2024-04-03T09:52:19","guid":{"rendered":"https:\/\/dekkbi.com\/?p=33968"},"modified":"2024-04-03T09:57:11","modified_gmt":"2024-04-03T09:57:11","slug":"ousmane-sonko-decline-les-priorites-du-nouveau-gouvernement","status":"publish","type":"post","link":"https:\/\/dekkbi.com\/?p=33968","title":{"rendered":"Ousmane Sonko d\u00e9cline les priorit\u00e9s du nouveau gouvernement"},"content":{"rendered":"\n<p>Dakar, (APS) \u2013 Le Premier ministre, Ousmane Sonko, s\u2019est engag\u00e9 mardi dans la soir\u00e9e \u00e0 mettre en \u0153uvre le programme de campagne du pr\u00e9sident Bassirou Diomaye Faye articul\u00e9 autour de la souverainet\u00e9, de la justice sociale et de la qu\u00eate de la prosp\u00e9rit\u00e9<\/p>\n\n\n\n<p>\u2018\u2019Nous allons travailler dans le cadre de notre programme&nbsp; qui tourne autour d\u2019un&nbsp; S\u00e9n\u00e9gal souverain,&nbsp; juste et prosp\u00e8re\u201d, a-t-il r\u00e9agi apr\u00e8s sa nomination au poste de chef du gouvernement par le pr\u00e9sident de la R\u00e9publique.<\/p>\n\n\n\n<p>\u2018\u2019Je mesure l\u2019importance et la confiance plac\u00e9e en moi en me nommant Premier ministre, c\u2019est-\u00e0-dire l\u2019autorit\u00e9 en charge&nbsp; de la coordination des actions gouvernement. C\u2019est une lourde responsabilit\u00e9\u2019\u2019, a estim\u00e9 le pr\u00e9sident des Patriotes africains du S\u00e9n\u00e9gal pour l\u2019\u00e9thique, le travail et la fraternit\u00e9 (PASTEF), un parti dissous.<\/p>\n\n\n\n<p>Le nouveau Premier ministre n\u2019a pas manqu\u00e9 de remercier le peuple s\u00e9n\u00e9galais pour le soutien et l\u2019affection port\u00e9 au projet de cette formation politique..<\/p>\n\n\n\n<p>Il invit\u00e9 chaque s\u00e9n\u00e9galais \u00e0 s\u2019approprier le projet \u00e0 travers des actes citoyens et patriotiques afin d\u2019aller vers une rupture dans le progr\u00e8s.<\/p>\n\n\n\n<p>ABD\/AKS<\/p>\n","protected":false},"excerpt":{"rendered":"<p>Dakar, (APS) \u2013 Le Premier ministre, Ousmane Sonko, s\u2019est engag\u00e9 mardi dans la soir\u00e9e \u00e0 mettre en \u0153uvre le programme<\/p>\n","protected":false},"author":1,"featured_media":33969,"comment_status":"open","ping_status":"open","sticky":false,"template":"","format":"standard","meta":{"footnotes":""},"categories":[6],"tags":[],"class_list":["post-33968","post","type-post","status-publish","format-standard","has-post-thumbnail","hentry","category-politics"],"_links":{"self":[{"href":"https:\/\/dekkbi.com\/index.php?rest_route=\/wp\/v2\/posts\/33968","targetHints":{"allow":["GET"]}}],"collection":[{"href":"https:\/\/dekkbi.com\/index.php?rest_route=\/wp\/v2\/posts"}],"about":[{"href":"https:\/\/dekkbi.com\/index.php?rest_route=\/wp\/v2\/types\/post"}],"author":[{"embeddable":true,"href":"https:\/\/dekkbi.com\/index.php?rest_route=\/wp\/v2\/users\/1"}],"replies":[{"embeddable":true,"href":"https:\/\/dekkbi.com\/index.php?rest_route=%2Fwp%2Fv2%2Fcomments&post=33968"}],"version-history":[{"count":1,"href":"https:\/\/dekkbi.com\/index.php?rest_route=\/wp\/v2\/posts\/33968\/revisions"}],"predecessor-version":[{"id":33970,"href":"https:\/\/dekkbi.com\/index.php?rest_route=\/wp\/v2\/posts\/33968\/revisions\/33970"}],"wp:featuredmedia":[{"embeddable":true,"href":"https:\/\/dekkbi.com\/index.php?rest_route=\/wp\/v2\/media\/33969"}],"wp:attachment":[{"href":"https:\/\/dekkbi.com\/index.php?rest_route=%2Fwp%2Fv2%2Fmedia&parent=33968"}],"wp:term":[{"taxonomy":"category","embeddable":true,"href":"https:\/\/dekkbi.com\/index.php?rest_route=%2Fwp%2Fv2%2Fcategories&post=33968"},{"taxonomy":"post_tag","embeddable":true,"href":"https:\/\/dekkbi.com\/index.php?rest_route=%2Fwp%2Fv2%2Ftags&post=33968"}],"curies":[{"name":"wp","href":"https:\/\/api.w.org\/{rel}","templated":true}]}}