{"id":33963,"date":"2024-04-03T09:40:44","date_gmt":"2024-04-03T09:40:44","guid":{"rendered":"https:\/\/dekkbi.com\/?p=33963"},"modified":"2024-04-03T09:40:44","modified_gmt":"2024-04-03T09:40:44","slug":"diomaye-prend-les-commandes-lere-des-ruptures","status":"publish","type":"post","link":"https:\/\/dekkbi.com\/?p=33963","title":{"rendered":"Diomaye prend les commandes : L\u2019\u00c8RE DES RUPTURES"},"content":{"rendered":"\n<p><strong>Une Justice ind\u00e9pendante, la promotion du culte du travail et de l\u2019\u00e9thique, et mettre r\u00e9solument le S\u00e9n\u00e9gal dans la voie du progr\u00e8s. Tels sont les engagements pris devant l\u2019assistance apr\u00e8s avoir pr\u00eat\u00e9 serment.<\/strong><\/p>\n\n\n\n<p><strong>Par Justin GOMIS \u2013&nbsp;<\/strong>\u00abLe S\u00e9n\u00e9gal, sous mon magist\u00e8re, sera un pays de l\u2019esp\u00e9rance, un pays apais\u00e9, avec&nbsp;une Justice ind\u00e9pendante et une d\u00e9mocratie renforc\u00e9e. Telle est ma promesse sur la foi du serment que je viens de pr\u00eater devant Dieu et devant la Nation en votre pr\u00e9sence\u00bb, a d\u00e9clar\u00e9 le Pr\u00e9sident Bassirou Diomaye Faye, lors de son discours hier, apr\u00e8s sa prestation de serment.&nbsp;Le nouveau pr\u00e9sident de la R\u00e9publique est tr\u00e8s conscient de la lourde t\u00e2che qui l\u2019attend.&nbsp;\u00abLe 24 mars 2024, le Peuple s\u00e9n\u00e9galais a vot\u00e9 dans le calme et la s\u00e9r\u00e9nit\u00e9, faisant de moi le 5\u00e8me pr\u00e9sident de la R\u00e9publique du S\u00e9n\u00e9gal d\u00e8s le premier tour avec 54, 28% des suffrages valablement exprim\u00e9s\u2026 Je mesure le poids de la responsabilit\u00e9 et la gravit\u00e9 de la charge\u00bb, a dit le Pr\u00e9sident Diomaye Faye.<\/p>\n\n\n\n<p>Pour lui, \u00ables r\u00e9sultats sortis des urnes\u00a0 expriment un profond d\u00e9sir de changement syst\u00e9mique\u00bb. C\u2019est pourquoi, \u00e0 travers cette \u00e9lection, le pr\u00e9sident de la R\u00e9publique trouve que \u00able Peuple s\u00e9n\u00e9galais s\u2019est engag\u00e9 dans la voie de la construction d\u2019un S\u00e9n\u00e9gal prosp\u00e8re, juste, dans une Afrique en progr\u00e8s\u00bb. Et, dans cette\u00a0 \u0153uvre de construction d\u2019un S\u00e9n\u00e9gal nouveau, \u00abje travaillerai inlassablement \u00e0 la pr\u00e9servation de la paix et de la coh\u00e9sion nationale\u00bb, a-t-il promis. Tout en s\u2019engageant aussi\u00a0 \u00e0 pr\u00e9server\u00a0la stabilit\u00e9 du pays, \u00e0 travailler avec les S\u00e9n\u00e9galais d\u2019ici et de la diaspora, \u00abautour d\u2019un projet national f\u00e9d\u00e9rateur et orient\u00e9 vers un futur serein\u00bb. Diomaye Faye ne compte pas s\u2019arr\u00eater l\u00e0.\u00a0\u00abJe m\u2019engage, par la promotion du culte du travail, de l\u2019\u00e9thique dans la gestion,\u00a0de la discipline et de l\u2019amour de la Patrie, \u00e0 mettre r\u00e9solument et durablement le S\u00e9n\u00e9gal dans la voie du progr\u00e8s \u00e9conomique et social. Sur le plan africain, l\u2019ampleur des d\u00e9fis s\u00e9curitaires et les nombreux d\u00e9fis que nous devons relever nous obligent \u00e0 plus de solidarit\u00e9. J\u2019engage clairement la voie des \u00e9lites\u00a0 d\u00e9complex\u00e9es, qui crient haut et fort notre aspiration commune\u00a0\u00e0 plus de souverainet\u00e9, au d\u00e9veloppement et au bien-\u00eatre.\u00a0A l\u2019endroit de mes pairs africains, je r\u00e9affirme l\u2019engagement du S\u00e9n\u00e9gal \u00e0 renforcer les efforts d\u00e9ploy\u00e9s pour la paix, la s\u00e9curit\u00e9, la stabilit\u00e9 et l\u2019int\u00e9gration africaine. Aux pays amis et aux partenaires, je r\u00e9it\u00e8re l\u2019engagement et l\u2019ouverture du S\u00e9n\u00e9gal \u00e0 des \u00e9changes respectueux de notre souverainet\u00e9, conformes aux aspirations de notre\u00a0Peuple dans un partenariat mutuellement gagnant-gagnant.\u00bb<\/p>\n\n\n\n<p><br><strong>justin@lequotidien.sn<\/strong><\/p>\n","protected":false},"excerpt":{"rendered":"<p>Une Justice ind\u00e9pendante, la promotion du culte du travail et de l\u2019\u00e9thique, et mettre r\u00e9solument le S\u00e9n\u00e9gal dans la voie<\/p>\n","protected":false},"author":1,"featured_media":33961,"comment_status":"open","ping_status":"open","sticky":false,"template":"","format":"standard","meta":{"footnotes":""},"categories":[6],"tags":[],"class_list":["post-33963","post","type-post","status-publish","format-standard","has-post-thumbnail","hentry","category-politics"],"_links":{"self":[{"href":"https:\/\/dekkbi.com\/index.php?rest_route=\/wp\/v2\/posts\/33963","targetHints":{"allow":["GET"]}}],"collection":[{"href":"https:\/\/dekkbi.com\/index.php?rest_route=\/wp\/v2\/posts"}],"about":[{"href":"https:\/\/dekkbi.com\/index.php?rest_route=\/wp\/v2\/types\/post"}],"author":[{"embeddable":true,"href":"https:\/\/dekkbi.com\/index.php?rest_route=\/wp\/v2\/users\/1"}],"replies":[{"embeddable":true,"href":"https:\/\/dekkbi.com\/index.php?rest_route=%2Fwp%2Fv2%2Fcomments&post=33963"}],"version-history":[{"count":1,"href":"https:\/\/dekkbi.com\/index.php?rest_route=\/wp\/v2\/posts\/33963\/revisions"}],"predecessor-version":[{"id":33964,"href":"https:\/\/dekkbi.com\/index.php?rest_route=\/wp\/v2\/posts\/33963\/revisions\/33964"}],"wp:featuredmedia":[{"embeddable":true,"href":"https:\/\/dekkbi.com\/index.php?rest_route=\/wp\/v2\/media\/33961"}],"wp:attachment":[{"href":"https:\/\/dekkbi.com\/index.php?rest_route=%2Fwp%2Fv2%2Fmedia&parent=33963"}],"wp:term":[{"taxonomy":"category","embeddable":true,"href":"https:\/\/dekkbi.com\/index.php?rest_route=%2Fwp%2Fv2%2Fcategories&post=33963"},{"taxonomy":"post_tag","embeddable":true,"href":"https:\/\/dekkbi.com\/index.php?rest_route=%2Fwp%2Fv2%2Ftags&post=33963"}],"curies":[{"name":"wp","href":"https:\/\/api.w.org\/{rel}","templated":true}]}}