{"id":3395,"date":"2022-11-16T15:32:02","date_gmt":"2022-11-16T15:32:02","guid":{"rendered":"https:\/\/dekkbi.com\/?p=3395"},"modified":"2022-11-16T15:32:04","modified_gmt":"2022-11-16T15:32:04","slug":"developpement-de-lafrique-abdoulaye-balde-investit-dans-lindustrie","status":"publish","type":"post","link":"https:\/\/dekkbi.com\/?p=3395","title":{"rendered":"D\u00e9veloppement de l\u2019Afrique : Abdoulaye Bald\u00e9 investit dans l\u2019industrie"},"content":{"rendered":"\n<p>Avant le Sommet des chefs d\u2019Etat et de gouvernement de l\u2019Union africaine sur l\u2019industrialisation de l\u2019Afrique, qui va se tenir \u00e0 Niamey du 20 au 25 novembre prochain, le S\u00e9n\u00e9gal abrite depuis hier, la 3\u00e8me \u00e9dition du Forum international des entreprises francophones (Fief), co-organis\u00e9e par le Groupement du patronat francophone (Gpf) et le Mouvement des entreprises du S\u00e9n\u00e9gal (Meds), dans le but commun de cr\u00e9er des synergies entre les acteurs et leaders \u00e9conomiques francophones d\u2019Afrique, d\u2019Europe, d\u2019Am\u00e9rique, du Moyen-Orient et d\u2019Asie, autour du th\u00e8me de \u00abLa construction de nouveaux hubs \u00e9conomiques \u00e0 travers le monde\u00bb. Animant le panel sur \u00abl\u2019industrialisation de l\u2019Afrique : encourager les circuits courts\u00bb, en sa qualit\u00e9 d\u2019ancien ministre de l\u2019Industrie, des mines, de l\u2019agro-industrie et des Pme du S\u00e9n\u00e9gal, Abdoulaye Bald\u00e9, actuellement Dg de l\u2019Apix, a soulign\u00e9 que dans le secteur manufacturier mondial, l\u2019Afrique repr\u00e9sente moins de 2%, alors que toutes les mati\u00e8res premi\u00e8res sortent du continent pour \u00eatre transform\u00e9es dans d\u2019autres pays, et \u00eatre revendues plus ch\u00e8res. D\u2019o\u00f9 l\u2019importance pour lui, d\u2019industrialiser l\u2019Afrique. \u00abLe sujet de l\u2019industrialisation est essentiel et fondamental pour l\u2019avenir de l\u2019Afrique, parce que, depuis que nos pays sont ind\u00e9pendants, on parle d\u2019industrialisation de l\u2019Afrique\u00bb, &nbsp;a-t-il d\u00e9clar\u00e9, en ajoutant que des rencontres de ce type peuvent aider l\u2019Afrique \u00e0 acc\u00e9l\u00e9rer la cadence et fixer le cadre pour ensuite d\u00e9gager les perspectives qui permettent aux gouvernements d\u2019avoir une vision plus cadr\u00e9e \u00e0 travers ce qui se fait dans le monde.<\/p>\n\n\n\n<p>En effet, si l\u2019Afrique a l\u2019atout de disposer des mati\u00e8res premi\u00e8res, pouvoir les transformer sur place est un d\u00e9fi. Et pour cela, Abdoulaye Bald\u00e9 estime que tous les gouvernements, mais aussi des organisations internationales, se sont rendu compte de cette r\u00e9alit\u00e9. \u00abEt l\u2019Union africaine \u00e0 travers l\u2019agenda 2063, a d\u00e9clin\u00e9, comme objectif principal, l\u2019industrialisation de l\u2019Afrique\u00bb, a indiqu\u00e9 Abdoulaye Bald\u00e9, qui ajoute qu\u2019\u00e0 travers des organisations r\u00e9gionales comme la Communaut\u00e9 \u00e9conomique des Etats de l\u2019Afrique de l\u2019Ouest (Cedeao), la Politique industrielle commune de l\u2019Afrique de l\u2019Ouest (Picao), l\u2019Uemoa, la Banque africaine de d\u00e9veloppement (Bad), beaucoup d\u2019autres initiatives sont en train d\u2019\u00eatre prises pour qu\u2019enfin, l\u2019Afrique puisse se nourrir. \u00abL\u2019Afrique a besoin de se nourrir, de se construire, d\u2019\u00eatre \u00e9clair\u00e9e et de se soigner\u00bb, fait-il comprendre.<\/p>\n\n\n\n<p><strong>Industrialiser le S\u00e9n\u00e9gal en 2035<\/strong><br>De son point de vue, il faudrait que les nombreuses mati\u00e8res premi\u00e8res dont regorge le continent puissent b\u00e9n\u00e9ficier \u00e0 l\u2019Afrique et \u00eatre transform\u00e9es sur place. Parlant de son exp\u00e9rience d\u2019ancien ministre de l\u2019Industrie, mais aussi des Forces arm\u00e9es du S\u00e9n\u00e9gal et aujourd\u2019hui, de Dg de l\u2019Apix, Abdoulaye Bald\u00e9 estime que les d\u00e9fis de l\u2019industrialisation de l\u2019Afrique sont nombreux. \u00abNous avons un horizon 2035 qui consiste carr\u00e9ment \u00e0 industrialiser le S\u00e9n\u00e9gal. Et plusieurs politiques sont plus ou moins d\u00e9finies dont celle qui consiste \u00e0 cr\u00e9er des zones agricoles, des zones \u00e9conomiques sp\u00e9ciales pour pouvoir transformer ce que nous produisons. Mais aussi de faire un peu de l\u2019import-substitution, parce que beaucoup de produits finis viennent des autres continents. Nous sommes en train de r\u00e9duire cette d\u00e9pendance\u00bb, a-t-il avanc\u00e9.<\/p>\n\n\n\n<p>Et le patron de l\u2019Apix ajoutera que la question des courts-circuits est beaucoup plus proche du monde agricole que du monde industriel, parce que, dit-il, l\u2019industrialisation n\u00e9cessite g\u00e9n\u00e9ralement des circuits et des processus. Toutefois, il estime que l\u2019Afrique doit saisir cette opportunit\u00e9 des circuits courts qui se r\u00e9f\u00e8rent \u00e0 l\u2019agriculture. \u00abL\u2019Afrique est un continent riche, le continent de l\u2019avenir. A l\u2019horizon 2063 qu\u2019on a fix\u00e9, l\u2019Afrique aura la plus forte croissance d\u00e9mographique. Nous avons les mati\u00e8res premi\u00e8res. Il nous faut avoir de l\u2019initiative et nous d\u00e9velopper. Et nous ne pouvons nous d\u00e9velopper qu\u2019en nous industrialisant\u00bb, a-t-il assur\u00e9.<\/p>\n\n\n\n<p><strong>\u00abUn retard important \u00e0 rattraper\u00bb<\/strong><br>Prenant part \u00e0 ce forum, l\u2019ancien Premier ministre de la Guin\u00e9e Conakry, et par ailleurs pr\u00e9sident de l\u2019Union d\u00e9mocratique des forces de la Guin\u00e9e (Ufdg), a estim\u00e9 que ce forum tombe \u00e0 point nomm\u00e9 car, dit Cellou Dalein Diallo, le 20 novembre prochain, sera c\u00e9l\u00e9br\u00e9e la Journ\u00e9e africaine de l\u2019industrialisation. Alors, ne voulant pas revenir sur le retard qu\u2019accuse l\u2019Afrique dans son industrialisation, M. Diallo soutiendra qu\u2019il y a une mesure du degr\u00e9 d\u2019industrialisation des pays et des continents.&nbsp;\u00abNous sommes la valeur ajout\u00e9e des secteurs manufacturiers en Afrique et nous avons un retard important \u00e0 rattraper\u00bb, a dit Cellou Dalein Diallo, qui animait le second panel portant sur le th\u00e8me&nbsp;: \u00abInnovation&nbsp;: Climat et Environnement.\u00bb A l\u2019en croire, l\u2019industrie cr\u00e9e non seulement la richesse, mais \u00e9galement des emplois, et le d\u00e9ficit de l\u2019emploi est une source d\u2019instabilit\u00e9.<\/p>\n\n\n\n<p><strong>\u00abIl faut que nos Etats essayent de mettre en \u0153uvre des politiques<\/strong>\u00a0d\u2019industrialisation susceptibles d\u2019engager davantage notre secteur priv\u00e9 dans l\u2019industrialisation, parce que le d\u00e9ficit d\u2019emploi est source de probl\u00e8mes\u00bb, a plaid\u00e9 le pr\u00e9sident de l\u2019Ufdg, qui a pris part \u00e0 cet exercice d\u2019identification, de partenariat, de politique et de strat\u00e9gie susceptible de booster le secteur industriel africain.<\/p>\n\n\n\n<p><br><strong>Par Ousmane SOW<\/strong><\/p>\n\n\n\n<p>LEQUOTIDIEN<\/p>\n","protected":false},"excerpt":{"rendered":"<p>Avant le Sommet des chefs d\u2019Etat et de gouvernement de l\u2019Union africaine sur l\u2019industrialisation de l\u2019Afrique, qui va se tenir<\/p>\n","protected":false},"author":1,"featured_media":3396,"comment_status":"open","ping_status":"open","sticky":false,"template":"","format":"standard","meta":{"footnotes":""},"categories":[3],"tags":[],"class_list":["post-3395","post","type-post","status-publish","format-standard","has-post-thumbnail","hentry","category-event-more-news"],"_links":{"self":[{"href":"https:\/\/dekkbi.com\/index.php?rest_route=\/wp\/v2\/posts\/3395","targetHints":{"allow":["GET"]}}],"collection":[{"href":"https:\/\/dekkbi.com\/index.php?rest_route=\/wp\/v2\/posts"}],"about":[{"href":"https:\/\/dekkbi.com\/index.php?rest_route=\/wp\/v2\/types\/post"}],"author":[{"embeddable":true,"href":"https:\/\/dekkbi.com\/index.php?rest_route=\/wp\/v2\/users\/1"}],"replies":[{"embeddable":true,"href":"https:\/\/dekkbi.com\/index.php?rest_route=%2Fwp%2Fv2%2Fcomments&post=3395"}],"version-history":[{"count":1,"href":"https:\/\/dekkbi.com\/index.php?rest_route=\/wp\/v2\/posts\/3395\/revisions"}],"predecessor-version":[{"id":3397,"href":"https:\/\/dekkbi.com\/index.php?rest_route=\/wp\/v2\/posts\/3395\/revisions\/3397"}],"wp:featuredmedia":[{"embeddable":true,"href":"https:\/\/dekkbi.com\/index.php?rest_route=\/wp\/v2\/media\/3396"}],"wp:attachment":[{"href":"https:\/\/dekkbi.com\/index.php?rest_route=%2Fwp%2Fv2%2Fmedia&parent=3395"}],"wp:term":[{"taxonomy":"category","embeddable":true,"href":"https:\/\/dekkbi.com\/index.php?rest_route=%2Fwp%2Fv2%2Fcategories&post=3395"},{"taxonomy":"post_tag","embeddable":true,"href":"https:\/\/dekkbi.com\/index.php?rest_route=%2Fwp%2Fv2%2Ftags&post=3395"}],"curies":[{"name":"wp","href":"https:\/\/api.w.org\/{rel}","templated":true}]}}