{"id":33909,"date":"2024-04-02T10:00:02","date_gmt":"2024-04-02T10:00:02","guid":{"rendered":"https:\/\/dekkbi.com\/?p=33909"},"modified":"2024-04-02T10:00:02","modified_gmt":"2024-04-02T10:00:02","slug":"centre-des-metiers-de-lhorticulture-de-la-commune-de-tieppe-les-enseignement-apprentissages-ont-officiellement-demarre","status":"publish","type":"post","link":"https:\/\/dekkbi.com\/?p=33909","title":{"rendered":"Centre des m\u00e9tiers de l\u2019horticulture de la commune de Tieppe : les enseignement-apprentissages ont officiellement d\u00e9marr\u00e9"},"content":{"rendered":"\n<p><strong>Les activit\u00e9s p\u00e9dagogiques du Centre des m\u00e9tiers de l\u2019horticulture de la commune de Tieppe ont officiellement d\u00e9marr\u00e9, selon<\/strong>&nbsp;<strong>la ministre de la formation professionnelle, de l\u2019Apprentissage et de l\u2019insertion, Mariama Sarr. Ce<\/strong>&nbsp;<strong>centre d\u2019excellence aux m\u00e9tiers de l\u2019horticulture qui a une capacit\u00e9 d\u2019accueil de 1500 personnes avec 180 lits offre des formations initiales et continues.<\/strong><\/p>\n\n\n\n<p>Les enseignements-apprentissages ont officiellement d\u00e9marr\u00e9 au Centre des m\u00e9tiers de l\u2019horticulture de la commune de Tieppe, dans le d\u00e9partement de K\u00e9b\u00e9mer (r\u00e9gion de Louga).\u00a0 La c\u00e9r\u00e9monie marquant le d\u00e9marrage des activit\u00e9s p\u00e9dagogiques\u00a0 a \u00e9t\u00e9 pr\u00e9sid\u00e9e par la ministre de la Formation professionnelle, de l\u2019Apprentissage et de l\u2019insertion, Mariama Sarr. Selon elle, le centre d\u2019excellence aux m\u00e9tiers de l\u2019horticulture qui a une capacit\u00e9 d\u2019accueil de 1500 personnes avec 180 lits offre des formations initiales et continues. \u00a0<\/p>\n\n\n\n<p>La ministre a assur\u00e9 que les jeunes et professionnels trouveront d\u00e9sormais des programmes de formation de qualit\u00e9, souples, flexibles et adapt\u00e9s \u00e0 leurs besoins et aux potentialit\u00e9s de la r\u00e9gion de Louga. Il s\u2019agit du Producteur d\u2019anacarde, de l\u2019op\u00e9rateur maraicher en agro-\u00e9cologie, du p\u00e9pini\u00e9riste pour le niveau Certificat Professionnel de Sp\u00e9cialisation, du Stationnaire en fertilisation et de l\u2019ouvrier Horticole pour le niveau Certificat d\u2019Aptitude Professionnel, du Producteur et contr\u00f4leurs de semences, du Technicien de cultures horticoles , du Chef de culture horticole Arboriculture fruiti\u00e8re, de l\u2019 Applicateur de produits phytosanitaires. <\/p>\n\n\n\n<p>A ces offres de formation, a-t-elle poursuivi, s\u2019ajoutent \u00e9galement \u2018\u2019des Objets intelligents connect\u00e9s appliqu\u00e9s \u00e0 l\u2019agriculture pour le Certificat d\u2019Aptitude Professionnel pour le niveau de Brevet de Technicien, du Producteur v\u00e9g\u00e9tal, de la Machinerie agricole, de l\u2019Agent technique de Laboratoire agricole ou agroalimentaire , du Technicien Sup\u00e9rieur en Agroalimentaire , de la conduite et gestion d\u2019une exploitation agricole et de la Production d\u2019\u00e9quipements agricoles pour le niveau de Brevet de Technicien Sup\u00e9rieur\u2019\u2019. \u00ab\u00a0<em>Ce centre de r\u00e9f\u00e9rence aux m\u00e9tiers de l\u2019horticulture vise \u00e0 am\u00e9liorer significativement les niveaux d\u2019expertise des formateurs et de qualification des acteurs, par l\u2019\u00e9laboration concert\u00e9e public\u2013priv\u00e9 d\u2019une offre de formation professionnelle de qualit\u00e9 pour accro\u00eetre les performances et la productivit\u00e9 du secteur<\/em>\u00a0\u00bb, a-t-elle fait savoir. <\/p>\n\n\n\n<p>Suivant toujours la Ministre, la structure permettra de cr\u00e9er une masse critique de professionnels pour pouvoir changer et renforcer les capacit\u00e9s de cr\u00e9ation d\u2019emploi et de richesse des sous-secteurs cibles. Elle souligne que le choix de ce niveau d\u2019intervention s\u2019explique par le d\u00e9ficit de comp\u00e9tences not\u00e9 dans les corps de m\u00e9tiers interm\u00e9diaires ouvriers qualifi\u00e9s, techniciens sup\u00e9rieurs\u2019\u2019. <\/p>\n\n\n\n<p>Le maire de la commune de Tieppe, Mohamed Dia, a d\u00e9clar\u00e9 que \u2018\u2019l\u2019ouverture de ce centre de formation est la preuve vivante de la r\u00e9alisation d\u2019une promesse\u201d du pr\u00e9sident Macky Sall de \u201dformer les jeunes dans les m\u00e9tiers de l\u2019horticulture\u2019\u2019. Il a saisi cette occasion pour \u00a0 demander aux autorit\u00e9s de \u201dsoutenir davantage les jeunes de la zone des Niayes pour qu\u2019ils soient bien form\u00e9s dans les m\u00e9tiers de l\u2019horticulture parce que c\u2019est une \u00e9tape fondamentale pour atteindre l\u2019autosuffisance alimentaire.<\/p>\n\n\n\n<p><strong>NDEYE AMINATA CISSE<\/strong> &#8211; SUDQUOTIDIEN<\/p>\n","protected":false},"excerpt":{"rendered":"<p>Les activit\u00e9s p\u00e9dagogiques du Centre des m\u00e9tiers de l\u2019horticulture de la commune de Tieppe ont officiellement d\u00e9marr\u00e9, selon&nbsp;la ministre de<\/p>\n","protected":false},"author":1,"featured_media":33910,"comment_status":"open","ping_status":"open","sticky":false,"template":"","format":"standard","meta":{"footnotes":""},"categories":[3],"tags":[],"class_list":["post-33909","post","type-post","status-publish","format-standard","has-post-thumbnail","hentry","category-event-more-news"],"_links":{"self":[{"href":"https:\/\/dekkbi.com\/index.php?rest_route=\/wp\/v2\/posts\/33909","targetHints":{"allow":["GET"]}}],"collection":[{"href":"https:\/\/dekkbi.com\/index.php?rest_route=\/wp\/v2\/posts"}],"about":[{"href":"https:\/\/dekkbi.com\/index.php?rest_route=\/wp\/v2\/types\/post"}],"author":[{"embeddable":true,"href":"https:\/\/dekkbi.com\/index.php?rest_route=\/wp\/v2\/users\/1"}],"replies":[{"embeddable":true,"href":"https:\/\/dekkbi.com\/index.php?rest_route=%2Fwp%2Fv2%2Fcomments&post=33909"}],"version-history":[{"count":1,"href":"https:\/\/dekkbi.com\/index.php?rest_route=\/wp\/v2\/posts\/33909\/revisions"}],"predecessor-version":[{"id":33911,"href":"https:\/\/dekkbi.com\/index.php?rest_route=\/wp\/v2\/posts\/33909\/revisions\/33911"}],"wp:featuredmedia":[{"embeddable":true,"href":"https:\/\/dekkbi.com\/index.php?rest_route=\/wp\/v2\/media\/33910"}],"wp:attachment":[{"href":"https:\/\/dekkbi.com\/index.php?rest_route=%2Fwp%2Fv2%2Fmedia&parent=33909"}],"wp:term":[{"taxonomy":"category","embeddable":true,"href":"https:\/\/dekkbi.com\/index.php?rest_route=%2Fwp%2Fv2%2Fcategories&post=33909"},{"taxonomy":"post_tag","embeddable":true,"href":"https:\/\/dekkbi.com\/index.php?rest_route=%2Fwp%2Fv2%2Ftags&post=33909"}],"curies":[{"name":"wp","href":"https:\/\/api.w.org\/{rel}","templated":true}]}}