{"id":33905,"date":"2024-04-02T09:53:12","date_gmt":"2024-04-02T09:53:12","guid":{"rendered":"https:\/\/dekkbi.com\/?p=33905"},"modified":"2024-04-02T09:53:12","modified_gmt":"2024-04-02T09:53:12","slug":"une-transition-en-question-au-mali-des-partis-politiques-et-des-organisations-reclament-une-presidentielle","status":"publish","type":"post","link":"https:\/\/dekkbi.com\/?p=33905","title":{"rendered":"UNE TRANSITION EN QUESTION AU MALI &#8211; Des partis politiques et des organisations r\u00e9clament une pr\u00e9sidentielle"},"content":{"rendered":"\n<p><em><strong>Alors que le S\u00e9n\u00e9gal c\u00e9l\u00e8bre une alternance r\u00e9ussie, une coalition de plus de 80 partis politiques et organisations de la soci\u00e9t\u00e9 civile au Mali lance un appel vibrant pour l&rsquo;organisation rapide d&rsquo;une \u00e9lection pr\u00e9sidentielle et la fin de la transition dans ce pays sah\u00e9lien sous le joug d&rsquo;une junte militaire depuis 2020. Cet appel intervient dans un contexte o\u00f9 la transition a officiellement pris fin le 26 mars dernier.<\/strong><\/em><\/p>\n\n\n\n<p>Dans un communiqu\u00e9 conjoint publi\u00e9 dimanche 31 mars au soir, un premier groupe compos\u00e9 d&rsquo;associations et de partis politiques au Mali a exhort\u00e9 les autorit\u00e9s en place \u00e0 cr\u00e9er les conditions propices \u00e0 une concertation rapide et inclusive en vue de mettre en place une architecture institutionnelle permettant l&rsquo;organisation imminente de l&rsquo;\u00e9lection pr\u00e9sidentielle. Les signataires soulignent leur d\u00e9termination \u00e0 utiliser toutes les voies l\u00e9gales pour ramener le Mali \u00e0 un ordre constitutionnel normal, consid\u00e9r\u00e9 comme un gage de stabilit\u00e9 politique.<\/p>\n\n\n\n<p>Simultan\u00e9ment, le R\u00e9seau des d\u00e9fenseurs des droits humains au Mali (RDDHM), regroupant une cinquantaine d&rsquo;organisations locales, a \u00e9mis un appel similaire \u00e0 l&rsquo;attention de la junte au pouvoir. Son pr\u00e9sident, Souleymane Camara, insiste sur l&rsquo;urgence de sortir de l&rsquo;impasse actuelle, alors que la transition post-putsch a d\u00e9pass\u00e9 ses limites. Il appelle \u00e0 un retour sans \u00e9quivoque \u00e0 l&rsquo;ordre constitutionnel pour surmonter les d\u00e9fis majeurs auxquels le pays est confront\u00e9.<\/p>\n\n\n\n<p>La junte dirig\u00e9e par le colonel Assimi Go\u00efta avait initialement annonc\u00e9 en juin 2022 son intention de restituer le pouvoir aux civils \u00e0 l&rsquo;issue d&rsquo;une p\u00e9riode transitoire se terminant le 26 mars 2024, apr\u00e8s la tenue d&rsquo;une \u00e9lection pr\u00e9sidentielle pr\u00e9vue pour f\u00e9vrier de la m\u00eame ann\u00e9e. Toutefois, les militaires ont r\u00e9cemment report\u00e9 cette \u00e9ch\u00e9ance sans pr\u00e9ciser de nouvelle date, laissant planer l&rsquo;incertitude sur leurs intentions apr\u00e8s le 26 mars.<\/p>\n\n\n\n<p>Sous le r\u00e9gime de la junte, les voix dissidentes se sont rar\u00e9fi\u00e9es, \u00e9touff\u00e9es par les appels \u00e0 l&rsquo;unit\u00e9 nationale et les mesures r\u00e9pressives. Depuis le coup d&rsquo;\u00c9tat d&rsquo;ao\u00fbt 2020, la Communaut\u00e9 \u00e9conomique des \u00c9tats de l&rsquo;Afrique de l&rsquo;Ouest (CEDEAO) a tent\u00e9 en vain de restreindre le maintien des militaires au pouvoir. En r\u00e9ponse, la junte a annonc\u00e9 le retrait du Mali de la CEDEAO, d\u00e9fiant ainsi les pressions r\u00e9gionales et internationales en faveur d&rsquo;un retour \u00e0 la d\u00e9mocratie.<\/p>\n\n\n\n<p>SOURCE ENQUETEPLUS<\/p>\n","protected":false},"excerpt":{"rendered":"<p>Alors que le S\u00e9n\u00e9gal c\u00e9l\u00e8bre une alternance r\u00e9ussie, une coalition de plus de 80 partis politiques et organisations de la<\/p>\n","protected":false},"author":1,"featured_media":4504,"comment_status":"open","ping_status":"open","sticky":false,"template":"","format":"standard","meta":{"footnotes":""},"categories":[51],"tags":[],"class_list":["post-33905","post","type-post","status-publish","format-standard","has-post-thumbnail","hentry","category-general"],"_links":{"self":[{"href":"https:\/\/dekkbi.com\/index.php?rest_route=\/wp\/v2\/posts\/33905","targetHints":{"allow":["GET"]}}],"collection":[{"href":"https:\/\/dekkbi.com\/index.php?rest_route=\/wp\/v2\/posts"}],"about":[{"href":"https:\/\/dekkbi.com\/index.php?rest_route=\/wp\/v2\/types\/post"}],"author":[{"embeddable":true,"href":"https:\/\/dekkbi.com\/index.php?rest_route=\/wp\/v2\/users\/1"}],"replies":[{"embeddable":true,"href":"https:\/\/dekkbi.com\/index.php?rest_route=%2Fwp%2Fv2%2Fcomments&post=33905"}],"version-history":[{"count":1,"href":"https:\/\/dekkbi.com\/index.php?rest_route=\/wp\/v2\/posts\/33905\/revisions"}],"predecessor-version":[{"id":33906,"href":"https:\/\/dekkbi.com\/index.php?rest_route=\/wp\/v2\/posts\/33905\/revisions\/33906"}],"wp:featuredmedia":[{"embeddable":true,"href":"https:\/\/dekkbi.com\/index.php?rest_route=\/wp\/v2\/media\/4504"}],"wp:attachment":[{"href":"https:\/\/dekkbi.com\/index.php?rest_route=%2Fwp%2Fv2%2Fmedia&parent=33905"}],"wp:term":[{"taxonomy":"category","embeddable":true,"href":"https:\/\/dekkbi.com\/index.php?rest_route=%2Fwp%2Fv2%2Fcategories&post=33905"},{"taxonomy":"post_tag","embeddable":true,"href":"https:\/\/dekkbi.com\/index.php?rest_route=%2Fwp%2Fv2%2Ftags&post=33905"}],"curies":[{"name":"wp","href":"https:\/\/api.w.org\/{rel}","templated":true}]}}