{"id":33881,"date":"2024-04-02T09:00:45","date_gmt":"2024-04-02T09:00:45","guid":{"rendered":"https:\/\/dekkbi.com\/?p=33881"},"modified":"2024-04-02T09:00:46","modified_gmt":"2024-04-02T09:00:46","slug":"le-cored-exhorte-les-professionnels-des-medias-a-ne-pas-se-faire-echo-de-propos-qui-peuvent-mettre-a-mal-la-cohesion-sociale","status":"publish","type":"post","link":"https:\/\/dekkbi.com\/?p=33881","title":{"rendered":"Le CORED exhorte les professionnels des m\u00e9dias \u00e0 \u201cne pas se faire \u00e9cho de propos qui peuvent mettre \u00e0 mal la coh\u00e9sion sociale\u201d"},"content":{"rendered":"\n<p>Dakar, (APS) \u2013 Le Conseil pour l\u2019observation des r\u00e8gles d\u2019\u00e9thique et de d\u00e9ontologie dans les m\u00e9dias a attir\u00e9 l\u2019attention des journalistes et techniciens des m\u00e9dias sur la n\u00e9cessit\u00e9 de faire preuve de \u201cresponsabilit\u00e9\u201d en se gardant de donner de l\u2019audience \u00e0 la \u201cparole x\u00e9nophobe, raciste, stigmatisante et intol\u00e9rante\u201d, conform\u00e9ment \u00e0 l\u2019Article 18 du Code de la presse.<\/p>\n\n\n\n<p>A travers un communiqu\u00e9 rendu public, lundi, le CORED&nbsp; invite notamment les professionnels des m\u00e9dias \u00e0 \u201cne pas se faire \u00e9cho de propos qui peuvent mettre \u00e0 mal la coh\u00e9sion sociale et les exhorte \u00e0 censurer (\u2026) tout ce qui peut porter atteinte \u00e0 notre vivre ensemble\u201d.<\/p>\n\n\n\n<p>\u201cLe Conseil pour l\u2019observation des r\u00e8gles d\u2019\u00e9thique et de d\u00e9ontologie dans les m\u00e9dias constate que Monsieur Tahirou Sarr du Mouvement nationaliste s\u00e9n\u00e9galais, connu pour son discours public tendancieux sur les \u00e9trangers vivant au S\u00e9n\u00e9gal et l\u2019immigration, b\u00e9n\u00e9ficie d\u2019une pr\u00e9sence m\u00e9diatique de plus en plus marqu\u00e9e\u201d, peut-on lire dans le texte.<\/p>\n\n\n\n<p>En cela, le CORED dit condamner \u201cfermement la banalisation de tout discours tendant \u00e0 d\u00e9signer l\u2019\u00e9tranger comme bouc \u00e9missaire face \u00e0 certains esprits facilement influen\u00e7ables\u201d.<\/p>\n\n\n\n<p>SMD<\/p>\n","protected":false},"excerpt":{"rendered":"<p>Dakar, (APS) \u2013 Le Conseil pour l\u2019observation des r\u00e8gles d\u2019\u00e9thique et de d\u00e9ontologie dans les m\u00e9dias a attir\u00e9 l\u2019attention des<\/p>\n","protected":false},"author":1,"featured_media":25755,"comment_status":"open","ping_status":"open","sticky":false,"template":"","format":"standard","meta":{"footnotes":""},"categories":[26],"tags":[],"class_list":["post-33881","post","type-post","status-publish","format-standard","has-post-thumbnail","hentry","category-fait-divers"],"_links":{"self":[{"href":"https:\/\/dekkbi.com\/index.php?rest_route=\/wp\/v2\/posts\/33881","targetHints":{"allow":["GET"]}}],"collection":[{"href":"https:\/\/dekkbi.com\/index.php?rest_route=\/wp\/v2\/posts"}],"about":[{"href":"https:\/\/dekkbi.com\/index.php?rest_route=\/wp\/v2\/types\/post"}],"author":[{"embeddable":true,"href":"https:\/\/dekkbi.com\/index.php?rest_route=\/wp\/v2\/users\/1"}],"replies":[{"embeddable":true,"href":"https:\/\/dekkbi.com\/index.php?rest_route=%2Fwp%2Fv2%2Fcomments&post=33881"}],"version-history":[{"count":1,"href":"https:\/\/dekkbi.com\/index.php?rest_route=\/wp\/v2\/posts\/33881\/revisions"}],"predecessor-version":[{"id":33882,"href":"https:\/\/dekkbi.com\/index.php?rest_route=\/wp\/v2\/posts\/33881\/revisions\/33882"}],"wp:featuredmedia":[{"embeddable":true,"href":"https:\/\/dekkbi.com\/index.php?rest_route=\/wp\/v2\/media\/25755"}],"wp:attachment":[{"href":"https:\/\/dekkbi.com\/index.php?rest_route=%2Fwp%2Fv2%2Fmedia&parent=33881"}],"wp:term":[{"taxonomy":"category","embeddable":true,"href":"https:\/\/dekkbi.com\/index.php?rest_route=%2Fwp%2Fv2%2Fcategories&post=33881"},{"taxonomy":"post_tag","embeddable":true,"href":"https:\/\/dekkbi.com\/index.php?rest_route=%2Fwp%2Fv2%2Ftags&post=33881"}],"curies":[{"name":"wp","href":"https:\/\/api.w.org\/{rel}","templated":true}]}}