{"id":33796,"date":"2024-03-29T11:11:10","date_gmt":"2024-03-29T11:11:10","guid":{"rendered":"https:\/\/dekkbi.com\/?p=33796"},"modified":"2024-03-29T11:25:08","modified_gmt":"2024-03-29T11:25:08","slug":"au-bresil-macron-et-lula-affichent-leur-complicite-malgre-quelques-divergences-sur-lukraine","status":"publish","type":"post","link":"https:\/\/dekkbi.com\/?p=33796","title":{"rendered":"Au Br\u00e9sil, Emmanuel Macron et Lula da Silva affichent leur complicit\u00e9, malgr\u00e9 quelques divergences sur l&rsquo;Ukraine"},"content":{"rendered":"\n<p>En visite au Br\u00e9sil pendant deux jours et demi avant de repartir pour la France jeudi 28 mars, Emmanuel Macron n&rsquo;a pratiquement pas quitt\u00e9 son homologue br\u00e9silien Lula. Il a affirm\u00e9 leur amiti\u00e9 ainsi que leur volont\u00e9 de travailler ensemble sur la sc\u00e8ne internationale, malgr\u00e9 certains \u00e9carts d&rsquo;opinion sur la guerre en l&rsquo;Ukraine.\u00a0<\/p>\n\n\n\n<p>Par : RFI avec AFP<\/p>\n\n\n\n<p>Sur chaque image, les deux chefs d&rsquo;\u00c9tat sont bras dessus, bras dessous, main dans la main, ou un grand sourire aux l\u00e8vres. Jeudi 28 mars, les deux pr\u00e9sidents fran\u00e7ais et br\u00e9siliens\u00a0<strong>ont affich\u00e9 leur entente<\/strong>\u00a0sur les grands enjeux internationaux, sujet du dernier jour de visite d&rsquo;Emmanuel Macron, apr\u00e8s avoir abord\u00e9 les questions de partenariat de d\u00e9fense, puis de probl\u00e9matiques \u00e9conomiques mercredi.\u00a0<\/p>\n\n\n\n<p>L\u2019accueil a \u00e9t\u00e9 \u00e0 la fois solennel et chaleureux au palais pr\u00e9sidentiel de Brasilia jeudi. La visite d&rsquo;\u00c9tat de trois jours d\u2019Emmanuel Macron chez le g\u00e9ant latino-am\u00e9ricain,\u00a0<strong>premi\u00e8re visite en Am\u00e9rique latine<\/strong>\u00a0depuis 2017, s&rsquo;est conclue en actant le partenariat tous azimuts et \u00ab\u00a0<em>l&rsquo;intimit\u00e9 diplomatique<\/em>\u00a0\u00bb entre les deux pays, selon l&rsquo;expression employ\u00e9e mercredi \u00e0 Sao Paulo par le pr\u00e9sident fran\u00e7ais.<\/p>\n\n\n\n<p>Lors d\u2019une conf\u00e9rence de presse, le\u00a0<strong>pr\u00e9sident fran\u00e7ais<\/strong>\u00a0a c\u00e9l\u00e9br\u00e9 \u00ab\u00a0<em>l&rsquo;esprit de r\u00e9sistance<\/em>\u00a0\u00bb et f\u00e9licit\u00e9 son h\u00f4te pour avoir \u00ab\u00a0<em>restaur\u00e9 la d\u00e9mocratie<\/em>\u00a0\u00bb, notamment apr\u00e8s l\u2019assaut men\u00e9 sur le lieu pr\u00e9sidentiel par une foule de partisans d\u2019extr\u00eame-droite furieux apr\u00e8s la d\u00e9faite de Jair Bolsonaro face \u00e0 Lula, en janvier 2023.<\/p>\n\n\n\n<h2 class=\"wp-block-heading\">Pr\u00e9sidence br\u00e9silienne au G20<\/h2>\n\n\n\n<p>Le chef d&rsquo;\u00c9tat br\u00e9silien a vu dans la relation Br\u00e9sil-France un \u00ab\u00a0<em>pont entre le Sud global et le monde d\u00e9velopp\u00e9\u00a0<\/em>\u00bb, tandis que son homologue fran\u00e7ais a salu\u00e9 son action. Il a \u00e9galement apport\u00e9 son soutien \u00e0 la\u00a0<strong>pr\u00e9sidence br\u00e9silienne<\/strong>\u00a0du G20, notamment sur une r\u00e9forme de la gouvernance globale et une taxation des plus riches, deux th\u00e8mes chers \u00e0 l&rsquo;ic\u00f4ne de la gauche.<\/p>\n\n\n\n<p>Aussi, les deux dirigeants n\u2019ont pas h\u00e9sit\u00e9 \u00e0 minimiser leurs divergences de points de vue sur la guerre en Ukraine. Mais l&rsquo;heure de v\u00e9rit\u00e9 viendra lors du sommet des chefs d&rsquo;\u00c9tat du G20 en novembre \u00e0 Rio de Janeiro, au moment o\u00f9 les guerres en Ukraine et \u00e0 Gaza mettent au d\u00e9fi le multilat\u00e9ralisme.<\/p>\n\n\n\n<h2 class=\"wp-block-heading\">Le sujet de l&rsquo;Ukraine rapidement abord\u00e9<\/h2>\n\n\n\n<p>Les Occidentaux soutiennent Kiev \u00e0 bout de bras, alors que&nbsp;Lula s&rsquo;est d\u00e9marqu\u00e9 par le pass\u00e9 en jugeant les responsabilit\u00e9s partag\u00e9es en Ukraine, et a refus\u00e9 d&rsquo;isoler la Russie. Irait-il cependant jusqu&rsquo;\u00e0 inviter le pr\u00e9sident russe Vladimir Poutine au prochain sommet des pays les plus industrialis\u00e9s&nbsp;?<\/p>\n\n\n\n<p>\u00ab&nbsp;<em>Le sens de ce club, c&rsquo;est qu&rsquo;il faut que ce soit consensuel avec les 19 autres, ce sera le travail de la diplomatie br\u00e9silienne<\/em>&nbsp;\u00bb, a gliss\u00e9 Emmanuel Macron lors de la conf\u00e9rence de presse. \u00ab&nbsp;<em>S&rsquo;il y a un rendez-vous qui peut \u00eatre utile, il faut le faire. Si c&rsquo;est un rendez-vous qui n&rsquo;est pas utile et qui cr\u00e9e de la division, il ne faut pas le faire<\/em>&nbsp;\u00bb, a-t-il pr\u00e9cis\u00e9. Il faut \u00eatre \u00ab&nbsp;<em>au service de la paix et de l&rsquo;int\u00e9r\u00eat commun&nbsp;<\/em>\u00bb, a-t-il insist\u00e9.<\/p>\n\n\n\n<p>De son c\u00f4t\u00e9, Lula a seulement relev\u00e9 qu&rsquo;il faut accepter la \u00ab\u00a0<em>diversit\u00e9<\/em>\u00a0\u00bb au sein d&rsquo;organisations comme le G20, sans s&rsquo;avancer davantage. Il a aussi estim\u00e9 que \u00ab\u00a0<em>les deux t\u00eatus vont devoir s&rsquo;entendre<\/em>\u00a0\u00bb, en r\u00e9f\u00e9rence \u00e0 Vladimir Poutine et au pr\u00e9sident ukrainien Volodymyr Zelensky.<\/p>\n\n\n\n<p>Si ce dernier a redit sans d\u00e9tours que le sort de l\u2019Ukraine n&rsquo;est pas la priorit\u00e9 du Br\u00e9sil, la\u00a0<strong>situation au Venezuela<\/strong>\u00a0voisin le touche bien davantage. Sur ce sujet, les dirigeants fran\u00e7ais et br\u00e9silien ont \u00e9t\u00e9 \u00e0 l&rsquo;unisson, condamnant l&rsquo;exclusion de l&rsquo;opposante Corina Yoris de la pr\u00e9sidentielle de juillet prochain. \u00ab<em>\u00a0Nous condamnons tr\u00e8s fermement l&rsquo;exclusion d&rsquo;une candidate s\u00e9rieuse et cr\u00e9dible de ce processus\u00a0<\/em>\u00bb, a d\u00e9clar\u00e9 Emmanuel Macron. Lula a jug\u00e9 \u00ab\u00a0<em>grave<\/em>\u00a0\u00bb sa mise hors-jeu face au pr\u00e9sident Nicolas Maduro, au pouvoir depuis onze ans.<\/p>\n\n\n\n<h2 class=\"wp-block-heading\">\u00ab Bromance&nbsp;\u00bb sur les r\u00e9seaux sociaux<\/h2>\n\n\n\n<p><strong>Protection de l&rsquo;Amazonie<\/strong>, coop\u00e9ration dans la fabrication de sous-marins, \u00e9conomie : Emmanuel Macron et Lula se sont employ\u00e9s durant trois jours \u00e0 mettre en avant un partenariat tr\u00e8s large. \u00c0 grand renfort de sourires, de gestes chaleureux et de poign\u00e9es de mains, les deux pr\u00e9sidents ont ajout\u00e9 \u00e0 cette visite une dimension personnelle, pour le plus grand bonheur des internautes br\u00e9siliens.<\/p>\n\n\n\n<p>Plusieurs images, la plupart publi\u00e9es sur les comptes officiels de Lula sur les r\u00e9seaux sociaux, ont \u00e9t\u00e9 largement diffus\u00e9es sur internet avec des montages ou des commentaires humoristiques mettant en avant la \u00ab\u00a0bromance\u00a0\u00bb entre les deux dirigeants.<\/p>\n\n\n\n<p>\u00ab&nbsp;<em>Certains ont compar\u00e9 les images de ma visite au Br\u00e9sil \u00e0 celles d&rsquo;un mariage, je leur dis : c&rsquo;en \u00e9tait un ! La France aime le Br\u00e9sil et le Br\u00e9sil aime la France !&nbsp;<\/em>\u00bb, a assum\u00e9 Emmanuel Macron sur X \u00e0 l&rsquo;heure de son d\u00e9part,&nbsp;accompagnant sa publication d&rsquo;une capture d&rsquo;\u00e9cran d&rsquo;un photomontage qui remplace les acteurs Emma Stone et Ryan Gosling sur l&rsquo;affiche du film romantique&nbsp;\u00ab&nbsp;<em>Lalaland<\/em>&nbsp;\u00bb, par les deux chefs d&rsquo;\u00c9tat marchant main dans la main dans la for\u00eat amazonienne.<\/p>\n","protected":false},"excerpt":{"rendered":"<p>En visite au Br\u00e9sil pendant deux jours et demi avant de repartir pour la France jeudi 28 mars, Emmanuel Macron<\/p>\n","protected":false},"author":1,"featured_media":33797,"comment_status":"open","ping_status":"open","sticky":false,"template":"","format":"standard","meta":{"footnotes":""},"categories":[51],"tags":[],"class_list":["post-33796","post","type-post","status-publish","format-standard","has-post-thumbnail","hentry","category-general"],"_links":{"self":[{"href":"https:\/\/dekkbi.com\/index.php?rest_route=\/wp\/v2\/posts\/33796","targetHints":{"allow":["GET"]}}],"collection":[{"href":"https:\/\/dekkbi.com\/index.php?rest_route=\/wp\/v2\/posts"}],"about":[{"href":"https:\/\/dekkbi.com\/index.php?rest_route=\/wp\/v2\/types\/post"}],"author":[{"embeddable":true,"href":"https:\/\/dekkbi.com\/index.php?rest_route=\/wp\/v2\/users\/1"}],"replies":[{"embeddable":true,"href":"https:\/\/dekkbi.com\/index.php?rest_route=%2Fwp%2Fv2%2Fcomments&post=33796"}],"version-history":[{"count":2,"href":"https:\/\/dekkbi.com\/index.php?rest_route=\/wp\/v2\/posts\/33796\/revisions"}],"predecessor-version":[{"id":33811,"href":"https:\/\/dekkbi.com\/index.php?rest_route=\/wp\/v2\/posts\/33796\/revisions\/33811"}],"wp:featuredmedia":[{"embeddable":true,"href":"https:\/\/dekkbi.com\/index.php?rest_route=\/wp\/v2\/media\/33797"}],"wp:attachment":[{"href":"https:\/\/dekkbi.com\/index.php?rest_route=%2Fwp%2Fv2%2Fmedia&parent=33796"}],"wp:term":[{"taxonomy":"category","embeddable":true,"href":"https:\/\/dekkbi.com\/index.php?rest_route=%2Fwp%2Fv2%2Fcategories&post=33796"},{"taxonomy":"post_tag","embeddable":true,"href":"https:\/\/dekkbi.com\/index.php?rest_route=%2Fwp%2Fv2%2Ftags&post=33796"}],"curies":[{"name":"wp","href":"https:\/\/api.w.org\/{rel}","templated":true}]}}