{"id":3371,"date":"2022-11-16T10:53:38","date_gmt":"2022-11-16T10:53:38","guid":{"rendered":"https:\/\/dekkbi.com\/?p=3371"},"modified":"2022-11-16T10:53:47","modified_gmt":"2022-11-16T10:53:47","slug":"la-cote-divoire-va-retirer-progressivement-ses-troupes-du-mali","status":"publish","type":"post","link":"https:\/\/dekkbi.com\/?p=3371","title":{"rendered":"La C\u00f4te d&rsquo;Ivoire va retirer progressivement ses troupes du Mali"},"content":{"rendered":"\n<h1 class=\"has-medium-font-size wp-block-heading\"><a href=\"https:\/\/www.addthis.com\/bookmark.php?v=300\"><\/a><a href=\"https:\/\/www.addthis.com\/bookmark.php?v=300\"><\/a><a rel=\"noreferrer noopener\" href=\"https:\/\/www.addthis.com\/bookmark.php?v=300\" target=\"_blank\"><\/a><a rel=\"noreferrer noopener\" href=\"https:\/\/www.addthis.com\/bookmark.php?v=300\" target=\"_blank\"><\/a>La C\u00f4te d&rsquo;Ivoire a annonc\u00e9 le retrait progressif de ses troupes au sein de la mission de paix de l&rsquo;ONU au Mali d&rsquo;ici ao\u00fbt 2023, une d\u00e9cision qui intervient sur fond de tensions diplomatiques entre Abidjan et Bamako depuis plusieurs mois.<\/h1>\n\n\n\n<p>\u00ab\u00a0Par ordre du gouvernement de C\u00f4te d&rsquo;Ivoire, la Mission permanente confirme le retrait progressif des personnels militaires et de police ivoiriens d\u00e9ploy\u00e9s au sein de la Minusma\u00a0\u00bb, explique une lettre de la Mission permanente de la C\u00f4te d&rsquo;Ivoire \u00e0 l&rsquo;ONU, consult\u00e9e mardi par l&rsquo;AFP.<\/p>\n\n\n\n<p>\u00ab\u00a0La rel\u00e8ve de la compagnie de protection bas\u00e9e \u00e0 Mopti ainsi que le d\u00e9ploiement des officiers d&rsquo;\u00e9tat-major et des officiers de police pr\u00e9vus respectivement en octobre et novembre 2022 ne pourront plus \u00eatre effectu\u00e9s\u00a0\u00bb, poursuit le texte.<\/p>\n\n\n\n<p>L&rsquo;arm\u00e9e ivoirienne n&rsquo;a pas confirm\u00e9 \u00e0 l&rsquo;AFP mardi si ces rel\u00e8ves avaient \u00e9t\u00e9 effectivement d\u00e9j\u00e0 interrompues.<\/p>\n\n\n\n<p>La C\u00f4te d&rsquo;Ivoire indique \u00e9galement que les militaires et autres \u00e9l\u00e9ments pr\u00e9sents au sein de la Minusma ne seront pas relev\u00e9s en ao\u00fbt 2023.<\/p>\n\n\n\n<p>Mardi, l&rsquo;ONU a simplement indiqu\u00e9 \u00eatre \u00ab\u00a0en contact avec la C\u00f4te d&rsquo;Ivoire au sujet de sa participation dans la Minusma\u00a0\u00bb.<\/p>\n\n\n\n<p>\u00ab\u00a0Nous restons reconnaissants envers la C\u00f4te d&rsquo;Ivoire pour les services et contributions de tout son personnel au Mali et pour son soutien continu dans les op\u00e9rations de maintien de la paix de l&rsquo;ONU\u00a0\u00bb, a ajout\u00e9 l&rsquo;organisation.<\/p>\n\n\n\n<p>&#8211; Relations tendues &#8211;<\/p>\n\n\n\n<p>Les relations entre la C\u00f4te d&rsquo;Ivoire se sont consid\u00e9rablement tendues ces derniers mois, en particulier apr\u00e8s l&rsquo;arrestation en juillet dernier de 49 militaires ivoiriens \u00e0 Bamako.<\/p>\n\n\n\n<p>Apr\u00e8s trois lib\u00e9rations, 46 d&rsquo;entre eux sont toujours d\u00e9tenus au Mali; Bamako les accuse d&rsquo;\u00eatre des mercenaires alors qu&rsquo;Abidjan assure qu&rsquo;ils devaient participer \u00e0 la s\u00e9curit\u00e9 du contingent allemand des Casques Bleus au Mali.<\/p>\n\n\n\n<p>Plusieurs m\u00e9diations sont en cours pour obtenir leur lib\u00e9ration. D\u00e9but octobre le pr\u00e9sident ivoirien Alassane Ouattara avait assur\u00e9 que les choses \u00e9voluaient \u00ab\u00a0bien\u00a0\u00bb.<\/p>\n\n\n\n<p>\u00ab\u00a0C&rsquo;est une question de coh\u00e9rence globale. D&rsquo;autres pays importants sont en train de se retirer (du Mali), il n&rsquo;y a pas de raison que nous restions\u00a0\u00bb, a expliqu\u00e9 \u00e0 l&rsquo;AFP le porte-parole du gouvernement ivoirien Amadou Coulibaly.<\/p>\n\n\n\n<p>L&rsquo;annonce ivoirienne intervient au lendemain de celle de la Grande-Bretagne qui a indiqu\u00e9 vouloir retirer \u00ab\u00a0plus t\u00f4t que pr\u00e9vu\u00a0\u00bb son contingent.<\/p>\n\n\n\n<p>Londres a notamment \u00e9voqu\u00e9 le rapprochement de la junte au pouvoir depuis 2020 avec le groupe paramilitaire Wagner, r\u00e9put\u00e9 proche du r\u00e9gime de Moscou.<\/p>\n\n\n\n<p>Pr\u00e8s de 300 soldats britanniques sont pr\u00e9sents au Mali depuis fin 2020 dans le cadre du d\u00e9ploiement de la mission de la paix de l&rsquo;ONU dans le pays lanc\u00e9e en 2013 (Minusma), visant notamment \u00e0 stabiliser la situation s\u00e9curitaire dans le pays.<\/p>\n\n\n\n<p>L&rsquo;Egypte avait annonc\u00e9 mi-juillet la suspension de la participation de ses 1.035 soldats au sein de la Minusma qui compte plus de 12.000 soldats et 1.700 policiers.<\/p>\n\n\n\n<p>Le Mali est confront\u00e9 depuis 2012 \u00e0 des attaques jihadistes r\u00e9currentes et plong\u00e9 dans une profonde crise s\u00e9curitaire et politique.<\/p>\n\n\n\n<p>Pays enclav\u00e9 au coeur du Sahel, il a \u00e9t\u00e9 le th\u00e9\u00e2tre de deux coups d&rsquo;\u00c9tat militaires en ao\u00fbt 2020 et en mai 2021, et est dirig\u00e9 par le colonel Assimi Go\u00efta.<\/p>\n\n\n\n<p>Apr\u00e8s avoir pouss\u00e9 vers la sortie l&rsquo;ancien alli\u00e9 fran\u00e7ais d\u00e9but 2022, la junte s&rsquo;en est pris plusieurs fois oralement \u00e0 la Minusma, dont le mandat a \u00e9t\u00e9 renouvel\u00e9 en juin pour un an.<\/p>\n\n\n\n<p>Le Mali avait \u00e0 cette occasion exprim\u00e9 une \u00ab\u00a0opposition ferme\u00a0\u00bb \u00e0 la libert\u00e9 de mouvement des Casques bleus pour des investigations sur de possibles violations des droits de l&rsquo;Homme.<\/p>\n\n\n\n<p>Les acteurs de la r\u00e9gion doivent se r\u00e9unir la semaine prochaine au Ghana, pour coordonner leur r\u00e9ponse \u00e0 l&rsquo;instabilit\u00e9 au Sahel.<\/p>\n\n\n\n<p>Par Pierre DONADIEU<\/p>\n","protected":false},"excerpt":{"rendered":"<p>La C\u00f4te d&rsquo;Ivoire a annonc\u00e9 le retrait progressif de ses troupes au sein de la mission de paix de l&rsquo;ONU<\/p>\n","protected":false},"author":1,"featured_media":3372,"comment_status":"open","ping_status":"open","sticky":false,"template":"","format":"standard","meta":{"footnotes":""},"categories":[21],"tags":[],"class_list":["post-3371","post","type-post","status-publish","format-standard","has-post-thumbnail","hentry","category-societe"],"_links":{"self":[{"href":"https:\/\/dekkbi.com\/index.php?rest_route=\/wp\/v2\/posts\/3371","targetHints":{"allow":["GET"]}}],"collection":[{"href":"https:\/\/dekkbi.com\/index.php?rest_route=\/wp\/v2\/posts"}],"about":[{"href":"https:\/\/dekkbi.com\/index.php?rest_route=\/wp\/v2\/types\/post"}],"author":[{"embeddable":true,"href":"https:\/\/dekkbi.com\/index.php?rest_route=\/wp\/v2\/users\/1"}],"replies":[{"embeddable":true,"href":"https:\/\/dekkbi.com\/index.php?rest_route=%2Fwp%2Fv2%2Fcomments&post=3371"}],"version-history":[{"count":1,"href":"https:\/\/dekkbi.com\/index.php?rest_route=\/wp\/v2\/posts\/3371\/revisions"}],"predecessor-version":[{"id":3373,"href":"https:\/\/dekkbi.com\/index.php?rest_route=\/wp\/v2\/posts\/3371\/revisions\/3373"}],"wp:featuredmedia":[{"embeddable":true,"href":"https:\/\/dekkbi.com\/index.php?rest_route=\/wp\/v2\/media\/3372"}],"wp:attachment":[{"href":"https:\/\/dekkbi.com\/index.php?rest_route=%2Fwp%2Fv2%2Fmedia&parent=3371"}],"wp:term":[{"taxonomy":"category","embeddable":true,"href":"https:\/\/dekkbi.com\/index.php?rest_route=%2Fwp%2Fv2%2Fcategories&post=3371"},{"taxonomy":"post_tag","embeddable":true,"href":"https:\/\/dekkbi.com\/index.php?rest_route=%2Fwp%2Fv2%2Ftags&post=3371"}],"curies":[{"name":"wp","href":"https:\/\/api.w.org\/{rel}","templated":true}]}}