{"id":33687,"date":"2024-03-28T10:31:05","date_gmt":"2024-03-28T10:31:05","guid":{"rendered":"https:\/\/dekkbi.com\/?p=33687"},"modified":"2024-03-28T10:31:06","modified_gmt":"2024-03-28T10:31:06","slug":"habib-leon-ndiaye-rassure-sur-la-mise-en-oeuvre-du-plan-strategique-de-developpement-du-theatre","status":"publish","type":"post","link":"https:\/\/dekkbi.com\/?p=33687","title":{"rendered":"Habib L\u00e9on Ndiaye rassure sur la mise en \u0153uvre du Plan strat\u00e9gique de d\u00e9veloppement du th\u00e9\u00e2tre"},"content":{"rendered":"\n<p>Dakar,  (APS) \u2013 Le secr\u00e9taire g\u00e9n\u00e9ral du minist\u00e8re de la Culture, des Industries culturelles et du Patrimoine historique, Habib L\u00e9on Ndiaye, a rassur\u00e9, mercredi, les acteurs du th\u00e9\u00e2tre s\u00e9n\u00e9galais sur la mise en \u0153uvre du Plan strat\u00e9gique de d\u00e9veloppement du th\u00e9\u00e2tre (PSDT).<\/p>\n\n\n\n<p>\u201cJe voudrais vous rassurer, au nom du ministre de la Culture, que le processus suit son cours et que le n\u00e9cessaire sera fait pour permettre sa mise en \u0153uvre\u201d, a-t-il d\u00e9clar\u00e9 en parlant du Plan strat\u00e9gique de d\u00e9veloppement du th\u00e9\u00e2tre.<\/p>\n\n\n\n<p>\u201cC\u2019est pourquoi je profite de l\u2019occasion pour f\u00e9liciter vivement tous les acteurs qui se sont impliqu\u00e9s dans ce travail \u00f4 combien important pour une meilleure structuration de votre sous-secteur, sous la supervision de la Direction des arts\u201d, a dit Habib L\u00e9on Ndiaye.<\/p>\n\n\n\n<p>Il pr\u00e9sidait, au th\u00e9\u00e2tre national Daniel Sorano, la c\u00e9l\u00e9bration de l\u2019\u00e9dition 2024 de la Journ\u00e9e mondiale du th\u00e9\u00e2tre, une manifestation organis\u00e9e dans la sobri\u00e9t\u00e9 \u00e0 cause du ramadan et du car\u00eame, avec la participation de plusieurs acteurs du th\u00e9\u00e2tre s\u00e9n\u00e9galais.<\/p>\n\n\n\n<p>La Journ\u00e9e mondiale du th\u00e9\u00e2tre, portant cette ann\u00e9e sur le th\u00e8me \u201cDox jaam, wax jamm, jefee jamm\u201d (Cultiver la paix en wolof), propos\u00e9 par le com\u00e9dien Pape Me\u00efssa Gu\u00e8ye.<\/p>\n\n\n\n<p>Le secr\u00e9taire g\u00e9n\u00e9ral du minist\u00e8re de la Culture est revenu largement sur le processus d\u2019\u00e9laboration du Plan strat\u00e9gique de d\u00e9veloppement du th\u00e9\u00e2tre, initi\u00e9 par le minist\u00e8re de la Culture \u00e0 travers la Direction des arts, en juin 2021.<\/p>\n\n\n\n<p>\u201cCe processus inclusif, men\u00e9 de pair avec les acteurs du secteur des quatorze r\u00e9gions du S\u00e9n\u00e9gal, a d\u00e9but\u00e9 par la tenue d\u2019un atelier national de concertation pour le d\u00e9veloppement du th\u00e9\u00e2tre\u201d, a-t-il rappel\u00e9.<\/p>\n\n\n\n<p>Cette rencontre a selon lui abouti \u00e0 l\u2019\u00e9laboration du Plan strat\u00e9gique de d\u00e9veloppement du th\u00e9\u00e2tre, valid\u00e9 le 23 mars 2022 \u00e0 la Maison de la culture Douta Seck, en pr\u00e9sence des acteurs et des directeurs des centres culturels r\u00e9gionaux.<\/p>\n\n\n\n<p>Le secr\u00e9taire g\u00e9n\u00e9ral du minist\u00e8re de la Culture estime que \u201cle secteur de la culture, en plus de valoriser le patrimoine culturel et de promouvoir la diversit\u00e9 artistique et culturelle, doit contribuer de mani\u00e8re significative \u00e0 l\u2019\u00e9conomie nationale\u201d.<\/p>\n\n\n\n<p>Selon lui, la culture constitue d\u00e9sormais dans le monde, un moteur de croissance et de cr\u00e9ations de richesse et d\u2019emplois.<\/p>\n\n\n\n<p>Habib L\u00e9on Ndiaye signale que \u201cd\u2019importantes mesures ont \u00e9t\u00e9 prises par l\u2019Etat du S\u00e9n\u00e9gal pour structurer, soutenir et financer les industries culturelles et cr\u00e9atives dans notre pays\u201d.<\/p>\n\n\n\n<p>La Journ\u00e9e mondiale du th\u00e9\u00e2tre, c\u00e9l\u00e9br\u00e9e chaque ann\u00e9e le 27 mars par la communaut\u00e9 internationale, a \u00e9t\u00e9 institu\u00e9e par l\u2019Institut international du th\u00e9\u00e2tre en 1961.<\/p>\n\n\n\n<p>Au S\u00e9n\u00e9gal, cette journ\u00e9e est bien ancr\u00e9e dans l\u2019agenda culturel depuis plus de deux d\u00e9cennies.<\/p>\n\n\n\n<p>Selon Habib L\u00e9on Ndiaye, le th\u00e9\u00e2tre a permis au S\u00e9n\u00e9gal de s\u2019affirmer sur les sc\u00e8nes africaine et internationale, au lendemain de son accession \u00e0 la souverainet\u00e9 nationale, avec la troupe dramatique du Th\u00e9\u00e2tre national Daniel Sorano qui a fait la fiert\u00e9 de la culture s\u00e9n\u00e9galaise.<\/p>\n\n\n\n<p>\u201cD\u2019ann\u00e9e en ann\u00e9e, le S\u00e9n\u00e9gal, \u00e0 travers le th\u00e9\u00e2tre, s\u2019est illustr\u00e9 comme le creuset de la dignit\u00e9 et de l\u2019affirmation de l\u2019identit\u00e9 culturelle noire, en offrant \u00e0 la face du monde des spectacles riches et vari\u00e9s. Ce qui nous a valu une place de leader dans les \u00e9changes et la coop\u00e9ration culturelle internationale\u201d, affirme-t-il.<\/p>\n\n\n\n<p>DJS\/FKS\/ASG\/BK<\/p>\n","protected":false},"excerpt":{"rendered":"<p>Dakar, (APS) \u2013 Le secr\u00e9taire g\u00e9n\u00e9ral du minist\u00e8re de la Culture, des Industries culturelles et du Patrimoine historique, Habib L\u00e9on<\/p>\n","protected":false},"author":1,"featured_media":33688,"comment_status":"open","ping_status":"open","sticky":false,"template":"","format":"standard","meta":{"footnotes":""},"categories":[3],"tags":[],"class_list":["post-33687","post","type-post","status-publish","format-standard","has-post-thumbnail","hentry","category-event-more-news"],"_links":{"self":[{"href":"https:\/\/dekkbi.com\/index.php?rest_route=\/wp\/v2\/posts\/33687","targetHints":{"allow":["GET"]}}],"collection":[{"href":"https:\/\/dekkbi.com\/index.php?rest_route=\/wp\/v2\/posts"}],"about":[{"href":"https:\/\/dekkbi.com\/index.php?rest_route=\/wp\/v2\/types\/post"}],"author":[{"embeddable":true,"href":"https:\/\/dekkbi.com\/index.php?rest_route=\/wp\/v2\/users\/1"}],"replies":[{"embeddable":true,"href":"https:\/\/dekkbi.com\/index.php?rest_route=%2Fwp%2Fv2%2Fcomments&post=33687"}],"version-history":[{"count":1,"href":"https:\/\/dekkbi.com\/index.php?rest_route=\/wp\/v2\/posts\/33687\/revisions"}],"predecessor-version":[{"id":33689,"href":"https:\/\/dekkbi.com\/index.php?rest_route=\/wp\/v2\/posts\/33687\/revisions\/33689"}],"wp:featuredmedia":[{"embeddable":true,"href":"https:\/\/dekkbi.com\/index.php?rest_route=\/wp\/v2\/media\/33688"}],"wp:attachment":[{"href":"https:\/\/dekkbi.com\/index.php?rest_route=%2Fwp%2Fv2%2Fmedia&parent=33687"}],"wp:term":[{"taxonomy":"category","embeddable":true,"href":"https:\/\/dekkbi.com\/index.php?rest_route=%2Fwp%2Fv2%2Fcategories&post=33687"},{"taxonomy":"post_tag","embeddable":true,"href":"https:\/\/dekkbi.com\/index.php?rest_route=%2Fwp%2Fv2%2Ftags&post=33687"}],"curies":[{"name":"wp","href":"https:\/\/api.w.org\/{rel}","templated":true}]}}