{"id":33676,"date":"2024-03-28T10:20:10","date_gmt":"2024-03-28T10:20:10","guid":{"rendered":"https:\/\/dekkbi.com\/?p=33676"},"modified":"2024-03-28T10:20:11","modified_gmt":"2024-03-28T10:20:11","slug":"des-patrouilles-mixtes-senegalo-gambiennes-pour-prevenir-les-differends-frontaliers","status":"publish","type":"post","link":"https:\/\/dekkbi.com\/?p=33676","title":{"rendered":"Des patrouilles mixtes s\u00e9n\u00e9galo-gambiennes pour pr\u00e9venir les diff\u00e9rends frontaliers"},"content":{"rendered":"\n<p>Kaolack,  (APS) \u2013 Les patrouilles mixtes convenues par les arm\u00e9es s\u00e9n\u00e9galaises et gambiennes, au-del\u00e0 de leur apport dans le renforcement de la s\u00e9curit\u00e9, visent \u00e0 pr\u00e9venir litiges et diff\u00e9rends \u00e0 la fronti\u00e8re des deux pays, a indiqu\u00e9 le colonel Diouma Sow, commandant la zone militaire num\u00e9ro 3, couvrant les r\u00e9gions administratives de Kaolack, Kaffrine et Fatick, au centre du pays.<\/p>\n\n\n\n<p>Les arm\u00e9es du S\u00e9n\u00e9gal et de la Gambie ont annonc\u00e9 planifier des patrouilles mixtes entre la zone militaire num\u00e9ro 3 bas\u00e9e \u00e0 Kaolack et le deuxi\u00e8me bataillon d\u2019infanterie de la Gambie pour s\u00e9curiser la fronti\u00e8re commune entre les deux pays.<\/p>\n\n\n\n<p>Dans cette perspective, une rencontre de deux jours s\u2019est ouverte mercredi \u00e0 Kaolack, pour faire la planification de la premi\u00e8re patrouille, qui devrait consacrer la mat\u00e9rialisation de l\u2019accord de d\u00e9fense et de s\u00e9curit\u00e9 conclu entre les deux Etats en 2017.<\/p>\n\n\n\n<p>\u201cL\u2019objectif de tout cela, c\u2019est d\u2019\u00eatre proches des populations, qu\u2019elles se sentent en s\u00e9curit\u00e9 mais aussi qu\u2019elles sachent que, puisque nos chefs et les autorit\u00e9s supr\u00eames des deux pays ont d\u00e9cid\u00e9 de s\u2019asseoir autour d\u2019une table, il ne peut pas y avoir de litiges, de diff\u00e9rends au niveau de la fronti\u00e8re\u201d, a expliqu\u00e9 le colonel Diouma Sow, en parlant de ces patrouilles.<\/p>\n\n\n\n<p>\u201cTout est parti de la volont\u00e9\u201d des deux chefs supr\u00eames des arm\u00e9es des deux pays. \u201cPar la suite, en mi-janvier 2024, un comit\u00e9 bipartite s\u2019est tenu \u00e0 Ziguinchor (sud) pour harmoniser et essayer de voir comment \u00eatre beaucoup plus efficaces au niveau de la fronti\u00e8re que nous partageons avec la Gambie\u201d, a expliqu\u00e9 le colonel Sow.<\/p>\n\n\n\n<p>\u201cParmi les conclusions de cette r\u00e9union bipartite, signale-t-il, il a \u00e9t\u00e9 retenu la d\u00e9centralisation des patrouilles, et c\u2019est la zone militaire num\u00e9ro 3 qui devait conduire, \u00e0 partir du mois d\u2019avril et vers la fin de l\u2019ann\u00e9e, des patrouilles avec le deuxi\u00e8me bataillon d\u2019infanterie gambien\u201d.<\/p>\n\n\n\n<p>Selon le commandant de la zone militaire num\u00e9ro 3 du S\u00e9n\u00e9gal, c\u2019est en pr\u00e9lude de cette op\u00e9ration de s\u00e9curisation des fronti\u00e8res s\u00e9n\u00e9galo-gambiennes que cette r\u00e9union a \u00e9t\u00e9 tenue \u00e0 Kaolack.<\/p>\n\n\n\n<p>La rencontre devrait notamment permettre de conna\u00eetre la date de \u201cd\u00e9marrage, la dur\u00e9e de ces patrouilles, par o\u00f9 elles vont passer, de quel volume de forces et de quels moyens logistiques a-t-on besoin\u201d.<\/p>\n\n\n\n<p>\u201cSi on est de part et d\u2019autre de la fronti\u00e8re, les populations nous verront ensemble et on va \u00e9changer avec elles. L\u2019autre point, c\u2019est la s\u00e9curit\u00e9, notamment les attaques \u00e0 mains arm\u00e9es, les vols de b\u00e9tail entre autres. Sur la base de renseignements, nous allons essayer de visiter tous ces points de passage non officiels\u201d, a encore expliqu\u00e9 le colonel Diouma Sow.<\/p>\n\n\n\n<p>Les patrouilles mixtes permettront \u00e9galement de lutter contre les trafics dont beaucoup se d\u00e9roulent au niveau de la fronti\u00e8re, selon le commandant de la zone militaire num\u00e9ro 3, qui couvre les r\u00e9gions de Fatick, Kaffrine et Kaolack.<\/p>\n\n\n\n<p>\u201cAvec le renseignement que nous avons et la collaboration des populations, nous pourront les dissuader et\/ou mettre la main sur les malfaiteurs\u201d, a indiqu\u00e9 le colonel Sow.<\/p>\n","protected":false},"excerpt":{"rendered":"<p>Kaolack, (APS) \u2013 Les patrouilles mixtes convenues par les arm\u00e9es s\u00e9n\u00e9galaises et gambiennes, au-del\u00e0 de leur apport dans le renforcement<\/p>\n","protected":false},"author":1,"featured_media":33677,"comment_status":"open","ping_status":"open","sticky":false,"template":"","format":"standard","meta":{"footnotes":""},"categories":[26],"tags":[],"class_list":["post-33676","post","type-post","status-publish","format-standard","has-post-thumbnail","hentry","category-fait-divers"],"_links":{"self":[{"href":"https:\/\/dekkbi.com\/index.php?rest_route=\/wp\/v2\/posts\/33676","targetHints":{"allow":["GET"]}}],"collection":[{"href":"https:\/\/dekkbi.com\/index.php?rest_route=\/wp\/v2\/posts"}],"about":[{"href":"https:\/\/dekkbi.com\/index.php?rest_route=\/wp\/v2\/types\/post"}],"author":[{"embeddable":true,"href":"https:\/\/dekkbi.com\/index.php?rest_route=\/wp\/v2\/users\/1"}],"replies":[{"embeddable":true,"href":"https:\/\/dekkbi.com\/index.php?rest_route=%2Fwp%2Fv2%2Fcomments&post=33676"}],"version-history":[{"count":1,"href":"https:\/\/dekkbi.com\/index.php?rest_route=\/wp\/v2\/posts\/33676\/revisions"}],"predecessor-version":[{"id":33678,"href":"https:\/\/dekkbi.com\/index.php?rest_route=\/wp\/v2\/posts\/33676\/revisions\/33678"}],"wp:featuredmedia":[{"embeddable":true,"href":"https:\/\/dekkbi.com\/index.php?rest_route=\/wp\/v2\/media\/33677"}],"wp:attachment":[{"href":"https:\/\/dekkbi.com\/index.php?rest_route=%2Fwp%2Fv2%2Fmedia&parent=33676"}],"wp:term":[{"taxonomy":"category","embeddable":true,"href":"https:\/\/dekkbi.com\/index.php?rest_route=%2Fwp%2Fv2%2Fcategories&post=33676"},{"taxonomy":"post_tag","embeddable":true,"href":"https:\/\/dekkbi.com\/index.php?rest_route=%2Fwp%2Fv2%2Ftags&post=33676"}],"curies":[{"name":"wp","href":"https:\/\/api.w.org\/{rel}","templated":true}]}}