{"id":33669,"date":"2024-03-28T10:05:42","date_gmt":"2024-03-28T10:05:42","guid":{"rendered":"https:\/\/dekkbi.com\/?p=33669"},"modified":"2024-03-28T10:05:43","modified_gmt":"2024-03-28T10:05:43","slug":"la-france-pleinement-mobilisee-pour-travailler-avec-les-nouvelles-autorites-senegalaises","status":"publish","type":"post","link":"https:\/\/dekkbi.com\/?p=33669","title":{"rendered":"La France \u2018\u2019\u2019pleinement mobilis\u00e9e\u2019\u2019 pour travailler avec les nouvelles autorit\u00e9s s\u00e9n\u00e9galaises"},"content":{"rendered":"\n<p>Dakar,  (APS) \u2013 Le gouvernement fran\u00e7ais a d\u00e9clar\u00e9 \u00eatre pleinement mobilis\u00e9 pour travailler avec les nouvelles autorit\u00e9s s\u00e9n\u00e9galaises sur des priorit\u00e9s communes et au service des deux peuples.<\/p>\n\n\n\n<p>\u2018\u2019La France est pleinement mobilis\u00e9e pour travailler avec les nouvelles autorit\u00e9s sur l\u2019ensemble de nos priorit\u00e9s communes et au service de nos peuples\u2019\u2019, a indiqu\u00e9 le minist\u00e8re fran\u00e7ais de l\u2019Europe et des Affaires \u00e9trang\u00e8res dans une d\u00e9claration rendue publique apr\u00e8s la publication des r\u00e9sultats provisoires de la pr\u00e9sidentielle s\u00e9n\u00e9galaise du 24 mars.<\/p>\n\n\n\n<p>L\u2019opposant Bassirou Diomaye Diakhar Faye, 44 ans, a notamment \u00e9t\u00e9 d\u00e9clar\u00e9 vainqueur avec 54, 28 % par la Commission nationale de recensement des votes.<\/p>\n\n\n\n<p>Lundi, dans la foul\u00e9e de la reconnaissance par Amadou Ba, candidat du pouvoir sortant, de sa d\u00e9faite lors du scrutin, le chef de l\u2019Etat fran\u00e7ais avait adress\u00e9 ses f\u00e9licitations \u00e0 Bassirou Diomaye Faye.<\/p>\n\n\n\n<p>\u2018\u2019A la suite du message du Pr\u00e9sident de la R\u00e9publique, la France r\u00e9it\u00e8re ses chaleureuses f\u00e9licitations \u00e0 M.&nbsp;Bassirou Diomaye Faye pour son \u00e9lection \u00e0 la pr\u00e9sidence du S\u00e9n\u00e9gal\u2019\u2019, indique la diplomatie fran\u00e7aise dans un message partag\u00e9 sur le r\u00e9seau social X.<\/p>\n\n\n\n<p>Paris salue en m\u00eame temps l\u2019engagement de tous ceux qui ont permis la tenue de cette \u00e9lection dans la s\u00e9r\u00e9nit\u00e9, avec une forte participation des \u00e9lecteurs, conform\u00e9ment \u00e0 la longue tradition d\u00e9mocratique du S\u00e9n\u00e9gal.<\/p>\n\n\n\n<p>Le nouveau chef de l\u2019Etat du S\u00e9n\u00e9gal va officiellement entrer en fonction dans la foul\u00e9e de la proclamation dans les prochains jours des r\u00e9sultats d\u00e9finitifs du scrutin pr\u00e9sidentiel par le Conseil constitutionnel.<\/p>\n\n\n\n<p>Cette entr\u00e9e en fonction va se faire lors d\u2019une prestation de serment devant les sept sages de cette juridiction.<\/p>\n\n\n\n<p>Le mandat de Macky Sall, au pouvoir depuis 12 ans, va officiellement s\u2019achever le 2 avril.<\/p>\n\n\n\n<p>AKS<\/p>\n","protected":false},"excerpt":{"rendered":"<p>Dakar, (APS) \u2013 Le gouvernement fran\u00e7ais a d\u00e9clar\u00e9 \u00eatre pleinement mobilis\u00e9 pour travailler avec les nouvelles autorit\u00e9s s\u00e9n\u00e9galaises sur des<\/p>\n","protected":false},"author":1,"featured_media":20116,"comment_status":"open","ping_status":"open","sticky":false,"template":"","format":"standard","meta":{"footnotes":""},"categories":[6],"tags":[],"class_list":["post-33669","post","type-post","status-publish","format-standard","has-post-thumbnail","hentry","category-politics"],"_links":{"self":[{"href":"https:\/\/dekkbi.com\/index.php?rest_route=\/wp\/v2\/posts\/33669","targetHints":{"allow":["GET"]}}],"collection":[{"href":"https:\/\/dekkbi.com\/index.php?rest_route=\/wp\/v2\/posts"}],"about":[{"href":"https:\/\/dekkbi.com\/index.php?rest_route=\/wp\/v2\/types\/post"}],"author":[{"embeddable":true,"href":"https:\/\/dekkbi.com\/index.php?rest_route=\/wp\/v2\/users\/1"}],"replies":[{"embeddable":true,"href":"https:\/\/dekkbi.com\/index.php?rest_route=%2Fwp%2Fv2%2Fcomments&post=33669"}],"version-history":[{"count":1,"href":"https:\/\/dekkbi.com\/index.php?rest_route=\/wp\/v2\/posts\/33669\/revisions"}],"predecessor-version":[{"id":33670,"href":"https:\/\/dekkbi.com\/index.php?rest_route=\/wp\/v2\/posts\/33669\/revisions\/33670"}],"wp:featuredmedia":[{"embeddable":true,"href":"https:\/\/dekkbi.com\/index.php?rest_route=\/wp\/v2\/media\/20116"}],"wp:attachment":[{"href":"https:\/\/dekkbi.com\/index.php?rest_route=%2Fwp%2Fv2%2Fmedia&parent=33669"}],"wp:term":[{"taxonomy":"category","embeddable":true,"href":"https:\/\/dekkbi.com\/index.php?rest_route=%2Fwp%2Fv2%2Fcategories&post=33669"},{"taxonomy":"post_tag","embeddable":true,"href":"https:\/\/dekkbi.com\/index.php?rest_route=%2Fwp%2Fv2%2Ftags&post=33669"}],"curies":[{"name":"wp","href":"https:\/\/api.w.org\/{rel}","templated":true}]}}