{"id":3365,"date":"2022-11-16T10:17:21","date_gmt":"2022-11-16T10:17:21","guid":{"rendered":"https:\/\/dekkbi.com\/?p=3365"},"modified":"2022-11-16T10:17:23","modified_gmt":"2022-11-16T10:17:23","slug":"la-cop27-revigoree-par-la-visite-de-lula-et-les-conclusions-du-g20","status":"publish","type":"post","link":"https:\/\/dekkbi.com\/?p=3365","title":{"rendered":"La COP27 revigor\u00e9e par la visite de Lula et les conclusions du G20"},"content":{"rendered":"\n<p><a href=\"https:\/\/www.addthis.com\/bookmark.php?v=300\"><\/a><a href=\"https:\/\/www.addthis.com\/bookmark.php?v=300\"><\/a><a rel=\"noreferrer noopener\" href=\"https:\/\/www.addthis.com\/bookmark.php?v=300\" target=\"_blank\"><\/a><a rel=\"noreferrer noopener\" href=\"https:\/\/www.addthis.com\/bookmark.php?v=300\" target=\"_blank\"><\/a>Le pr\u00e9sident \u00e9lu du Br\u00e9sil, Lula, s&rsquo;exprime mercredi en sauveur de l&rsquo;Amazonie devant une conf\u00e9rence mondiale sur le climat revigor\u00e9e par les conclusions du sommet du G20.<\/p>\n\n\n\n<p>\u00ab\u00a0Le Br\u00e9sil est de retour\u00a0\u00bb et \u00ab\u00a0sera une force positive pour relever les d\u00e9fis mondiaux. C&rsquo;est ce que nous sommes venus dire \u00e0 la COP27\u00a0\u00bb, a tweet\u00e9 l&rsquo;ancien et futur chef d&rsquo;Etat mardi soir apr\u00e8s son arriv\u00e9e \u00e0 Charm el-Cheikh, en Egypte, o\u00f9 se tient la conf\u00e9rence de l&rsquo;ONU sur le climat.<\/p>\n\n\n\n<p>Le plus grand pays d&rsquo;Am\u00e9rique latine s&rsquo;\u00e9tait isol\u00e9 sur la sc\u00e8ne internationale sous le mandat de Jair Bolsonaro, notamment \u00e0 cause des politiques du pr\u00e9sident d&rsquo;extr\u00eame droite favorisant l&rsquo;agro-industrie et le secteur minier, avec une augmentation massive de la d\u00e9forestation.<\/p>\n\n\n\n<p>Luiz Inacio Lula da Silva a au contraire promis de lutter pour une \u00ab\u00a0d\u00e9forestation z\u00e9ro\u00a0\u00bb. Il doit prononcer un discours tr\u00e8s attendu \u00e0 Charm el-Cheikh mercredi en fin d&rsquo;apr\u00e8s-midi et pourrait, selon le quotidien br\u00e9silien O Globo, annoncer que le Br\u00e9sil est candidat pour accueillir la COP30 en 2025.<\/p>\n\n\n\n<p>&#8211; Tr\u00e8s encourag\u00e9 &#8211;<\/p>\n\n\n\n<p>Le pr\u00e9sident \u00e9lu a rencontr\u00e9 mardi soir l&rsquo;\u00e9missaire sp\u00e9cial am\u00e9ricain pour le climat John Kerry, qui s&rsquo;est dit \u00ab\u00a0tr\u00e8s encourag\u00e9 par la fa\u00e7on dont il (Lula) a parl\u00e9 de faire les choses (&#8230;) afin de pr\u00e9server l&rsquo;Amazonie\u00a0\u00bb. Et de promettre que \u00ab\u00a0nous travaillerons assid\u00fbment afin d&rsquo;atteindre cet objectif ensemble\u00a0\u00bb.<\/p>\n\n\n\n<p>Il a \u00e9galement rencontr\u00e9 l&rsquo;\u00e9missaire chinois pour le climat \u00e0 la COP.<\/p>\n\n\n\n<p>La Chine et les Etats-Unis sont dans cet ordre les deux premiers \u00e9metteurs mondiaux de gaz \u00e0 effet de serre responsables du r\u00e9chauffement climatique. Les r\u00e9centes tensions diplomatiques entre les deux pays faisaient craindre pour les n\u00e9gociations sur le climat.<\/p>\n\n\n\n<p>Mais les d\u00e9l\u00e9gu\u00e9s \u00e0 la COP27, o\u00f9 les discussions sont marqu\u00e9es par des oppositions tranch\u00e9es, notamment sur les questions financi\u00e8res, ont \u00e9t\u00e9 rassur\u00e9s par les conclusions du sommet du G20 \u00e0 Bali.<\/p>\n\n\n\n<p>Ces pays, qui repr\u00e9sentent 80% des \u00e9missions mondiales, se sont en effet engag\u00e9s \u00e0 poursuivre les efforts pour limiter le r\u00e9chauffement \u00e0 1,5\u00b0C, objectif le plus ambitieux de l&rsquo;accord de Paris. Ils se sont \u00e9galement prononc\u00e9s pour la r\u00e9duction des subventions \u00ab\u00a0inefficaces\u00a0\u00bb aux \u00e9nergies fossiles, responsables du r\u00e9chauffement.<\/p>\n\n\n\n<p>Et les pr\u00e9sidents am\u00e9ricain Joe Biden et chinois Xi Jinping ont eu un long t\u00eate \u00e0 t\u00eate, s&rsquo;engageant \u00e0 relancer leur coop\u00e9ration sur le climat.<\/p>\n\n\n\n<p>&#8211; Bouff\u00e9e d&rsquo;air &#8211;<\/p>\n\n\n\n<p>\u00ab\u00a0Les signaux positifs du sommet du G20 devraient donner une bouff\u00e9e d&rsquo;air aux n\u00e9gociations en Egypte qui entrent dans leurs derniers jours\u00a0\u00bb, a comment\u00e9 Ani Dasgupta, pr\u00e9sident du centre de r\u00e9flexion World Resources Institute.<\/p>\n\n\n\n<p>L&rsquo;accord de Paris de 2015 vise \u00e0 limiter le r\u00e9chauffement nettement en dessous de 2\u00b0C par rapport \u00e0 l&rsquo;\u00e8re pr\u00e9-industrielle, si possible 1,5\u00b0C. Alors que chaque dixi\u00e8me de degr\u00e9 entra\u00eene une multiplication des catastrophes climatiques, les signataires de l&rsquo;accord s&rsquo;\u00e9taient engag\u00e9s l&rsquo;an dernier \u00e0 la COP26 \u00e0 \u00ab\u00a0maintenir en vie\u00a0\u00bb l&rsquo;objectif le plus ambitieux.<\/p>\n\n\n\n<p>Mais selon des observateurs, l&rsquo;Arabie saoudite et la Chine, membres du G20, avaient fait savoir lors de la COP27 leur r\u00e9ticence, d\u00e9j\u00e0 exprim\u00e9e par le pass\u00e9, \u00e0 voir \u00e0 nouveau cette r\u00e9f\u00e9rence dans le texte final, alors que le monde se dirige vers un r\u00e9chauffement catastrophique de 2,8\u00b0C.<\/p>\n\n\n\n<p>Avant de prononcer son discours en fin d&rsquo;apr\u00e8s-midi, Lula doit rencontrer une d\u00e9l\u00e9gation de leaders indig\u00e8nes, ainsi que plusieurs gouverneurs d&rsquo;Etats br\u00e9siliens pr\u00e9sents eux aussi \u00e0 la conf\u00e9rence.<\/p>\n\n\n\n<p>La for\u00eat tropicale amazonienne, dont le Br\u00e9sil abrite 60% de la surface totale, est le plus grand puits de carbone au monde, primordial pour lutter contre le changement climatique.<\/p>\n\n\n\n<p>Mais sous l&rsquo;effet du r\u00e9chauffement et de la d\u00e9forestation, elle est d\u00e9sormais tr\u00e8s fragilis\u00e9e et, selon une \u00e9tude publi\u00e9e en mars, approche plus rapidement que pr\u00e9vu d&rsquo;un \u00ab\u00a0point de bascule\u00a0\u00bb qui pourrait la transformer en savane.<\/p>\n\n\n\n<p>La protection de l&rsquo;Amazonie sera une \u00ab\u00a0priorit\u00e9 strat\u00e9gique\u00a0\u00bb apr\u00e8s l&rsquo;entr\u00e9e en fonctions de Lula le 1er janvier 2023, a assur\u00e9 \u00e0 Charm el-Cheikh l&rsquo;ancienne ministre de l&rsquo;Environnement Marina Silva, membre de l&rsquo;\u00e9quipe du pr\u00e9sident \u00e9lu et pressentie pour reprendre ce minist\u00e8re.<\/p>\n\n\n\n<p>Et le Br\u00e9sil s&rsquo;y attellera \u00ab\u00a0par ses propres moyens\u00a0\u00bb avec un objectif de reforestation de 12 millions d&rsquo;hectares, avait-elle dit samedi devant la presse, sans conditionner cette politique \u00e0 une reprise de l&rsquo;aide internationale, suspendue par de nombreux pays suite aux politiques du pr\u00e9sident sortant d&rsquo;extr\u00eame droite.<\/p>\n\n\n\n<p>Par Alvaro VILLALOBOS<\/p>\n","protected":false},"excerpt":{"rendered":"<p>Le pr\u00e9sident \u00e9lu du Br\u00e9sil, Lula, s&rsquo;exprime mercredi en sauveur de l&rsquo;Amazonie devant une conf\u00e9rence mondiale sur le climat revigor\u00e9e<\/p>\n","protected":false},"author":1,"featured_media":3366,"comment_status":"open","ping_status":"open","sticky":false,"template":"","format":"standard","meta":{"footnotes":""},"categories":[51],"tags":[],"class_list":["post-3365","post","type-post","status-publish","format-standard","has-post-thumbnail","hentry","category-general"],"_links":{"self":[{"href":"https:\/\/dekkbi.com\/index.php?rest_route=\/wp\/v2\/posts\/3365","targetHints":{"allow":["GET"]}}],"collection":[{"href":"https:\/\/dekkbi.com\/index.php?rest_route=\/wp\/v2\/posts"}],"about":[{"href":"https:\/\/dekkbi.com\/index.php?rest_route=\/wp\/v2\/types\/post"}],"author":[{"embeddable":true,"href":"https:\/\/dekkbi.com\/index.php?rest_route=\/wp\/v2\/users\/1"}],"replies":[{"embeddable":true,"href":"https:\/\/dekkbi.com\/index.php?rest_route=%2Fwp%2Fv2%2Fcomments&post=3365"}],"version-history":[{"count":1,"href":"https:\/\/dekkbi.com\/index.php?rest_route=\/wp\/v2\/posts\/3365\/revisions"}],"predecessor-version":[{"id":3367,"href":"https:\/\/dekkbi.com\/index.php?rest_route=\/wp\/v2\/posts\/3365\/revisions\/3367"}],"wp:featuredmedia":[{"embeddable":true,"href":"https:\/\/dekkbi.com\/index.php?rest_route=\/wp\/v2\/media\/3366"}],"wp:attachment":[{"href":"https:\/\/dekkbi.com\/index.php?rest_route=%2Fwp%2Fv2%2Fmedia&parent=3365"}],"wp:term":[{"taxonomy":"category","embeddable":true,"href":"https:\/\/dekkbi.com\/index.php?rest_route=%2Fwp%2Fv2%2Fcategories&post=3365"},{"taxonomy":"post_tag","embeddable":true,"href":"https:\/\/dekkbi.com\/index.php?rest_route=%2Fwp%2Fv2%2Ftags&post=3365"}],"curies":[{"name":"wp","href":"https:\/\/api.w.org\/{rel}","templated":true}]}}