{"id":33620,"date":"2024-03-27T12:43:55","date_gmt":"2024-03-27T12:43:55","guid":{"rendered":"https:\/\/dekkbi.com\/?p=33620"},"modified":"2024-03-27T12:43:56","modified_gmt":"2024-03-27T12:43:56","slug":"emmanuel-macron-decore-le-cacique-raoni-en-amazonie-une-etape-tres-symbolique","status":"publish","type":"post","link":"https:\/\/dekkbi.com\/?p=33620","title":{"rendered":"Emmanuel Macron d\u00e9core le cacique Raoni en Amazonie, une \u00e9tape tr\u00e8s symbolique"},"content":{"rendered":"\n<p>Apr\u00e8s la Guyane, Emmanuel Macron est arriv\u00e9 mardi 26 mars au Br\u00e9sil. Le pr\u00e9sident fran\u00e7ais a \u00e9t\u00e9 accueilli par le pr\u00e9sident Lula \u00e0 Bel\u00e9m, la ville h\u00f4te de la prochaine COP. Une premi\u00e8re \u00e9tape symbolique pour marquer l\u2019amiti\u00e9 entre les deux chefs d\u2019\u00c9tat, mais aussi d\u00e9corer le cacique Raoni de la L\u00e9gion d&rsquo;honneur dans un lieu pas comme les autres, l\u2019\u00eele de Comb\u00fa, en pleine for\u00eat amazonienne.<\/p>\n\n\n\n<p><em>Avec notre envoy\u00e9e sp\u00e9ciale au Br\u00e9sil,&nbsp;<\/em><strong>Val\u00e9rie Gas<\/strong><\/p>\n\n\n\n<p>Quand\u00a0<strong>Emmanuel Macron\u00a0<\/strong>et\u00a0<strong>Lula<\/strong>\u00a0sont arriv\u00e9s, la nuit commen\u00e7ait \u00e0 tomber sur la for\u00eat. Les deux pr\u00e9sidents avaient navigu\u00e9 pendant une heure ensemble. Une croisi\u00e8re sur le fleuve et un premier entretien en bras de chemise dans l\u2019air moite de Bel\u00e9m, pour montrer d\u2019embl\u00e9e leur proximit\u00e9 et leur d\u00e9contraction, avant d\u2019arriver sur l\u2019\u00eele de Comb\u00fa o\u00f9 les attendait le cacique Raoni, le chef du peuple de l\u2019eau, le d\u00e9fenseur des populations autochtones.<\/p>\n\n\n\n<p>Un homme et un symbole qu\u2019Emmanuel Macron a d\u00e9cor\u00e9 de la L\u00e9gion d\u2019honneur : \u00ab\u00a0<em>Au c\u00f4t\u00e9 de mon ami le pr\u00e9sident Lula, aujourd&rsquo;hui, faisant cause commune pour l&rsquo;Amazonie, qui vous appartient, et qui est ce tr\u00e9sor tout \u00e0 la fois de biodiversit\u00e9, mais aussi o\u00f9 tant de peuples autochtones ont b\u00e2ti leur vie, leurs traditions. Ils sont les d\u00e9positaires d&rsquo;un art de vivre. Je suis heureux que nous puissions en cet instant te c\u00e9l\u00e9brer.<\/em>\u00a0\u00bb<\/p>\n\n\n\n<h2 class=\"wp-block-heading\">Faire de la protection de l\u2019environnement une ambition commune avec le Br\u00e9sil<\/h2>\n\n\n\n<p>Une c\u00e9r\u00e9monie organis\u00e9e en pleine\u00a0<strong>for\u00eat amazonienne.<\/strong>\u00a0Le cadre \u00e9tait en lui-m\u00eame un message. Le discours de Raoni y a pris encore plus de puissance.<\/p>\n\n\n\n<p>Raoni a appel\u00e9 Emmanuel Macron et Lula \u00e0 continuer le combat pour l\u2019environnement contre la d\u00e9forestation et leur a demand\u00e9 de soutenir sa candidature pour le prix Nobel de la paix. Une premi\u00e8re s\u00e9quence br\u00e9silienne pour Emmanuel Macron qui montre l\u2019intention du chef de l\u2019\u00c9tat fran\u00e7ais : faire de la protection de l\u2019environnement une ambition commune avec le Br\u00e9sil.<\/p>\n","protected":false},"excerpt":{"rendered":"<p>Apr\u00e8s la Guyane, Emmanuel Macron est arriv\u00e9 mardi 26 mars au Br\u00e9sil. Le pr\u00e9sident fran\u00e7ais a \u00e9t\u00e9 accueilli par le<\/p>\n","protected":false},"author":1,"featured_media":33621,"comment_status":"open","ping_status":"open","sticky":false,"template":"","format":"standard","meta":{"footnotes":""},"categories":[51],"tags":[],"class_list":["post-33620","post","type-post","status-publish","format-standard","has-post-thumbnail","hentry","category-general"],"_links":{"self":[{"href":"https:\/\/dekkbi.com\/index.php?rest_route=\/wp\/v2\/posts\/33620","targetHints":{"allow":["GET"]}}],"collection":[{"href":"https:\/\/dekkbi.com\/index.php?rest_route=\/wp\/v2\/posts"}],"about":[{"href":"https:\/\/dekkbi.com\/index.php?rest_route=\/wp\/v2\/types\/post"}],"author":[{"embeddable":true,"href":"https:\/\/dekkbi.com\/index.php?rest_route=\/wp\/v2\/users\/1"}],"replies":[{"embeddable":true,"href":"https:\/\/dekkbi.com\/index.php?rest_route=%2Fwp%2Fv2%2Fcomments&post=33620"}],"version-history":[{"count":1,"href":"https:\/\/dekkbi.com\/index.php?rest_route=\/wp\/v2\/posts\/33620\/revisions"}],"predecessor-version":[{"id":33622,"href":"https:\/\/dekkbi.com\/index.php?rest_route=\/wp\/v2\/posts\/33620\/revisions\/33622"}],"wp:featuredmedia":[{"embeddable":true,"href":"https:\/\/dekkbi.com\/index.php?rest_route=\/wp\/v2\/media\/33621"}],"wp:attachment":[{"href":"https:\/\/dekkbi.com\/index.php?rest_route=%2Fwp%2Fv2%2Fmedia&parent=33620"}],"wp:term":[{"taxonomy":"category","embeddable":true,"href":"https:\/\/dekkbi.com\/index.php?rest_route=%2Fwp%2Fv2%2Fcategories&post=33620"},{"taxonomy":"post_tag","embeddable":true,"href":"https:\/\/dekkbi.com\/index.php?rest_route=%2Fwp%2Fv2%2Ftags&post=33620"}],"curies":[{"name":"wp","href":"https:\/\/api.w.org\/{rel}","templated":true}]}}