{"id":33602,"date":"2024-03-27T11:22:14","date_gmt":"2024-03-27T11:22:14","guid":{"rendered":"https:\/\/dekkbi.com\/?p=33602"},"modified":"2024-03-27T13:25:30","modified_gmt":"2024-03-27T13:25:30","slug":"qui-pour-etre-le-porte-parole-de-lopposition-en-rdc","status":"publish","type":"post","link":"https:\/\/dekkbi.com\/?p=33602","title":{"rendered":"REPUBLIQUE DEMOCRATIQUE DU CONGO &#8211; Qui pour \u00eatre le porte-parole de l\u2019opposition?"},"content":{"rendered":"\n<p>Lors de son investiture en janvier dernier, le pr\u00e9sident F\u00e9lix Tshisekedi avait enjoint l&rsquo;opposition de d\u00e9signer un porte-parole.<\/p>\n\n\n\n<p>Certains opposants pr\u00e9cisent qu&rsquo;il ne s&rsquo;agit pas d&rsquo;un cadeau du pr\u00e9sident, mais plut\u00f4t d&rsquo;un droit, alors que d&rsquo;autres continuent d&rsquo;exiger des \u00e9lections transparentes et ne veulent pas accepter le poste dans les conditions actuelles.<a target=\"_blank\" rel=\"noreferrer noopener\"><\/a><\/p>\n\n\n\n<h3 class=\"wp-block-heading\"><strong>Un poste qui divise<\/strong><\/h3>\n\n\n\n<p>Ensemble pour la R\u00e9publique, le parti politique de Mo\u00efse Katumbi, qui est arriv\u00e9 deuxi\u00e8me aux \u00e9lections de d\u00e9cembre 2023, rappelle que le porte-parolat de l&rsquo;opposition est un droit constitutionnel.<\/p>\n\n\n\n<p>\u00ab\u00a0Jusqu&rsquo;\u00e0 aujourd&rsquo;hui vous savez bien qu&rsquo;on n&rsquo;a toujours pas de S\u00e9nat et l&rsquo;agenda parlementaire n&rsquo;a pas encore pr\u00e9vu ces questions-l\u00e0. On ne peut pas l&rsquo;imputer \u00e0 l&rsquo;opposition. Nous comptons exercer tous nos droits constitutionnels pour d\u00e9fendre notre d\u00e9mocratie en danger\u00a0\u00bb, a d\u00e9clar\u00e9 Herv\u00e9 Diakese, porte-parole d&rsquo;Ensemble pour la R\u00e9publique.<\/p>\n\n\n\n<p>Mais telle n&rsquo;est pas la position de la coalition Lamuka qui redoute une strat\u00e9gie du pr\u00e9sident Tshisekedi consistant \u00e0 d\u00e9baucher dans l&rsquo;opposition afin de l\u00e9gitimer des \u00e9lections contest\u00e9es. Le poste de porte-parole de l&rsquo;opposition n&rsquo;aura de sens qu&rsquo;apr\u00e8s des \u00e9lections issues d&rsquo;un dialogue franc estime Lamuka.<\/p>\n\n\n\n<p>\u00ab\u00a0Nous ne nous sentons pas concern\u00e9s. Personne ne peut parler du porte-parolat de l&rsquo;opposition car il n&rsquo;y a pas eu de majorit\u00e9 d\u00e9gag\u00e9e, moins encore d&rsquo;opposition clairement identifi\u00e9e par le peuple souverain. Nous voulons qu&rsquo;il y ait un dialogue franc pour que les r\u00e9formes n\u00e9cessaires puissent arriver vite\u00a0\u00bb, a soulign\u00e9 Prince Epenge, de la cellule de communication de Lamuka.<a target=\"_blank\" rel=\"noreferrer noopener\"><\/a><\/p>\n\n\n\n<h3 class=\"wp-block-heading\"><strong>L\u2019opposition d\u00e9structur\u00e9e<\/strong><\/h3>\n\n\n\n<p>Christian Moleka, coordonnateur de la dynamique des politologues de la RDC, la Dypol, estime que les divisions de l&rsquo;opposition ne facilitent pas la d\u00e9signation d&rsquo;un porte-parole.<\/p>\n\n\n\n<p>\u00ab\u00a0Entre un FCC qui n&rsquo;a pas particip\u00e9 aux \u00e9lections et qui n&rsquo;a donc pas int\u00e9r\u00eat \u00e0 jouer ce r\u00f4le ou un Lamuka qui a boycott\u00e9 les l\u00e9gislatives, qui n&rsquo;est pas repr\u00e9sent\u00e9e au Parlement et qui ne verrait donc pas d&rsquo;int\u00e9r\u00eat \u00e0 ce qu&rsquo;un porte-parole d\u00e9sign\u00e9 par des d\u00e9put\u00e9s d&rsquo;Ensemble donnent le leadership \u00e0 Katumbi et puis enfin, Katumbi qui a contest\u00e9 les scrutins mais qui veut jouer un r\u00f4le au sein du Parlement. Vous avez cette opposition \u00e0 trois t\u00eates\u00a0\u00bb a-t-il expliqu\u00e9.<\/p>\n\n\n\n<p>Le poste de porte-parole de l&rsquo;opposition est pr\u00e9vu par la constitution de 2006. Mais les opposants n&rsquo;ont jamais r\u00e9ussi \u00e0 se mettre d&rsquo;accord pour l&rsquo;occuper.<\/p>\n\n\n\n<p>Auteur: Jean No\u00ebl Ba-Mweze<\/p>\n","protected":false},"excerpt":{"rendered":"<p>Lors de son investiture en janvier dernier, le pr\u00e9sident F\u00e9lix Tshisekedi avait enjoint l&rsquo;opposition de d\u00e9signer un porte-parole. Certains opposants<\/p>\n","protected":false},"author":1,"featured_media":33603,"comment_status":"open","ping_status":"open","sticky":false,"template":"","format":"standard","meta":{"footnotes":""},"categories":[51],"tags":[],"class_list":["post-33602","post","type-post","status-publish","format-standard","has-post-thumbnail","hentry","category-general"],"_links":{"self":[{"href":"https:\/\/dekkbi.com\/index.php?rest_route=\/wp\/v2\/posts\/33602","targetHints":{"allow":["GET"]}}],"collection":[{"href":"https:\/\/dekkbi.com\/index.php?rest_route=\/wp\/v2\/posts"}],"about":[{"href":"https:\/\/dekkbi.com\/index.php?rest_route=\/wp\/v2\/types\/post"}],"author":[{"embeddable":true,"href":"https:\/\/dekkbi.com\/index.php?rest_route=\/wp\/v2\/users\/1"}],"replies":[{"embeddable":true,"href":"https:\/\/dekkbi.com\/index.php?rest_route=%2Fwp%2Fv2%2Fcomments&post=33602"}],"version-history":[{"count":2,"href":"https:\/\/dekkbi.com\/index.php?rest_route=\/wp\/v2\/posts\/33602\/revisions"}],"predecessor-version":[{"id":33648,"href":"https:\/\/dekkbi.com\/index.php?rest_route=\/wp\/v2\/posts\/33602\/revisions\/33648"}],"wp:featuredmedia":[{"embeddable":true,"href":"https:\/\/dekkbi.com\/index.php?rest_route=\/wp\/v2\/media\/33603"}],"wp:attachment":[{"href":"https:\/\/dekkbi.com\/index.php?rest_route=%2Fwp%2Fv2%2Fmedia&parent=33602"}],"wp:term":[{"taxonomy":"category","embeddable":true,"href":"https:\/\/dekkbi.com\/index.php?rest_route=%2Fwp%2Fv2%2Fcategories&post=33602"},{"taxonomy":"post_tag","embeddable":true,"href":"https:\/\/dekkbi.com\/index.php?rest_route=%2Fwp%2Fv2%2Ftags&post=33602"}],"curies":[{"name":"wp","href":"https:\/\/api.w.org\/{rel}","templated":true}]}}