{"id":33580,"date":"2024-03-27T10:07:54","date_gmt":"2024-03-27T10:07:54","guid":{"rendered":"https:\/\/dekkbi.com\/?p=33580"},"modified":"2024-03-27T13:15:16","modified_gmt":"2024-03-27T13:15:16","slug":"la-posture-des-candidats-battus-a-favorise-un-climat-post-electoral-apaise-observateurs-europeens","status":"publish","type":"post","link":"https:\/\/dekkbi.com\/?p=33580","title":{"rendered":"La posture des candidats battus a favoris\u00e9 un \u201cclimat post-\u00e9lectoral apais\u00e9\u201d (Observateurs europ\u00e9ens)"},"content":{"rendered":"\n<p>Dakar,  (APS) \u2013 La cheffe de la mission d\u2019observation \u00e9lectorale de l\u2019Union europ\u00e9enne (MOE-UE) , Malin Bj\u00f6rk a salu\u00e9 la posture des autres candidats consistant \u00e0 f\u00e9liciter celui donn\u00e9 vainqueur par les premi\u00e8res tendances, laquelle a fortement contribu\u00e9 \u00e0 un \u201cclimat post \u00e9lectoral pacifique\u201d.<\/p>\n\n\n\n<p>Mme Bj\u00f6rk s\u2019exprimait mardi \u00e0 Dakar lors d\u2019une conf\u00e9rence de presse pour rendre public le rapport de la MOE-UE sur les premi\u00e8res observations relatives \u00e0 la pr\u00e9sidentielle du 24 mars. Elle a salu\u00e9 la \u201csinc\u00e9rit\u00e9\u201d et le d\u00e9roulement du scrutin dans une \u201cambiance paisible et ordonn\u00e9e\u201d..<\/p>\n\n\n\n<p>\u201cLa mission note que tous les candidats, dont celui du pouvoir sortant, Amadou Ba, ont adress\u00e9 un message de f\u00e9licitation au candidat Bassirou Diomaye Faye pour sa probable \u00e9lection d\u00e8s le premier tour\u201d, a relev\u00e9 Malin Bj\u00f6rk.<\/p>\n\n\n\n<p>Selon elle, cette reconnaissance \u201ca fortement contribu\u00e9 \u00e0 un climat post \u00e9lectoral pacifique, allant dans le sens d\u2019une transmission du pouvoir calme et apais\u00e9e\u201d.<\/p>\n\n\n\n<p>Aux fins de son analyse, les observateurs ont pu faire une \u00e9valuation positive du d\u00e9roulement du scrutin de l\u2019ouverture jusqu\u2019\u00e0 la cl\u00f4ture du vote dans 406 bureaux au niveau de 40 d\u00e9partements.<\/p>\n\n\n\n<p>\u201cLes proc\u00e9dures ont g\u00e9n\u00e9ralement \u00e9t\u00e9 respect\u00e9es avec professionnalisme par les membres du bureau de vote. Les \u00e9lecteurs ont pu faire leur choix dans une ambiance paisible et ordonn\u00e9e\u201d, a-t-elle poursuivi.<\/p>\n\n\n\n<p>La cheffe de la mission d\u2019observation \u00e9lectorale de l\u2019Union europ\u00e9enne a aussi signal\u00e9 que les candidats en lice, principalement Amadou Ba et Bassirou Diomaye Faye, \u00e9taient bien repr\u00e9sent\u00e9s dans plus de 90% des bureaux de vote visit\u00e9s, notant que cet aspect a contribu\u00e9 \u00e0 la transparence du processus \u00e9lectoral.<\/p>\n\n\n\n<p>Elle a toutefois d\u00e9plor\u00e9 quelques irr\u00e9gularit\u00e9s, \u201cqui ne sont pas de nature \u00e0 remettre en cause la sinc\u00e9rit\u00e9 de l\u2019ensemble du scrutin\u201d.<\/p>\n\n\n\n<p>Mme Bj\u00f6rk faisait notamment allusion \u00e0 des \u00e9lecteurs qui avaient du mal \u00e0 voter dans le d\u00e9partement de Keur Massar r\u00e9sultant du r\u00e9cent d\u00e9coupage administratif.<\/p>\n\n\n\n<p>Lors du point de presse, le chef de la d\u00e9l\u00e9gation du parlement europ\u00e9en, Javier Nart s\u2019est aussi f\u00e9licit\u00e9 de l\u2019organisation du scrutin dans les d\u00e9lais \u00e9tablis par la constitution apr\u00e8s les d\u00e9cisions \u201dhistoriques\u201d du Conseil Constitutionnel.<\/p>\n\n\n\n<p>Cet \u00e9tat de fait t\u00e9moigne de la \u201csolidit\u00e9 du r\u00e9gime institutionnel au S\u00e9n\u00e9gal\u201d, a dit M.Nart \u00e0 la t\u00eate d\u2019une d\u00e9l\u00e9gation de plus de 100 observateurs.<\/p>\n\n\n\n<p>\u201cLe scrutin s\u2019est bien d\u00e9roul\u00e9 dans de bonnes conditions et le peuple s\u00e9n\u00e9galais est le premier vainqueur\u201d, a fait observer Javier Nart, convaincu que \u201dla passation de pouvoir va [aussi] se d\u00e9rouler dans le m\u00eame esprit de calme et de respect de l\u2019ordre constitutionnel\u201d.<\/p>\n\n\n\n<p>Il a rappel\u00e9 que l\u2019institution europ\u00e9enne qu\u2019il repr\u00e9sente place le S\u00e9n\u00e9gal comme un \u201cpays prioritaire\u201d, pour lequel elle s\u2019engage \u00e0 \u201cconserver les relations strat\u00e9giques pour la d\u00e9mocratie et une prosp\u00e9rit\u00e9 r\u00e9ciproque\u201d.<\/p>\n\n\n\n<p>FD\/SMD\/ADL\/MTN<\/p>\n","protected":false},"excerpt":{"rendered":"<p>Dakar, (APS) \u2013 La cheffe de la mission d\u2019observation \u00e9lectorale de l\u2019Union europ\u00e9enne (MOE-UE) , Malin Bj\u00f6rk a salu\u00e9 la<\/p>\n","protected":false},"author":1,"featured_media":33581,"comment_status":"open","ping_status":"open","sticky":false,"template":"","format":"standard","meta":{"footnotes":""},"categories":[21],"tags":[],"class_list":["post-33580","post","type-post","status-publish","format-standard","has-post-thumbnail","hentry","category-societe"],"_links":{"self":[{"href":"https:\/\/dekkbi.com\/index.php?rest_route=\/wp\/v2\/posts\/33580","targetHints":{"allow":["GET"]}}],"collection":[{"href":"https:\/\/dekkbi.com\/index.php?rest_route=\/wp\/v2\/posts"}],"about":[{"href":"https:\/\/dekkbi.com\/index.php?rest_route=\/wp\/v2\/types\/post"}],"author":[{"embeddable":true,"href":"https:\/\/dekkbi.com\/index.php?rest_route=\/wp\/v2\/users\/1"}],"replies":[{"embeddable":true,"href":"https:\/\/dekkbi.com\/index.php?rest_route=%2Fwp%2Fv2%2Fcomments&post=33580"}],"version-history":[{"count":3,"href":"https:\/\/dekkbi.com\/index.php?rest_route=\/wp\/v2\/posts\/33580\/revisions"}],"predecessor-version":[{"id":33641,"href":"https:\/\/dekkbi.com\/index.php?rest_route=\/wp\/v2\/posts\/33580\/revisions\/33641"}],"wp:featuredmedia":[{"embeddable":true,"href":"https:\/\/dekkbi.com\/index.php?rest_route=\/wp\/v2\/media\/33581"}],"wp:attachment":[{"href":"https:\/\/dekkbi.com\/index.php?rest_route=%2Fwp%2Fv2%2Fmedia&parent=33580"}],"wp:term":[{"taxonomy":"category","embeddable":true,"href":"https:\/\/dekkbi.com\/index.php?rest_route=%2Fwp%2Fv2%2Fcategories&post=33580"},{"taxonomy":"post_tag","embeddable":true,"href":"https:\/\/dekkbi.com\/index.php?rest_route=%2Fwp%2Fv2%2Ftags&post=33580"}],"curies":[{"name":"wp","href":"https:\/\/api.w.org\/{rel}","templated":true}]}}