{"id":3357,"date":"2022-11-16T09:58:18","date_gmt":"2022-11-16T09:58:18","guid":{"rendered":"https:\/\/dekkbi.com\/?p=3357"},"modified":"2022-11-16T09:58:20","modified_gmt":"2022-11-16T09:58:20","slug":"guerre-en-ukraine-reunion-durgence-a-varsovie-apres-la-chute-non-confirmee-de-missiles-russes-en-pologne","status":"publish","type":"post","link":"https:\/\/dekkbi.com\/?p=3357","title":{"rendered":"Guerre en Ukraine : r\u00e9union d&rsquo;urgence \u00e0 Varsovie apr\u00e8s la chute, non confirm\u00e9e, de missiles russes en Pologne"},"content":{"rendered":"\n<p>Le gouvernement polonais s&rsquo;est r\u00e9uni en urgence ce 15 novembre \u00e0 19 heures TU apr\u00e8s des informations, pour l&rsquo;instant non confirm\u00e9es, de chute de projectiles russes en Pologne, dans le cadre d&rsquo;un barrage de missiles qui a gravement endommag\u00e9 les infrastructures \u00e9nerg\u00e9tiques en Ukraine.<br><a rel=\"noreferrer noopener\" href=\"https:\/\/www.addthis.com\/bookmark.php?v=300\" target=\"_blank\"><\/a><\/p>\n\n\n\n<p>Le porte-parole du gouvernement polonais, Piotr M\u00fcller, a indiqu\u00e9 que cette r\u00e9union a \u00e9t\u00e9 convoqu\u00e9e&nbsp;<em>\u00ab\u00a0suite \u00e0 la situation de crise en cours\u00a0\u00bb<\/em>, sans plus de d\u00e9tail, alors que Washington dit examiner des informations de presse selon lesquelles deux missiles russes auraient&nbsp;<em>\u00ab\u00a0frapp\u00e9 un lieu en Pologne ou \u00e0 la fronti\u00e8re avec l&rsquo;Ukraine\u00a0\u00bb<\/em>.<\/p>\n\n\n\n<p>La situation est&nbsp;<em>\u00ab\u00a0incertaine\u00a0\u00bb<\/em>,&nbsp;<em>\u00ab\u00a0nous ne savons pas exactement ce qui s&rsquo;est pass\u00e9\u00a0\u00bb<\/em>, a d\u00e9clar\u00e9 le ministre de la D\u00e9fense Kristof Szalay-Bobrovniczky, interrog\u00e9 \u00e0 l&rsquo;issue de la r\u00e9union.<\/p>\n\n\n\n<p><em>\u00ab\u00a0Il vient d&rsquo;\u00eatre d\u00e9cid\u00e9 de relever le niveau d&rsquo;alerte de certaines unit\u00e9s de combat&#8230; et d&rsquo;autres personnels en uniforme\u00a0\u00bb,<\/em>&nbsp;a d\u00e9clar\u00e9 le porte-parole Piotr M\u00fcller, \u00e0 l&rsquo;issue d&rsquo;une r\u00e9union d&rsquo;urgence du Conseil de la s\u00e9curit\u00e9 nationale.<\/p>\n\n\n\n<p>Piotr M\u00fcller n&rsquo;a pas mentionn\u00e9 les informations sur les missiles mais a indiqu\u00e9 qu&rsquo;il y avait eu une explosion dans l&rsquo;est de la Pologne dans laquelle deux citoyens polonais ont \u00e9t\u00e9 tu\u00e9s.&nbsp;<em>\u00ab\u00a0Nos services sont actuellement sur le terrain pour d\u00e9terminer ce qui s&rsquo;est pass\u00e9\u00a0\u00bb<\/em>, a-t-il d\u00e9clar\u00e9 aux m\u00e9dias.<\/p>\n\n\n\n<h2 class=\"wp-block-heading\">Recourir \u00e0 l&rsquo;article 4 du trait\u00e9 de l&rsquo;OTAN<\/h2>\n\n\n\n<p>Le pr\u00e9sident polonais Andrzej Duda s&rsquo;est entretenu avec le pr\u00e9sident am\u00e9ricain Joe Biden et le chef de l&rsquo;Otan Jens Stoltenberg, alors que les responsables polonais ont indiqu\u00e9 envisager de convoquer des consultations urgentes avec les dirigeants de l&rsquo;Otan en vertu de l&rsquo;article 4 de l&rsquo;Alliance.<\/p>\n\n\n\n<p>L&rsquo;article 4 du trait\u00e9 de l&rsquo;Otan stipule que des consultations peuvent \u00eatre organis\u00e9es lorsqu&rsquo;un membre de l&rsquo;Alliance estime que son \u00ab\u00a0int\u00e9grit\u00e9 territoriale, l&rsquo;ind\u00e9pendance politique ou la s\u00e9curit\u00e9\u00a0\u00bb sont menac\u00e9es.<\/p>\n\n\n\n<p><em>\u00ab\u00a0Nous v\u00e9rifions le bien-fond\u00e9 du recours \u00e0 l&rsquo;article 4\u00a0\u00bb<\/em>, a d\u00e9clar\u00e9 Jacek Siewiera, chef du Bureau de s\u00e9curit\u00e9 nationale de la Pologne.&nbsp;<em>\u00ab\u00a0Nous avons des contacts tr\u00e8s intensifs avec nos principaux alli\u00e9s\u00a0\u00bb<\/em>, a-t-il ajout\u00e9.<\/p>\n\n\n\n<p>D&rsquo;autre part, selon ses services, le ministre de la D\u00e9fense polonais, Mariusz Blaszczak doit s&rsquo;entretenir dans les heures qui viennent avec son homologie am\u00e9ricain Lloyd Austin.<\/p>\n\n\n\n<p>Selon des m\u00e9dias polonais locaux, se basant sur des sources non officielles, une explosion aurait fait deux morts dans un d\u00e9p\u00f4t de c\u00e9r\u00e9ales dans le village polonais de Przewodow, tout pr\u00e8s de la fronti\u00e8re avec l&rsquo;Ukraine.<\/p>\n\n\n\n<h2 class=\"wp-block-heading\">Moscou d\u00e9ment<\/h2>\n\n\n\n<p>De son c\u00f4t\u00e9, la Russie a qualifi\u00e9 de&nbsp;<em>\u00ab\u00a0provocations\u00a0\u00bb&nbsp;<\/em>ces informations.&nbsp;<em>\u00ab\u00a0Les d\u00e9clarations de m\u00e9dias polonais et de responsables officiels sur une pr\u00e9tendue chute de missiles russes pr\u00e8s de la localit\u00e9 de Przewodow rel\u00e8vent de la provocation intentionnelle dans le but de cr\u00e9er une escalade de la situation\u00a0\u00bb<\/em>, a d\u00e9clar\u00e9 le minist\u00e8re russe de la D\u00e9fense sur son compte Telegram.<\/p>\n\n\n\n<p><em>\u00ab\u00a0Aucune frappe n&rsquo;a \u00e9t\u00e9 men\u00e9e sur des objectifs proches de la fronti\u00e8re ukraino-polonaise\u00a0\u00bb&nbsp;<\/em>par l&rsquo;arm\u00e9e russe, a affirm\u00e9 le minist\u00e8re. Les images de&nbsp;<em>\u00ab\u00a0d\u00e9bris publi\u00e9s par les m\u00e9dias polonais depuis les lieux des faits dans la localit\u00e9 de Przewodow n&rsquo;ont aucun rapport\u00a0\u00bb&nbsp;<\/em>avec des projectiles russes, a-t-il ajout\u00e9.<\/p>\n\n\n\n<h2 class=\"wp-block-heading\">Kiev demande une r\u00e9union de l&rsquo;OTAN<\/h2>\n\n\n\n<p>Mais \u00e0 Kiev, le pr\u00e9sident ukrainien Volodymyr Zelensky a accus\u00e9 la Russie d&rsquo;avoir tir\u00e9 des missiles sur la Pologne, membre de l&rsquo;Otan, qualifiant cette attaque pr\u00e9sum\u00e9e, non confirm\u00e9e pour l&rsquo;instant,&nbsp;<em>\u00ab\u00a0d&rsquo;escalade tr\u00e8s importante\u00a0\u00bb<\/em>. Son ministre des Affaires \u00e9trang\u00e8res, a demand\u00e9 une r\u00e9union&nbsp;<em>\u00ab\u00a0imm\u00e9diate\u00a0\u00bb<\/em>&nbsp;de l&rsquo;Alliance atlantique.<\/p>\n\n\n\n<h2 class=\"wp-block-heading\">Conseil de d\u00e9fense en Hongrie<\/h2>\n\n\n\n<p>En Hongrie, le porte-parole du premier ministre Viktor Orban a indiqu\u00e9 sur Twitter qu&rsquo;un Conseil de d\u00e9fense avait \u00e9galement \u00e9t\u00e9 convoqu\u00e9 dans la soir\u00e9e\u00a0<em>\u00ab\u00a0en r\u00e9ponse au missile qui a frapp\u00e9 le territoire de la Pologne\u00a0\u00bb.<\/em><\/p>\n\n\n\n<h2 class=\"wp-block-heading\">R\u00e9actions des alli\u00e9s<\/h2>\n\n\n\n<p>\u00c0 Washington, un porte-parole du Pentagone a d\u00e9clar\u00e9 :&nbsp;<em>\u00ab\u00a0Nous n&rsquo;avons pas d&rsquo;\u00e9l\u00e9ments \u00e0 ce stade pour confirmer ces informations et nous les examinons de fa\u00e7on plus pouss\u00e9e\u00a0\u00bb<\/em>.<\/p>\n\n\n\n<p>\u00c0 Bruxelles, si\u00e8ge de l&rsquo;OTAN, un responsable de l&rsquo;Alliance a indiqu\u00e9 qu&rsquo;elle \u00e9tait&nbsp;<em>\u00ab\u00a0en train d&rsquo;examiner<\/em>\u00a0\u00bb ces informations.&nbsp;<em>\u00ab\u00a0Nous sommes en train d&rsquo;examiner ces informations et nous sommes en coordination \u00e9troite avec la Pologne, notre alli\u00e9e\u00a0\u00bb<\/em>, a d\u00e9clar\u00e9 un responsable de l&rsquo;Otan, sous le couvert de l&rsquo;anonymat.<\/p>\n\n\n\n<h2 class=\"wp-block-heading\">La France a pris contact avec Varsovie<\/h2>\n\n\n\n<p>Le pr\u00e9sident fran\u00e7ais Emmanuel Macron a&nbsp;<em>\u00ab\u00a0pris contact avec les autorit\u00e9s polonaises\u00a0\u00bb&nbsp;<\/em>apr\u00e8s des informations faisant \u00e9tat de deux missiles russes qui auraient touch\u00e9 la Pologne, membre de l&rsquo;Otan, et&nbsp;<em>\u00ab\u00a0se tient au courant de la situation\u00a0\u00bb<\/em>, a d\u00e9clar\u00e9 ce soir l&rsquo;Elys\u00e9e \u00e0 l&rsquo;AFP.<\/p>\n\n\n\n<p><em>\u00ab\u00a0Il explore la possibilit\u00e9 d&rsquo;une discussion d\u00e8s demain matin au niveau des leaders\u00a0\u00bb&nbsp;<\/em>pour&nbsp;<em>\u00ab\u00a0analyser les risques\u00a0\u00bb<\/em>&nbsp;et&nbsp;<em>\u00ab\u00a0pr\u00e9venir une escalade du conflit\u00a0\u00bb<\/em>,&nbsp;<em>\u00ab\u00a0compte tenu de la pr\u00e9sence de tous nos grands partenaires europ\u00e9ens et nos grands partenaires alli\u00e9s au G20\u00a0\u00bb<\/em>, r\u00e9uni en sommet en Indon\u00e9sie, o\u00f9 se trouve \u00e9galement Emmanuel Macron, a ajout\u00e9 la pr\u00e9sidence fran\u00e7aise. La seconde journ\u00e9e du G20 le 16 novembre&nbsp;<em>\u00ab\u00a0sera un moment important pour sensibiliser nos grands partenaires comme le pr\u00e9sident de la R\u00e9publique le fait depuis le d\u00e9but de la guerre\u00a0\u00bb<\/em>, a relev\u00e9 l&rsquo;Elys\u00e9e.<\/p>\n\n\n\n<p>Le chef de l&rsquo;\u00c9tat a demand\u00e9&nbsp;<em>\u00ab\u00a0de mener les v\u00e9rifications n\u00e9cessaires afin d&rsquo;\u00e9tablir les faits en consultation \u00e9troite avec la Pologne et ses alli\u00e9s au sein de l&rsquo;Otan\u00a0\u00bb<\/em>, a-t-on indiqu\u00e9 au minist\u00e8re des Arm\u00e9es.<\/p>\n\n\n\n<h2 class=\"wp-block-heading\">Charles Michel&nbsp;<em>\u00ab\u00a0choqu\u00e9\u00a0\u00bb<\/em><\/h2>\n\n\n\n<p>Le pr\u00e9sident du Conseil europ\u00e9en, Charles Michel, s&rsquo;est dit\u00a0<em>\u00ab\u00a0choqu\u00e9 par la nouvelle d&rsquo;un missile ou autre munition ayant tu\u00e9 des personnes sur le territoire polonais\u00a0\u00bb<\/em>.<br><em>\u00ab\u00a0Mes condol\u00e9ances aux familles. Nous sommes aux c\u00f4t\u00e9s de la Pologne. Je suis en contact avec les autorit\u00e9s polonaises, les membres du Conseil europ\u00e9en et d&rsquo;autres alli\u00e9s\u00a0\u00bb<\/em>, a-t-il \u00e9crit sur Twitter.<\/p>\n","protected":false},"excerpt":{"rendered":"<p>Le gouvernement polonais s&rsquo;est r\u00e9uni en urgence ce 15 novembre \u00e0 19 heures TU apr\u00e8s des informations, pour l&rsquo;instant non<\/p>\n","protected":false},"author":1,"featured_media":3358,"comment_status":"open","ping_status":"open","sticky":false,"template":"","format":"standard","meta":{"footnotes":""},"categories":[6],"tags":[],"class_list":["post-3357","post","type-post","status-publish","format-standard","has-post-thumbnail","hentry","category-politics"],"_links":{"self":[{"href":"https:\/\/dekkbi.com\/index.php?rest_route=\/wp\/v2\/posts\/3357","targetHints":{"allow":["GET"]}}],"collection":[{"href":"https:\/\/dekkbi.com\/index.php?rest_route=\/wp\/v2\/posts"}],"about":[{"href":"https:\/\/dekkbi.com\/index.php?rest_route=\/wp\/v2\/types\/post"}],"author":[{"embeddable":true,"href":"https:\/\/dekkbi.com\/index.php?rest_route=\/wp\/v2\/users\/1"}],"replies":[{"embeddable":true,"href":"https:\/\/dekkbi.com\/index.php?rest_route=%2Fwp%2Fv2%2Fcomments&post=3357"}],"version-history":[{"count":1,"href":"https:\/\/dekkbi.com\/index.php?rest_route=\/wp\/v2\/posts\/3357\/revisions"}],"predecessor-version":[{"id":3359,"href":"https:\/\/dekkbi.com\/index.php?rest_route=\/wp\/v2\/posts\/3357\/revisions\/3359"}],"wp:featuredmedia":[{"embeddable":true,"href":"https:\/\/dekkbi.com\/index.php?rest_route=\/wp\/v2\/media\/3358"}],"wp:attachment":[{"href":"https:\/\/dekkbi.com\/index.php?rest_route=%2Fwp%2Fv2%2Fmedia&parent=3357"}],"wp:term":[{"taxonomy":"category","embeddable":true,"href":"https:\/\/dekkbi.com\/index.php?rest_route=%2Fwp%2Fv2%2Fcategories&post=3357"},{"taxonomy":"post_tag","embeddable":true,"href":"https:\/\/dekkbi.com\/index.php?rest_route=%2Fwp%2Fv2%2Ftags&post=3357"}],"curies":[{"name":"wp","href":"https:\/\/api.w.org\/{rel}","templated":true}]}}