{"id":33568,"date":"2024-03-27T09:10:53","date_gmt":"2024-03-27T09:10:53","guid":{"rendered":"https:\/\/dekkbi.com\/?p=33568"},"modified":"2024-03-27T09:27:22","modified_gmt":"2024-03-27T09:27:22","slug":"la-cedeao-felicite-bassirou-diomaye-faye-pour-son-election-aux-hautes-fonctions-de-president-de-la-republique-du-senegal","status":"publish","type":"post","link":"https:\/\/dekkbi.com\/?p=33568","title":{"rendered":"Pr\u00e9sident Bassirou Diomaye Faye: les f\u00e9licitations continuent"},"content":{"rendered":"\n<p><strong>La Cedeao f\u00e9licite Bassirou Diomaye Faye pour son \u2018\u2019\u00e9lection aux hautes fonctions de pr\u00e9sident de la R\u00e9publique du S\u00e9n\u00e9gal\u2019\u2019<\/strong><\/p>\n\n\n\n<p>Dakar, (APS) \u2013 La Communaut\u00e9 \u00e9conomique des Etats de l\u2019Afrique de l\u2019ouest (Cedeao) a envoy\u00e9, mardi, un message de f\u00e9licitations \u00e0 Bassirou Diomaye Faye pour son \u00e9lection \u2018\u2019aux hautes fonctions de pr\u00e9sident de la R\u00e9publique du S\u00e9n\u00e9gal\u2019\u2019.<\/p>\n\n\n\n<p>\u2018\u2019Au nom des institutions de la Cedeao, j\u2019ai l\u2019honneur de vous exprimer mes sinc\u00e8res f\u00e9licitations pour votre \u00e9lection aux hautes fonctions de Pr\u00e9sident de la R\u00e9publique du S\u00e9n\u00e9gal\u2019\u2019, \u00e9crit notamment le pr\u00e9sident de la Commission de l\u2019organisation dans une lettre adress\u00e9e au vainqueur annonc\u00e9 de la pr\u00e9sidentielle s\u00e9n\u00e9galaise de dimanche.<\/p>\n\n\n\n<p>Dr. Omar Alieu Touray a en m\u00eame temps salu\u00e9 la posture du peuple s\u00e9n\u00e9galais et des institutions r\u00e9publicaines et salu\u00e9 la s\u00e9r\u00e9nit\u00e9 et la maturit\u00e9 dans lesquelles s\u2019est d\u00e9roul\u00e9e l\u2019\u00e9lection pr\u00e9sidentielle jug\u00e9e libre, transparente et apais\u00e9e.<\/p>\n\n\n\n<p>\u2018\u2019A la lumi\u00e8re de vos diverses d\u00e9clarations, je suis convaincu que vous saurez promouvoir la r\u00e9conciliation et l\u2019inclusion et que vous serez le pr\u00e9sident de l\u2019ensemble de la nation s\u00e9n\u00e9galaise, y compris ceux qui appartiennent \u00e0 des formations politiques diff\u00e9rentes\u2019\u2019, a dit le pr\u00e9sident de la commission de la Cedeao, en s\u2019adressant au futur chef de l\u2019Etat s\u00e9n\u00e9galais.<\/p>\n\n\n\n<p>Il n\u2019a pas manqu\u00e9 de lui assurer l\u2019engagement de l\u2019organisation r\u00e9gionale \u00e0 travailler dans l\u2019int\u00e9r\u00eat du S\u00e9n\u00e9gal, de l\u2019espace communautaire et du continent dans son ensemble. &#8211; <\/p>\n\n\n\n<p><strong>Mohamed El Ghazouani f\u00e9licite Bassirou Diomaye FayeAKS\/ASG<\/strong><\/p>\n\n\n\n<p>Dans un communiqu\u00e9 relay\u00e9 par l\u2019Agence mauritanienne d\u2019information (AMI), le pr\u00e9sident de la R\u00e9publique islamique de Mauritanie a notamment f\u00e9licit\u00e9 le pr\u00e9sident \u00e9lu du S\u00e9n\u00e9gal pour la confiance que le peuple s\u00e9n\u00e9galais lui a accord\u00e9e afin d\u2019assumer les lourdes responsabilit\u00e9s li\u00e9es \u00e0 la magistrature supr\u00eame.<\/p>\n\n\n\n<p>Mohamed Ould Cheikh El Ghazouani s\u2019est dans le m\u00eame temps f\u00e9licit\u00e9 du climat de s\u00e9r\u00e9nit\u00e9 et de responsabilit\u00e9 qui a pr\u00e9valu au cours de cette \u00e9lection et qui traduit, admirablement, toute la maturit\u00e9 de la d\u00e9mocratie s\u00e9n\u00e9galaise.<\/p>\n\n\n\n<p>Il n\u2019a pas manqu\u00e9 d\u2019exprimer sa \u2018\u2019disponibilit\u00e9 constante et sa sinc\u00e8re volont\u00e9 d\u2019\u0153uvrer, avec le pr\u00e9sident Bassirou Diomaye Faye, afin de d\u00e9velopper, en la diversifiant davantage, la coop\u00e9ration bilat\u00e9rale entre les deux pays et de resserrer, encore plus, les liens s\u00e9culaires d\u2019amiti\u00e9 et de fraternit\u00e9 qui unissent les deux peuples fr\u00e8res\u2019\u2019.<\/p>\n\n\n\n<p><strong>Les f\u00e9licitations du roi du Maroc au pr\u00e9sident Bassirou Diomaye Faye<\/strong><\/p>\n\n\n\n<p>Le roi du Maroc, Mohammed VI, a adress\u00e9, mardi un message de f\u00e9licitations au pr\u00e9sident \u00e9lu Bassirou Diomaye Faye, lui assurant de sa volont\u00e9 r\u00e9solue d\u2019\u0153uvrer \u201c\u00e0 la diversification et au renforcement de notre partenariat strat\u00e9gique prometteur, au service de nos deux jeunesses et en faveur d\u2019une Afrique unie et prosp\u00e8re\u201d, a indiqu\u00e9 la MAP, l\u2019agence de presse marocaine visit\u00e9e mardi \u00e0 l\u2019APS.<\/p>\n\n\n\n<p>\u201cLe peuple s\u00e9n\u00e9galais vous a confi\u00e9 le soin de pr\u00e9sider aux destin\u00e9es de votre Nation en vous \u00e9lisant, d\u00e8s le premier tour, \u00e0 la pr\u00e9sidence de la R\u00e9publique du S\u00e9n\u00e9gal. Je vous f\u00e9licite et vous adresse mes v\u0153ux les meilleurs de plein succ\u00e8s dans l\u2019exercice de vos hautes fonctions\u201d, a dit le souverain dans son message.<\/p>\n\n\n\n<p>Selon le souverain marocain, les peuples marocain et s\u00e9n\u00e9galais \u201cforment une communaut\u00e9 de valeurs et de destin fond\u00e9e sur la solide tradition culturelle et spirituelle qui constitue une constante des relations entre nos deux pays\u201d.<\/p>\n\n\n\n<p>\u201cLe lien privil\u00e9gi\u00e9 qui unit le Maroc et le S\u00e9n\u00e9gal est un h\u00e9ritage pr\u00e9cieux que nos deux pays ont toujours su honorer. Vous pouvez compter sur la fid\u00e8le disposition du Royaume \u00e0 coop\u00e9rer \u00e0 son prolongement et \u00e0 sa consolidation\u201d, a-t-il ajout\u00e9.<\/p>\n","protected":false},"excerpt":{"rendered":"<p>La Cedeao f\u00e9licite Bassirou Diomaye Faye pour son \u2018\u2019\u00e9lection aux hautes fonctions de pr\u00e9sident de la R\u00e9publique du S\u00e9n\u00e9gal\u2019\u2019 Dakar,<\/p>\n","protected":false},"author":1,"featured_media":33571,"comment_status":"open","ping_status":"open","sticky":false,"template":"","format":"standard","meta":{"footnotes":""},"categories":[6],"tags":[],"class_list":["post-33568","post","type-post","status-publish","format-standard","has-post-thumbnail","hentry","category-politics"],"_links":{"self":[{"href":"https:\/\/dekkbi.com\/index.php?rest_route=\/wp\/v2\/posts\/33568","targetHints":{"allow":["GET"]}}],"collection":[{"href":"https:\/\/dekkbi.com\/index.php?rest_route=\/wp\/v2\/posts"}],"about":[{"href":"https:\/\/dekkbi.com\/index.php?rest_route=\/wp\/v2\/types\/post"}],"author":[{"embeddable":true,"href":"https:\/\/dekkbi.com\/index.php?rest_route=\/wp\/v2\/users\/1"}],"replies":[{"embeddable":true,"href":"https:\/\/dekkbi.com\/index.php?rest_route=%2Fwp%2Fv2%2Fcomments&post=33568"}],"version-history":[{"count":2,"href":"https:\/\/dekkbi.com\/index.php?rest_route=\/wp\/v2\/posts\/33568\/revisions"}],"predecessor-version":[{"id":33572,"href":"https:\/\/dekkbi.com\/index.php?rest_route=\/wp\/v2\/posts\/33568\/revisions\/33572"}],"wp:featuredmedia":[{"embeddable":true,"href":"https:\/\/dekkbi.com\/index.php?rest_route=\/wp\/v2\/media\/33571"}],"wp:attachment":[{"href":"https:\/\/dekkbi.com\/index.php?rest_route=%2Fwp%2Fv2%2Fmedia&parent=33568"}],"wp:term":[{"taxonomy":"category","embeddable":true,"href":"https:\/\/dekkbi.com\/index.php?rest_route=%2Fwp%2Fv2%2Fcategories&post=33568"},{"taxonomy":"post_tag","embeddable":true,"href":"https:\/\/dekkbi.com\/index.php?rest_route=%2Fwp%2Fv2%2Ftags&post=33568"}],"curies":[{"name":"wp","href":"https:\/\/api.w.org\/{rel}","templated":true}]}}