{"id":33560,"date":"2024-03-26T15:44:52","date_gmt":"2024-03-26T15:44:52","guid":{"rendered":"https:\/\/dekkbi.com\/?p=33560"},"modified":"2024-03-26T15:51:13","modified_gmt":"2024-03-26T15:51:13","slug":"equipe-de-france-mbappe-comprendrait-sil-etait-siffle-au-velodrome","status":"publish","type":"post","link":"https:\/\/dekkbi.com\/?p=33560","title":{"rendered":"Equipe de France: Kylian Mbapp\u00e9 \u00ab\u00a0comprendrait\u00a0\u00bb s&rsquo;il \u00e9tait siffl\u00e9 au stade V\u00e9lodrome"},"content":{"rendered":"\n<p>La star et capitaine de l&rsquo;\u00e9quipe de France Kylian Mbapp\u00e9 a d\u00e9clar\u00e9 mardi qu&rsquo;il \u00ab\u00a0comprendrait\u00a0\u00bb si le public du V\u00e9lodrome le sifflait lors du match amical contre le Chili, mardi, \u00e0 cinq jours du clasico de la L1 entre son club, le PSG, et l&rsquo;OM.<\/p>\n\n\n\n<p>\u00ab\u00a0Peu importe l&rsquo;accueil qui me sera r\u00e9serv\u00e9, je vais donner le meilleur de moi-m\u00eame. Pour \u00eatre honn\u00eate, je comprendrais si je suis siffl\u00e9. Il y a un clasico dimanche, je suis joueur du PSG. Si je suis siffl\u00e9, c&rsquo;est la vie, je ne le prendrais pas personnellement. Mais si je ne suis pas siffl\u00e9, je serais agr\u00e9ablement surpris. Comme quoi, dans la vie, on peut avoir de bonnes surprises\u00a0\u00bb, a-t-il affirm\u00e9 en conf\u00e9rence de presse, \u00e0 la veille de France-Chili.<\/p>\n\n\n\n<p>\u00ab\u00a0La plupart du temps dans ma carri\u00e8re, je suis venu ici en tant que rival, a-t-il ajout\u00e9. Je n&rsquo;ai pas eu la possibilit\u00e9 de bien admirer le stade. En tant que joueur de l&rsquo;\u00e9quipe de France, \u00e7a va \u00eatre cool de jouer ici, il y a une bonne ambiance, c&rsquo;est un grand stade, l&rsquo;un des deux-trois stades les plus chauds en France.\u00a0\u00bb<\/p>\n\n\n\n<p>Mbapp\u00e9 est \u00e9galement revenu sur la pi\u00e8tre prestation des vice-champions du monde et la d\u00e9faite face \u00e0 l&rsquo;Allemagne (2-0), samedi \u00e0 Lyon, indiquant n&rsquo;avoir \u00ab\u00a0aucun probl\u00e8me \u00e0 porter la responsabilit\u00e9 des \u00e9checs\u00a0\u00bb.<\/p>\n\n\n\n<p>\u00ab\u00a0Le leadership a \u00e9t\u00e9 d\u00e9faillant mais on a \u00e9t\u00e9 d\u00e9pass\u00e9s sur pas mal d\u2019aspects. Il faut prendre conscience que si on joue comme \u00e7a dans les matches qui nous attendent, on va au-devant de grosses d\u00e9convenues. On devait avoir un autre visage. Maintenant, le match est pass\u00e9, on a comme objectif de montrer une r\u00e9action. Il faut prendre conscience que ce qu&rsquo;on a fait n&rsquo;\u00e9tait pas suffisant\u00a0\u00bb, a-t-il dit.<\/p>\n\n\n\n<p>Il a toutefois tenu \u00e0 relativiser la port\u00e9e du r\u00e9sultat contre la Mannschaft dans l&rsquo;optique de l&rsquo;Euro-2024 (14 juin &#8211; 14 juillet).<\/p>\n\n\n\n<p>\u00ab\u00a0Il y a eu des comp\u00e9titions o\u00f9 les matches d&rsquo;avant, on a pris des roustes et au final on a fait de grandes comp\u00e9titions. Il y a eu des comp\u00e9titions o\u00f9 on a gagn\u00e9 nos matches amicaux et on est rentr\u00e9 \u00e0 la maison tr\u00e8s vite. Les matches amicaux donnent des indications mais il n&rsquo;y a pas de v\u00e9rit\u00e9. La preuve, on a perdu deux fois contre les Allemands en amical et je n&rsquo;ai jamais perdu contre eux en match officiel\u00a0\u00bb, a-t-il expliqu\u00e9.<\/p>\n\n\n\n<p>SOURCE TV5.ORG<\/p>\n","protected":false},"excerpt":{"rendered":"<p>La star et capitaine de l&rsquo;\u00e9quipe de France Kylian Mbapp\u00e9 a d\u00e9clar\u00e9 mardi qu&rsquo;il \u00ab\u00a0comprendrait\u00a0\u00bb si le public du V\u00e9lodrome<\/p>\n","protected":false},"author":1,"featured_media":4153,"comment_status":"open","ping_status":"open","sticky":false,"template":"","format":"standard","meta":{"footnotes":""},"categories":[9],"tags":[],"class_list":["post-33560","post","type-post","status-publish","format-standard","has-post-thumbnail","hentry","category-sports"],"_links":{"self":[{"href":"https:\/\/dekkbi.com\/index.php?rest_route=\/wp\/v2\/posts\/33560","targetHints":{"allow":["GET"]}}],"collection":[{"href":"https:\/\/dekkbi.com\/index.php?rest_route=\/wp\/v2\/posts"}],"about":[{"href":"https:\/\/dekkbi.com\/index.php?rest_route=\/wp\/v2\/types\/post"}],"author":[{"embeddable":true,"href":"https:\/\/dekkbi.com\/index.php?rest_route=\/wp\/v2\/users\/1"}],"replies":[{"embeddable":true,"href":"https:\/\/dekkbi.com\/index.php?rest_route=%2Fwp%2Fv2%2Fcomments&post=33560"}],"version-history":[{"count":3,"href":"https:\/\/dekkbi.com\/index.php?rest_route=\/wp\/v2\/posts\/33560\/revisions"}],"predecessor-version":[{"id":33567,"href":"https:\/\/dekkbi.com\/index.php?rest_route=\/wp\/v2\/posts\/33560\/revisions\/33567"}],"wp:featuredmedia":[{"embeddable":true,"href":"https:\/\/dekkbi.com\/index.php?rest_route=\/wp\/v2\/media\/4153"}],"wp:attachment":[{"href":"https:\/\/dekkbi.com\/index.php?rest_route=%2Fwp%2Fv2%2Fmedia&parent=33560"}],"wp:term":[{"taxonomy":"category","embeddable":true,"href":"https:\/\/dekkbi.com\/index.php?rest_route=%2Fwp%2Fv2%2Fcategories&post=33560"},{"taxonomy":"post_tag","embeddable":true,"href":"https:\/\/dekkbi.com\/index.php?rest_route=%2Fwp%2Fv2%2Ftags&post=33560"}],"curies":[{"name":"wp","href":"https:\/\/api.w.org\/{rel}","templated":true}]}}