{"id":33540,"date":"2024-03-26T14:42:30","date_gmt":"2024-03-26T14:42:30","guid":{"rendered":"https:\/\/dekkbi.com\/?p=33540"},"modified":"2024-03-26T14:42:30","modified_gmt":"2024-03-26T14:42:30","slug":"les-comptes-de-la-france-dans-le-rouge-avec-un-deficit-a-plus-de-5","status":"publish","type":"post","link":"https:\/\/dekkbi.com\/?p=33540","title":{"rendered":"Les comptes de la France dans le rouge avec un d\u00e9ficit \u00e0 plus de 5%"},"content":{"rendered":"\n<p>Le d\u00e9ficit de l\u2019\u00c9tat fran\u00e7ais a atteint 5,4% en 2023, a annonc\u00e9 l\u2019Insee. Ce chiffre finalement bien sup\u00e9rieur aux pr\u00e9visions initiales du gouvernement provoque un vaste d\u00e9bat sur les comptes publics. Avec un gouvernement critiqu\u00e9 de toutes parts pour les causes comme pour les rem\u00e8des envisag\u00e9s.<\/p>\n\n\n\n<p>Les comptes de la France sont dans le rouge.\u00a0<strong>Le ministre de l\u2019\u00c9conomie Bruno le Maire\u00a0<\/strong>avait lui-m\u00eame annonc\u00e9 la couleur en f\u00e9vrier en pr\u00e9parant l&rsquo;opinion \u00e0 des coupes de 10 milliards d\u2019euros dans les d\u00e9penses pour limiter la casse. La semaine derni\u00e8re, la Cour des comptes a enfonc\u00e9 le clou en soulignant que la France \u00e9tait sur la troisi\u00e8me marche du podium des pays les plus endett\u00e9s de la zone euro. Depuis, l\u2019opposition se d\u00e9chaine. La France serait sur la m\u00eame pente que la Gr\u00e8ce selon les R\u00e9publicains.<\/p>\n\n\n\n<h2 class=\"wp-block-heading\">L&rsquo;improbable menace d&rsquo;une crise de la dette<\/h2>\n\n\n\n<p>La d\u00e9rive des comptes publics fran\u00e7ais entam\u00e9e il y a trente ans parait impossible \u00e0 endiguer. La France ne sera pas en mesure de revenir dans les clous d&rsquo;ici la fin du mandat du pr\u00e9sident Macron, c&rsquo;est-\u00e0-dire \u00e0 un d\u00e9ficit inf\u00e9rieur \u00e0 3\u2009% selon la r\u00e8gle de la zone euro. Mais cela ne signifie pas pour autant que la crise de la dette menace la France. Rien \u00e0 voir avec la crise qui a secou\u00e9 la zone euro dans les ann\u00e9es 2010.\u00a0<strong>La dette fran\u00e7aise<\/strong>\u00a0demeure tr\u00e8s appr\u00e9ci\u00e9e des investisseurs. L&rsquo;\u00e9cart avec les taux allemands, un indicateur tr\u00e8s suivi par les march\u00e9s, n&rsquo;a pas boug\u00e9 depuis un an. Pas de panique donc dans les jours qui viennent. La perspective des prochaines semaines inqui\u00e8te davantage le gouvernement. Un d\u00e9ficit au-dessus de 5\u2009% pour 2023 comme pour 2024, pourraient conduire les agences de notation \u00e0 revoir leur note \u00e0 la baisse. Et si la note baisse, les taux grimpent.\u00a0L\u2019addition du service de la dette sera alors beaucoup plus lourde \u00e0 r\u00e9gler.<\/p>\n\n\n\n<h2 class=\"wp-block-heading\">Quelles pistes pour redresser les comptes<\/h2>\n\n\n\n<p>La plus agr\u00e9able pour tout le monde, celle sur laquelle comptait le gouvernement, c\u2019est la croissance, car quand le PIB augmente, le d\u00e9ficit est relativement plus petit. Mais ce sc\u00e9nario id\u00e9al s\u2019\u00e9loigne de jour en jour. Le gouvernement a r\u00e9vis\u00e9 \u00e0 la baisse sa pr\u00e9vision \u00e0 1\u2009%. Pour r\u00e9\u00e9quilibrer les comptes, il faudra donc employer la mani\u00e8re forte&nbsp;: d\u00e9penser moins ou taxer davantage. On connait la religion de Bercy en la mati\u00e8re : il faut freiner les d\u00e9penses publiques. Bruno Le Maire se fait le chantre de la sobri\u00e9t\u00e9 dans l\u2019essai qu\u2019il vient de publier. La rigueur n&rsquo;est pas sans risque&nbsp;: elle peut casser le peu de croissance escompt\u00e9. Le rem\u00e8de serait pire que le mal.<\/p>\n\n\n\n<h2 class=\"wp-block-heading\">La hausse des imp\u00f4ts en d\u00e9bat<\/h2>\n\n\n\n<p>C\u2019est une ligne rouge pour le pr\u00e9sident Macron qui se refuse \u00e0 augmenter les imp\u00f4ts, il a m\u00eame promis un all\u00e8gement aux classes moyennes. Mais l\u2019id\u00e9e chemine. Y compris dans la majorit\u00e9. La pr\u00e9sidente de l\u2019Assembl\u00e9e nationale Ya\u00ebl Braun-Pivet \u00e9voque une taxe exceptionnelle sur les superprofits des grandes entreprises. La balle est aujourd\u2019hui dans le camp de Bruno Le Maire, le ministre de l\u2019\u00c9conomie.<\/p>\n\n\n\n<p><\/p>\n","protected":false},"excerpt":{"rendered":"<p>Le d\u00e9ficit de l\u2019\u00c9tat fran\u00e7ais a atteint 5,4% en 2023, a annonc\u00e9 l\u2019Insee. Ce chiffre finalement bien sup\u00e9rieur aux pr\u00e9visions<\/p>\n","protected":false},"author":1,"featured_media":33541,"comment_status":"open","ping_status":"open","sticky":false,"template":"","format":"standard","meta":{"footnotes":""},"categories":[3],"tags":[],"class_list":["post-33540","post","type-post","status-publish","format-standard","has-post-thumbnail","hentry","category-event-more-news"],"_links":{"self":[{"href":"https:\/\/dekkbi.com\/index.php?rest_route=\/wp\/v2\/posts\/33540","targetHints":{"allow":["GET"]}}],"collection":[{"href":"https:\/\/dekkbi.com\/index.php?rest_route=\/wp\/v2\/posts"}],"about":[{"href":"https:\/\/dekkbi.com\/index.php?rest_route=\/wp\/v2\/types\/post"}],"author":[{"embeddable":true,"href":"https:\/\/dekkbi.com\/index.php?rest_route=\/wp\/v2\/users\/1"}],"replies":[{"embeddable":true,"href":"https:\/\/dekkbi.com\/index.php?rest_route=%2Fwp%2Fv2%2Fcomments&post=33540"}],"version-history":[{"count":1,"href":"https:\/\/dekkbi.com\/index.php?rest_route=\/wp\/v2\/posts\/33540\/revisions"}],"predecessor-version":[{"id":33542,"href":"https:\/\/dekkbi.com\/index.php?rest_route=\/wp\/v2\/posts\/33540\/revisions\/33542"}],"wp:featuredmedia":[{"embeddable":true,"href":"https:\/\/dekkbi.com\/index.php?rest_route=\/wp\/v2\/media\/33541"}],"wp:attachment":[{"href":"https:\/\/dekkbi.com\/index.php?rest_route=%2Fwp%2Fv2%2Fmedia&parent=33540"}],"wp:term":[{"taxonomy":"category","embeddable":true,"href":"https:\/\/dekkbi.com\/index.php?rest_route=%2Fwp%2Fv2%2Fcategories&post=33540"},{"taxonomy":"post_tag","embeddable":true,"href":"https:\/\/dekkbi.com\/index.php?rest_route=%2Fwp%2Fv2%2Ftags&post=33540"}],"curies":[{"name":"wp","href":"https:\/\/api.w.org\/{rel}","templated":true}]}}