{"id":33531,"date":"2024-03-26T14:10:02","date_gmt":"2024-03-26T14:10:02","guid":{"rendered":"https:\/\/dekkbi.com\/?p=33531"},"modified":"2024-03-26T14:10:03","modified_gmt":"2024-03-26T14:10:03","slug":"videosurveillance-algorithmique-aux-jo-de-quoi-parle-t-on-et-pourquoi-inquiete-t-elle","status":"publish","type":"post","link":"https:\/\/dekkbi.com\/?p=33531","title":{"rendered":"Vid\u00e9osurveillance algorithmique aux JO: de quoi parle-t-on, et pourquoi inqui\u00e8te-t-elle?"},"content":{"rendered":"\n<p>\u00c0 quatre mois du lancement des Jeux olympiques et paralympiques, gros plan sur la vid\u00e9osurveillance \u00ab\u00a0augment\u00e9e\u00a0\u00bb dont la France a autoris\u00e9 l\u2019exp\u00e9rimentation. Une technologie qui intrigue autant qu\u2019elle inqui\u00e8te.<\/p>\n\n\n\n<p><strong>Par : Fran\u00e7ois-Damien Bourgery &#8211; RFI<\/strong><\/p>\n\n\n\n<p>\u00c0 \u00e9v\u00e9nement exceptionnel, dispositif hors normes. Pour assurer la s\u00e9curit\u00e9 des\u00a0<strong>Jeux de Paris 2024<\/strong>\u00a0et des 15 millions de visiteurs attendus, l\u2019\u00c9tat entend sortir les grands moyens. Chaque jour, seront d\u00e9ploy\u00e9s quelque 35 000 policiers et gendarmes, dont ceux des unit\u00e9s d\u2019\u00e9lite du GIGN, du Raid et de la BRI, 20 000 militaires et autant d&rsquo;agents de s\u00e9curit\u00e9 priv\u00e9s\u2026 Mais aussi des cam\u00e9ras de surveillance dop\u00e9es \u00e0 l&rsquo;intelligence artificielle pour les appuyer. Combien ? Myst\u00e8re. Interrog\u00e9 r\u00e9cemment sur la question, le ministre de l&rsquo;Int\u00e9rieur G\u00e9rald Darmanin a r\u00e9pondu qu&rsquo;il \u00e9tait \u00ab\u00a0<em>trop t\u00f4t<\/em>\u00a0\u00bb pour donner un chiffre.<\/p>\n\n\n\n<p>Deux tests ont \u00e9t\u00e9 effectu\u00e9s les 3 et 5 mars derniers, \u00e0 l\u2019occasion de concerts du groupe britannique Depeche Mode \u00e0 l\u2019Accor Arena \u00e0 Paris. Il ne s\u2019agissait pas encore d\u2019\u00e9prouver la vid\u00e9osurveillance algorithmique \u00e0 proprement parler, mais seulement de \u00ab&nbsp;<em>tester et param\u00e9trer les solutions logicielles<\/em>&nbsp;\u00bb en temps r\u00e9el, avait pr\u00e9cis\u00e9 la place Beauvau. \u00ab&nbsp;<em>Tous les voyants sont au vert<\/em>&nbsp;\u00bb, s\u2019est r\u00e9joui le pr\u00e9fet de police de Paris Laurent Nu\u00f1ez \u00e0 l\u2019issue du premier essai. Pas de quoi rassurer en revanche les associations de d\u00e9fense des libert\u00e9s qui consid\u00e8rent qu\u2019en autorisant l\u2019exp\u00e9rimentation de cette technologie, l\u2019\u00c9tat fran\u00e7ais ouvre la bo\u00eete de Pandore de la surveillance de masse.<\/p>\n\n\n\n<h2 class=\"wp-block-heading\"><strong>\u25a0 De quoi parle-t-on ?<\/strong><\/h2>\n\n\n\n<p>La vid\u00e9osurveillance algorithmique (VSA) consiste \u00e0 coupler des cam\u00e9ras de surveillance \u00e0 des logiciels dont les algorithmes sont cens\u00e9s pouvoir d\u00e9tecter de mani\u00e8re automatique et en temps r\u00e9el des \u00e9v\u00e9nements pr\u00e9d\u00e9finis au milieu d\u2019un flux d\u2019images continu. Cela afin de faciliter le travail des agents op\u00e9rant dans les salles de contr\u00f4le.\u00a0<strong>\u00c0 Nice, la VSA sert \u00e0 d\u00e9tecter<\/strong>\u00a0les entorses au Code de la route, les regroupements, compter les pi\u00e9tons, scooters et trottinettes sur un axe d\u00e9termin\u00e9\u2026 \u00c0 Aulnay-sous-Bois, en r\u00e9gion parisienne, elle est utilis\u00e9e pour rep\u00e9rer des objets abandonn\u00e9s, des d\u00e9p\u00f4ts sauvages, des d\u00e9parts de feu ou des mouvements de foule.\u00a0<\/p>\n\n\n\n<p>La vid\u00e9osurveillance \u00ab\u00a0augment\u00e9e\u00a0\u00bb est ainsi d\u00e9j\u00e0 exp\u00e9riment\u00e9e \u00e0 l&rsquo;\u00e9chelle municipale dans plusieurs dizaines de communes en France. Mais au niveau national, c\u2019est une premi\u00e8re. Du moins officiellement. En novembre dernier,\u00a0<strong>le m\u00e9dia d&rsquo;investigation Disclose<\/strong>\u00a0a r\u00e9v\u00e9l\u00e9 que la police nationale utilisait depuis 2015 dans le plus grand secret un logiciel d&rsquo;analyse d&rsquo;images de vid\u00e9osurveillance d\u00e9velopp\u00e9 par la soci\u00e9t\u00e9 isra\u00e9lienne Briefcam.<\/p>\n\n\n\n<h2 class=\"wp-block-heading\"><strong>\u25a0 Dans quel cadre l\u00e9gislatif est-elle utilis\u00e9e ?<\/strong><\/h2>\n\n\n\n<p>Le recours \u00e0 la vid\u00e9osurveillance algorithmique est cette fois pr\u00e9vu \u00ab\u00a0<em>\u00e0 titre exp\u00e9rimental\u00a0<\/em>\u00bb par l\u2019article de 10 de la\u00a0<strong>loi relative aux Jeux olympiques et paralympiques<\/strong>\u00a0promulgu\u00e9e en mai 2023. Il est indiqu\u00e9 que la VSA pourra \u00eatre utilis\u00e9e dans le cadre de manifestations sportives, r\u00e9cr\u00e9atives ou culturelles jusqu\u2019au 31 mars 2025. Soit bien apr\u00e8s la p\u00e9riode des Jeux. Le texte souligne que les traitements algorithmiques n\u2019emploient \u00ab\u00a0<em>aucun syst\u00e8me d\u2019identification biom\u00e9trique, ne traitent aucune donn\u00e9e biom\u00e9trique et ne mettent en \u0153uvre aucune technique de reconnaissance faciale<\/em>\u00a0\u00bb. \u00ab\u00a0<em>Une ligne rouge<\/em>\u00a0\u00bb, a affirm\u00e9 G\u00e9rald Darmanin. Chaque utilisation devra par ailleurs faire l\u2019objet d\u2019un arr\u00eat\u00e9 pr\u00e9fectoral, apr\u00e8s avis de la Commission nationale de l\u2019informatique et des libert\u00e9s (Cnil).<\/p>\n\n\n\n<p>Un d\u00e9cret pris pendant l\u2019\u00e9t\u00e9 pr\u00e9cise les huit \u00e9v\u00e9nements anormaux que devront rechercher les logiciels au milieu des images capt\u00e9es par les cam\u00e9ras : la pr\u00e9sence ou l&rsquo;utilisation d&rsquo;une arme, un d\u00e9part de feu, une personne au sol, un colis abandonn\u00e9, le franchissement d&rsquo;une zone interdite, un mouvement de foule, une densit\u00e9 trop importante et le non-respect du sens de circulation.<\/p>\n\n\n\n<h2 class=\"wp-block-heading\"><strong>\u25a0 O\u00f9 sera-t-elle d\u00e9ploy\u00e9e ?<\/strong><\/h2>\n\n\n\n<p>La vid\u00e9osurveillance algorithmique pourra \u00eatre assur\u00e9e&nbsp;<em>via&nbsp;<\/em>les cam\u00e9ras install\u00e9es \u00e0 l&rsquo;int\u00e9rieur ou aux abords des lieux accueillant les manifestations, dans les transports ou par celles embarqu\u00e9es \u00e0 bord des drones qui survoleront les diff\u00e9rents sites. Elle devrait \u00ab&nbsp;<em>sans doute \u00eatre d\u00e9ploy\u00e9e de mani\u00e8re limit\u00e9e<\/em>&nbsp;\u00bb cet \u00e9t\u00e9, a d\u00e9clar\u00e9 en janvier le d\u00e9l\u00e9gu\u00e9 interminist\u00e9riel aux Jeux, Michel Cadot. Ces cam\u00e9ras dites \u00ab&nbsp;intelligentes&nbsp;\u00bb devraient selon lui surtout \u00eatre utilis\u00e9es \u00ab&nbsp;<em>dans des zones de forte densit\u00e9, par exemple dans le centre de Paris, autour des sites, et avant les contr\u00f4les<\/em>&nbsp;\u00bb.&nbsp;<\/p>\n\n\n\n<p>Le march\u00e9 de la VSA a \u00e9t\u00e9 r\u00e9parti entre quatre entreprises fran\u00e7aises : Wintics, Videtics, ChapsVision et Orange Business. \u00c0 chacune sa zone g\u00e9ographique. Wintics d\u00e9ploiera ses outils en Ile-de-France et dans les transports, Videtics dans trois r\u00e9gions du Sud et en Outre-Mer, ChapsVision dans le reste de l\u2019Hexagone. Orange Business sera quant \u00e0 elle charg\u00e9e de la surveillance des transports en cas de d\u00e9faillance de Wintics.<\/p>\n\n\n\n<h2 class=\"wp-block-heading\"><strong>\u25a0 Pourquoi son utilisation est critiqu\u00e9e ?<\/strong><\/h2>\n\n\n\n<p>Les critiques portent en premier lieu sur les effets dissuasifs que ce type de technologie peuvent avoir sur les libert\u00e9s. \u00ab&nbsp;<em>Quand on se sait surveill\u00e9, on va avoir tendance \u00e0 modifier son comportement, \u00e0 s\u2019autocensurer, peut-\u00eatre \u00e0 ne pas exercer certains droits<\/em>&nbsp;\u00bb, observe Katia Roux, sp\u00e9cialiste technologies et droits humains au sein de la branche fran\u00e7aise de l\u2019ONG Amnesty International. \u00ab&nbsp;<em>Toute surveillance dans l\u2019espace public est une ing\u00e9rence dans le droit \u00e0 la vie priv\u00e9e. Selon le droit international, elle doit \u00eatre n\u00e9cessaire et proportionn\u00e9e \u00e0 un objectif l\u00e9gitime<\/em>&nbsp;\u00bb, rappelle-t-elle. \u00ab&nbsp;<em>C\u2019est aux autorit\u00e9s de faire la d\u00e9monstration qu\u2019il n\u2019existe pas de moyen moins attentatoire aux libert\u00e9s pour garantir la s\u00e9curit\u00e9. Or cette d\u00e9monstration n\u2019a pas \u00e9t\u00e9 faite.<\/em>&nbsp;\u00bb<\/p>\n\n\n\n<p>Une autre critique concerne le fonctionnement m\u00eame de l\u2019intelligence artificielle, sur laquelle repose la vid\u00e9osurveillance algorithmique. Une technologie en apparence neutre, mais en r\u00e9alit\u00e9 d\u00e9velopp\u00e9e avec des donn\u00e9es comprenant potentiellement des biais discriminatoires qu\u2019elle pourrait amplifier. \u00ab\u00a0<em><strong>On constate dans d\u2019autres pays<\/strong>\u00a0qui ont d\u00e9velopp\u00e9 ce type de surveillance de l\u2019espace public une utilisation qui vise de mani\u00e8re disproportionn\u00e9e certains groupes de la population d\u00e9j\u00e0 marginalis\u00e9s<\/em>\u00a0\u00bb, rapporte Katia Roux.<\/p>\n\n\n\n<p>Surtout, les organisations de d\u00e9fense des libert\u00e9s redoutent que l\u2019exp\u00e9rimentation de la vid\u00e9osurveillance algorithmique n\u2019ouvre la voie \u00e0 des formes d\u2019utilisation plus intrusives. \u00ab&nbsp;<em>C\u2019est un pied dans la porte qui annonce des applications plus probl\u00e9matiques, comme la reconnaissance faciale \u00e0 br\u00e8ve \u00e9ch\u00e9ance<\/em>&nbsp;\u00bb, pr\u00e9vient F\u00e9lix Tr\u00e9guer, chercheur associ\u00e9 au CNRS et membre de l\u2019association La Quadrature du net.<\/p>\n\n\n\n<h2 class=\"wp-block-heading\"><strong>\u25a0 Quel avenir apr\u00e8s les JO ?<\/strong><\/h2>\n\n\n\n<p>Alors que l\u2019exp\u00e9rimentation de la vid\u00e9osurveillance algorithmique doit prendre fin le 31 mars 2025, le gouvernement annonce que la technologie pourrait \u00eatre p\u00e9rennis\u00e9e. \u00ab&nbsp;<em>Si elle fait ses preuves et avec des garanties, elle pourra \u00eatre utilis\u00e9e pour de grands \u00e9v\u00e9nements<\/em>&nbsp;\u00bb, a fait savoir en septembre la ministre des Sports, Am\u00e9lie Oud\u00e9a-Cast\u00e9ra. Le S\u00e9nat, de son c\u00f4t\u00e9, a d\u00e9j\u00e0 pr\u00e9par\u00e9 la suite. La Chambre haute a adopt\u00e9 en juin dernier une proposition de loi relative \u00e0 la reconnaissance biom\u00e9trique dans l\u2019espace public, qui ouvre la voie \u00e0 l\u2019exp\u00e9rimentation de la reconnaissance faciale \u00e0 des fins d\u2019enqu\u00eates judiciaires et de lutte contre le terrorisme pour une dur\u00e9e de trois ans. Le texte doit encore \u00eatre examin\u00e9 \u00e0 l\u2019Assembl\u00e9e.<\/p>\n\n\n\n<p>La France s\u2019appr\u00eate-t-elle \u00e0 suivre l\u2019exemple des autres pays organisateurs de grandes manifestations sportives en musclant son dispositif s\u00e9curitaire post-JO\u00a0? En 2012, les Jeux olympiques de Londres avaient entra\u00een\u00e9 le d\u00e9ploiement massif de cam\u00e9ras de surveillance dans les rues de la capitale. Six ans plus tard, la Coupe du monde de football en Russie avait \u00e9t\u00e9 l\u2019occasion d\u2019exp\u00e9rimenter la reconnaissance faciale, toujours en place aujourd\u2019hui. En 2020, les Jeux de Tokyo avaient \u00e9t\u00e9 pr\u00e9c\u00e9d\u00e9s d&rsquo;<strong>un tour de vis l\u00e9gislatif largement d\u00e9cri\u00e9<\/strong>.\u00a0<\/p>\n\n\n\n<p>\u00c0 la veille des Jeux de Paris, Amnesty International r\u00e9clame donc plus que des promesses. L\u2019ONG appelle \u00e0 une loi interdisant la reconnaissance faciale \u00e0 des fins d\u2019identification dans l\u2019espace public.&nbsp;\u00ab&nbsp;<em>Puisqu\u2019elle a \u00e9t\u00e9 pr\u00e9sent\u00e9e comme une ligne rouge dans les d\u00e9bats, \u00e7a ne peut pas \u00eatre une ligne en pointill\u00e9s ; il faut qu\u2019elle soit robuste<\/em>&nbsp;\u00bb, soutient Katia Roux. Sous peine de glisser vers la surveillance g\u00e9n\u00e9ralis\u00e9e.<\/p>\n","protected":false},"excerpt":{"rendered":"<p>\u00c0 quatre mois du lancement des Jeux olympiques et paralympiques, gros plan sur la vid\u00e9osurveillance \u00ab\u00a0augment\u00e9e\u00a0\u00bb dont la France a<\/p>\n","protected":false},"author":1,"featured_media":33532,"comment_status":"open","ping_status":"open","sticky":false,"template":"","format":"standard","meta":{"footnotes":""},"categories":[46],"tags":[],"class_list":["post-33531","post","type-post","status-publish","format-standard","has-post-thumbnail","hentry","category-technology"],"_links":{"self":[{"href":"https:\/\/dekkbi.com\/index.php?rest_route=\/wp\/v2\/posts\/33531","targetHints":{"allow":["GET"]}}],"collection":[{"href":"https:\/\/dekkbi.com\/index.php?rest_route=\/wp\/v2\/posts"}],"about":[{"href":"https:\/\/dekkbi.com\/index.php?rest_route=\/wp\/v2\/types\/post"}],"author":[{"embeddable":true,"href":"https:\/\/dekkbi.com\/index.php?rest_route=\/wp\/v2\/users\/1"}],"replies":[{"embeddable":true,"href":"https:\/\/dekkbi.com\/index.php?rest_route=%2Fwp%2Fv2%2Fcomments&post=33531"}],"version-history":[{"count":1,"href":"https:\/\/dekkbi.com\/index.php?rest_route=\/wp\/v2\/posts\/33531\/revisions"}],"predecessor-version":[{"id":33533,"href":"https:\/\/dekkbi.com\/index.php?rest_route=\/wp\/v2\/posts\/33531\/revisions\/33533"}],"wp:featuredmedia":[{"embeddable":true,"href":"https:\/\/dekkbi.com\/index.php?rest_route=\/wp\/v2\/media\/33532"}],"wp:attachment":[{"href":"https:\/\/dekkbi.com\/index.php?rest_route=%2Fwp%2Fv2%2Fmedia&parent=33531"}],"wp:term":[{"taxonomy":"category","embeddable":true,"href":"https:\/\/dekkbi.com\/index.php?rest_route=%2Fwp%2Fv2%2Fcategories&post=33531"},{"taxonomy":"post_tag","embeddable":true,"href":"https:\/\/dekkbi.com\/index.php?rest_route=%2Fwp%2Fv2%2Ftags&post=33531"}],"curies":[{"name":"wp","href":"https:\/\/api.w.org\/{rel}","templated":true}]}}