{"id":33520,"date":"2024-03-26T13:47:59","date_gmt":"2024-03-26T13:47:59","guid":{"rendered":"https:\/\/dekkbi.com\/?p=33520"},"modified":"2024-03-26T13:47:59","modified_gmt":"2024-03-26T13:47:59","slug":"presidentielle-au-senegal-la-victoire-de-bassirou-diomaye-faye-deja-saluee-a-letranger","status":"publish","type":"post","link":"https:\/\/dekkbi.com\/?p=33520","title":{"rendered":"Pr\u00e9sidentielle au S\u00e9n\u00e9gal: la victoire de Bassirou Diomaye Faye d\u00e9j\u00e0 salu\u00e9e \u00e0 l&rsquo;\u00e9tranger"},"content":{"rendered":"\n<p>Les messages de f\u00e9licitations suite \u00e0 la victoire de Bassirou Diomaye Faye \u00e0 la pr\u00e9sidentielle s\u00e9n\u00e9galaise se sont multipli\u00e9s ces 25 et 26 mars 2024, avant m\u00eame la population des r\u00e9sultats officiels, des chefs d\u2019\u00c9tat voisins du S\u00e9n\u00e9gal \u00e0 Emmanuel Macron, en passant par le Conseil de l&rsquo;Europe.<\/p>\n\n\n\n<p>Par :RFI<\/p>\n\n\n\n<p>Depuis ce 25 mars 2024, alors que les r\u00e9sultats officiels de la\u00a0<strong>pr\u00e9sidentielle s\u00e9n\u00e9galaise<\/strong>\u00a0sont toujours attendus, les r\u00e9actions se sont multipli\u00e9es dans la foul\u00e9e du post de Macky Sall \u00ab\u00a0[<em>f\u00e9licitant] le vainqueur, M. Bassirou Diomaye Faye, que les tendances donnent gagnant\u00a0<\/em>\u00bb.<\/p>\n\n\n\n<p>Adama Barrow, pr\u00e9sident de la Gambie voisine, a \u00e9t\u00e9 un des premiers \u00e0 r\u00e9agir, suivi de pr\u00e8s par celui de la Guin\u00e9e-Bissau, Umaro Sissoco Embal\u00f3. Autre voisin, la Guin\u00e9e du G\u00e9n\u00e9ral de corps d\u2019arm\u00e9e Mamadi Doumbouya&nbsp;: \u00ab&nbsp;<em>Votre brillante \u00e9lection \u00e0 la magistrature supr\u00eame de votre pays est le t\u00e9moignage de la maturit\u00e9 et du sens \u00e9lev\u00e9 de responsabilit\u00e9 du peuple s\u00e9n\u00e9galais de porter sa confiance en la jeunesse. C\u2019est aussi l\u2019illustration d\u2019une jeunesse africaine d\u00e9complex\u00e9e, ouverte sur le monde et capable de prendre son destin en main.<\/em>&nbsp;\u00bb<\/p>\n\n\n\n<p>Autre militaire \u00e0 putschiste \u00e0 se manifester, le g\u00e9n\u00e9ral Brice Clotaire Oligui Nguema\u00a0: \u00ab\u00a0<em>Le S\u00e9n\u00e9gal et le Gabon entretiennent depuis toujours des liens d\u2019amiti\u00e9 et de fraternit\u00e9 bas\u00e9s sur une confiance mutuelle et des valeurs partag\u00e9es.<\/em>\u00a0\u00bb<\/p>\n\n\n\n<p>Au niveau africain, le B\u00e9ninois Patrice Talon formule des \u00ab\u00a0<em>v\u0153ux de r\u00e9ussite au service du Peuple s\u00e9n\u00e9galais<\/em>\u00a0\u00bb tandis que, \u00e0 l\u2019autre bout du continent, le Malgache Andry Rajoelina affirme que la victoire de Bassirou Diomaye Faye \u00ab\u00a0<em>porte l\u2019espoir de tout un peuple et un continent\u00a0<\/em>\u00bb, le pr\u00e9sident de la Grande \u00cele, rendant hommage au passage au \u00ab\u00a0<em>leadership remarquable de [son] ami Macky Sall tout au long de ces ann\u00e9es \u00e0 la t\u00eate du S\u00e9n\u00e9gal\u00a0<\/em>\u00bb.<\/p>\n\n\n\n<p>Ailleurs qu\u2019en Afrique, Emmanuel Macron a \u00e9t\u00e9 un des premiers chefs d\u2019\u00c9tat europ\u00e9en \u00e0 r\u00e9agir ce 25 mars 2024 \u00e0 la victoire de l\u2019int\u00e9ress\u00e9 \u00e0 la pr\u00e9sidentielle du 24 mars. \u00ab&nbsp;<em>F\u00e9licitations \u00e0 Bassirou Diomaye Faye pour son \u00e9lection comme Pr\u00e9sident de la R\u00e9publique du S\u00e9n\u00e9gal. Je lui adresse tous mes v\u0153ux de r\u00e9ussite et me r\u00e9jouis de travailler avec lui.&nbsp;<\/em>\u00bb Et le pr\u00e9sident fran\u00e7ais de doubler son message sur le r\u00e9seau social X d\u2019un autre en wolof.<\/p>\n\n\n\n<p>Le Belge Charles Michel, actuel pr\u00e9sident du Conseil europ\u00e9en, affirme que \u00ab\u00a0<em>l\u2019UE et le S\u00e9n\u00e9gal entretiennent des relations solides que nous esp\u00e9rons voir encore approfondies alors que se tourne une page importante de l\u2019histoire du pays<\/em>\u00a0\u00bb.<\/p>\n\n\n\n<p>Enfin, de son c\u00f4t\u00e9, le minist\u00e8re des Affaires \u00e9trang\u00e8res am\u00e9ricain a mis en avant \u00ab&nbsp;<em>l&rsquo;engagement du peuple s\u00e9n\u00e9galais en faveur du processus d\u00e9mocratique (qui) fait partie des fondements de [leur] profonde amiti\u00e9 et de [leurs] liens bilat\u00e9raux forts<\/em>&nbsp;\u00bb.<\/p>\n\n\n\n<p>Lundi soir, Bassirou Diomaye Faye, a assur\u00e9 que son pays resterait \u00ab&nbsp;<em>l&rsquo;alli\u00e9 s\u00fbr et fiable&nbsp;<\/em>\u00bb de tous les partenaires \u00e9trangers \u00ab&nbsp;<em>respectueux&nbsp;<\/em>\u00bb, lors de sa premi\u00e8re apparition publique depuis l&rsquo;annonce de sa victoire.<\/p>\n","protected":false},"excerpt":{"rendered":"<p>Les messages de f\u00e9licitations suite \u00e0 la victoire de Bassirou Diomaye Faye \u00e0 la pr\u00e9sidentielle s\u00e9n\u00e9galaise se sont multipli\u00e9s ces<\/p>\n","protected":false},"author":1,"featured_media":32415,"comment_status":"open","ping_status":"open","sticky":false,"template":"","format":"standard","meta":{"footnotes":""},"categories":[6],"tags":[],"class_list":["post-33520","post","type-post","status-publish","format-standard","has-post-thumbnail","hentry","category-politics"],"_links":{"self":[{"href":"https:\/\/dekkbi.com\/index.php?rest_route=\/wp\/v2\/posts\/33520","targetHints":{"allow":["GET"]}}],"collection":[{"href":"https:\/\/dekkbi.com\/index.php?rest_route=\/wp\/v2\/posts"}],"about":[{"href":"https:\/\/dekkbi.com\/index.php?rest_route=\/wp\/v2\/types\/post"}],"author":[{"embeddable":true,"href":"https:\/\/dekkbi.com\/index.php?rest_route=\/wp\/v2\/users\/1"}],"replies":[{"embeddable":true,"href":"https:\/\/dekkbi.com\/index.php?rest_route=%2Fwp%2Fv2%2Fcomments&post=33520"}],"version-history":[{"count":1,"href":"https:\/\/dekkbi.com\/index.php?rest_route=\/wp\/v2\/posts\/33520\/revisions"}],"predecessor-version":[{"id":33521,"href":"https:\/\/dekkbi.com\/index.php?rest_route=\/wp\/v2\/posts\/33520\/revisions\/33521"}],"wp:featuredmedia":[{"embeddable":true,"href":"https:\/\/dekkbi.com\/index.php?rest_route=\/wp\/v2\/media\/32415"}],"wp:attachment":[{"href":"https:\/\/dekkbi.com\/index.php?rest_route=%2Fwp%2Fv2%2Fmedia&parent=33520"}],"wp:term":[{"taxonomy":"category","embeddable":true,"href":"https:\/\/dekkbi.com\/index.php?rest_route=%2Fwp%2Fv2%2Fcategories&post=33520"},{"taxonomy":"post_tag","embeddable":true,"href":"https:\/\/dekkbi.com\/index.php?rest_route=%2Fwp%2Fv2%2Ftags&post=33520"}],"curies":[{"name":"wp","href":"https:\/\/api.w.org\/{rel}","templated":true}]}}