{"id":33489,"date":"2024-03-26T11:11:25","date_gmt":"2024-03-26T11:11:25","guid":{"rendered":"https:\/\/dekkbi.com\/?p=33489"},"modified":"2024-03-26T11:11:26","modified_gmt":"2024-03-26T11:11:26","slug":"premiere-sortie-du-5eme-president-diomaye-porte-le-projet","status":"publish","type":"post","link":"https:\/\/dekkbi.com\/?p=33489","title":{"rendered":"Premi\u00e8re sortie du 5\u00e8me Pr\u00e9sident: Diomaye porte le projet"},"content":{"rendered":"\n<p><strong>Si Ousmane Sonko est le concepteur du \u00abProjet\u00bb, Bassirou Diomaye Faye, \u00e9lu pr\u00e9sident de la R\u00e9publique ce 24 mars, devra \u00eatre son ex\u00e9cutant pour concr\u00e9tiser les r\u00eaves de ces milliers de jeunes, qui fr\u00e9tillent de joie en se projetant d\u00e9j\u00e0 sur un avenir qu\u2019ils esp\u00e8rent florissant.<\/strong><\/p>\n\n\n\n<p><strong>Par Bocar SAKHO \u2013&nbsp;<\/strong>Vive le Pr\u00e9sident&nbsp;: Bassirou Diomaye Diakhar Faye est ainsi donc le 5\u00e8me chef de l\u2019Etat s\u00e9n\u00e9galais&nbsp;! Son \u00e9lection a \u00e9t\u00e9 acquise au premier tour de fa\u00e7on retentissante, les f\u00e9licitations se succ\u00e8dent pour saluer la prouesse de BDF, qui r\u00e9ussit un coup de ma\u00eetre pour son premier essai. S\u2019il est le \u00abPlan B\u00bb de Sonko, qui l\u2019a investi, soutenu, accompagn\u00e9 jusqu\u2019\u00e0 la cons\u00e9cration finale, il est en m\u00eame temps l\u2019\u00e9lu du \u00abProjet\u00bb. On verra tr\u00e8s rapidement les contours de celui-ci, car la nomination de son Premier ministre et de l\u2019\u00e9quipe gouvernementale dans les prochains jours donnera une indication claire de ses orientations.<\/p>\n\n\n\n<p>Pour \u00abBDF\u00bb, c\u2019est une cons\u00e9cration \u00e0 un \u00e2ge relativement jeune (44 ans), mais cela n\u2019a plus d\u2019importance. Ni les interrogations sur son \u00e9toffe ni sur la force de ses \u00e9paules pour porter ces attentes. Toutes ces interrogations ont \u00e9t\u00e9 balay\u00e9es par le Peuple s\u00e9n\u00e9galais, qui a d\u00e9cid\u00e9 d\u2019exp\u00e9rimenter le \u00abProjet\u00bb, apr\u00e8s un vote massif et sans ambigu\u00eft\u00e9. Lequel fait enthousiasmer des millions de jeunes. Il devra porter cet espoir et entretenir les jardins de r\u00eaves de ces personnes. Leurs yeux p\u00e9tillent de joie. Ils brillent d\u2019attentes et d\u2019espoir qu\u2019un nouvel avenir est \u00e0 port\u00e9e de main apr\u00e8s avoir mis \u00e0 terre \u00able syst\u00e8me\u00bb et obtenu leur \u00abind\u00e9pendance\u00bb. C\u2019est le r\u00e9cit qu\u2019on fait de cette victoire des d\u00e9molisseurs du \u00absyst\u00e8me\u00bb.<\/p>\n\n\n\n<p>Aujourd\u2019hui, la \u00abDjakar\u00adtisation\u00bb des rues de Dakar et des autres agglom\u00e9rations de l\u2019int\u00e9rieur est un indicateur d\u2019un s\u00e9rieux probl\u00e8me de formation et de qualification des jeunes en d\u00e9pit des efforts consentis par le r\u00e9gime finissant. Il faut y ajouter le caract\u00e8re informel de notre \u00e9conomie et de certains emplois pr\u00e9caires pour montrer la rudesse de la t\u00e2che. Pour un Pr\u00e9sident, qui a le m\u00eame \u00e2ge que certains demandeurs d\u2019emploi, les engagements doivent \u00eatre sans doute clairs. Les \u00e9lecteurs ont une \u00e9bauche du programme \u00e9lectoral de \u00abDiomaye Pr\u00e9\u00adsident\u00bb, qui vend aussi le projet d\u2019une \u00e9conomie endog\u00e8ne performante. Pour y arriver, il compte notamment sur la pr\u00e9f\u00e9rence nationale, la formalisation du secteur informel, un Etat interventionniste quand il le faut, l\u2019autonomie financi\u00e8re des collectivit\u00e9s territoriales, une monnaie propre et la mise en place d\u2019un \u00abLivret d\u2019\u00e9pargne du patriotisme \u00e9conomique populaire\u00bb qui permettra de financer les petites et moyennes entreprises locales ou r\u00e9gionales. Il y aura un accent social et solidaire enrob\u00e9 par un Fonds national de solidarit\u00e9 et un Programme national de solidarit\u00e9 pour lutter contre la pauvret\u00e9, l\u2019exclusion et autres formes de vuln\u00e9rabilit\u00e9.<\/p>\n\n\n\n<p><strong>Quelques lignes du \u00abProjet\u00bb\u00a0?<\/strong><\/p>\n\n\n\n<p><br>Au-del\u00e0 de la pol\u00e9mique cr\u00e9\u00e9e par la sortie annonc\u00e9e du franc Cfa et de la cr\u00e9ation d\u2019un poste de vice-pr\u00e9sident, il annonce une r\u00e9forme des institutions. Va-t-il r\u00e9duire la voilure pr\u00e9sidentielle\u00a0? Il l\u2019a promis. Le candidat Diomaye Faye a sign\u00e9 le Pacte national de bonne gouvernance d\u00e9mocratique pour mettre fin \u00e0 l\u2019hyper-pr\u00e9sidentialisme. C\u2019est une id\u00e9e des mouvements Sursaut citoyen et Demain le S\u00e9n\u00e9gal, engag\u00e9s dans le combat de la \u00abrefondation des institutions\u00bb. Bassirou Diomaye Faye annonce en effet le passage d\u2019un Conseil \u00e0 une Cour constitutionnelle, une r\u00e9forme substantielle du Conseil sup\u00e9rieur de la magistrature, l\u2019ouverture de la magistrature \u00e0 d\u2019autres professionnels du Droit et l\u2019institution des peines alternatives et d\u2019un juge des libert\u00e9s. Pour obliger \u00e0 la transparence, le candidat affiche, dans son programme, la volont\u00e9 de soustraire les corps de contr\u00f4le de la tutelle de l\u2019Ex\u00e9cutif, de r\u00e9former l\u2019Ofnac, de supprimer les fonds politiques et de faire voter une loi pour la protection des lanceurs d\u2019alerte.<\/p>\n\n\n\n<p>Quant aux r\u00e9formes concernant l\u2019Administration publi\u00adque, sont envisag\u00e9es : la d\u00e9mat\u00e9rialisation des proc\u00e9dures r\u00e9guli\u00e8res, la primaut\u00e9 du concours comme mode de recrutement, la mise en place d\u2019un m\u00e9canisme de suivi-\u00e9valuation, l\u2019obligation pour les minist\u00e8res, institutions et d\u00e9membrements de l\u2019Etat, de publier annuellement des rapports d\u2019activit\u00e9s. Est surtout envisag\u00e9e et propos\u00e9e, l\u2019interdiction du militantisme politique aux directeurs de certains d\u00e9partements minist\u00e9riels et soci\u00e9t\u00e9s d\u2019Etat.<\/p>\n\n\n\n<p>Cette nuit du 24 mars a \u00e9t\u00e9 une validation du \u00abProjet\u00bb dont le parrain ne sera pas le personnage central au niveau de l\u2019Ex\u00e9cutif, \u00e0 savoir Ousmane Sonko. Cette nuit victorieuse lui \u00e9tait pr\u00e9destin\u00e9e, mais le destin, au-del\u00e0 des contingences politico-judiciaires pr\u00e9-\u00e9lectorales, a choisi Bassirou Diomaye Faye comme l\u2019\u00e9lu. Et Sonko son bin\u00f4me\u00a0ou compl\u00e9ment ? That is the question\u00a0!<\/p>\n\n\n\n<p><br><strong>bsakho@lequotidien.sn<\/strong><\/p>\n","protected":false},"excerpt":{"rendered":"<p>Si Ousmane Sonko est le concepteur du \u00abProjet\u00bb, Bassirou Diomaye Faye, \u00e9lu pr\u00e9sident de la R\u00e9publique ce 24 mars, devra<\/p>\n","protected":false},"author":1,"featured_media":33490,"comment_status":"open","ping_status":"open","sticky":false,"template":"","format":"standard","meta":{"footnotes":""},"categories":[6],"tags":[],"class_list":["post-33489","post","type-post","status-publish","format-standard","has-post-thumbnail","hentry","category-politics"],"_links":{"self":[{"href":"https:\/\/dekkbi.com\/index.php?rest_route=\/wp\/v2\/posts\/33489","targetHints":{"allow":["GET"]}}],"collection":[{"href":"https:\/\/dekkbi.com\/index.php?rest_route=\/wp\/v2\/posts"}],"about":[{"href":"https:\/\/dekkbi.com\/index.php?rest_route=\/wp\/v2\/types\/post"}],"author":[{"embeddable":true,"href":"https:\/\/dekkbi.com\/index.php?rest_route=\/wp\/v2\/users\/1"}],"replies":[{"embeddable":true,"href":"https:\/\/dekkbi.com\/index.php?rest_route=%2Fwp%2Fv2%2Fcomments&post=33489"}],"version-history":[{"count":1,"href":"https:\/\/dekkbi.com\/index.php?rest_route=\/wp\/v2\/posts\/33489\/revisions"}],"predecessor-version":[{"id":33491,"href":"https:\/\/dekkbi.com\/index.php?rest_route=\/wp\/v2\/posts\/33489\/revisions\/33491"}],"wp:featuredmedia":[{"embeddable":true,"href":"https:\/\/dekkbi.com\/index.php?rest_route=\/wp\/v2\/media\/33490"}],"wp:attachment":[{"href":"https:\/\/dekkbi.com\/index.php?rest_route=%2Fwp%2Fv2%2Fmedia&parent=33489"}],"wp:term":[{"taxonomy":"category","embeddable":true,"href":"https:\/\/dekkbi.com\/index.php?rest_route=%2Fwp%2Fv2%2Fcategories&post=33489"},{"taxonomy":"post_tag","embeddable":true,"href":"https:\/\/dekkbi.com\/index.php?rest_route=%2Fwp%2Fv2%2Ftags&post=33489"}],"curies":[{"name":"wp","href":"https:\/\/api.w.org\/{rel}","templated":true}]}}