{"id":33486,"date":"2024-03-26T11:08:22","date_gmt":"2024-03-26T11:08:22","guid":{"rendered":"https:\/\/dekkbi.com\/?p=33486"},"modified":"2024-03-26T11:21:33","modified_gmt":"2024-03-26T11:21:33","slug":"les-felicitations-de-macron-et-de-barrow-a-bassirou-diomaye-faye","status":"publish","type":"post","link":"https:\/\/dekkbi.com\/?p=33486","title":{"rendered":"Les f\u00e9licitations de Macron et de Barrow \u00e0 Bassirou Diomaye Faye"},"content":{"rendered":"\n<p>Dakar,  (APS) \u2013 Le pr\u00e9sident fran\u00e7ais, Emmanuel Macron, a adress\u00e9 lundi ses f\u00e9licitations \u00e0 Bassirou Diomaye Faye donn\u00e9 vainqueur de la pr\u00e9sidentielle s\u00e9n\u00e9galaise de dimanche et exprim\u00e9 son souhait de travailler avec le successeur de Macky Sall.<\/p>\n\n\n\n<p>\u2018\u2019F\u00e9licitations \u00e0 Bassirou Diomaye Faye pour son \u00e9lection comme pr\u00e9sident de la R\u00e9publique du S\u00e9n\u00e9gal. Je lui adresse tous mes v\u0153ux et me r\u00e9jouis de travailler avec lui\u2019\u2019, a indiqu\u00e9 le chef de l\u2019Etat fran\u00e7ais dans un message publi\u00e9 sur le r\u00e9seau social X.<\/p>\n\n\n\n<p>Le pr\u00e9sident de la Gambie, Adama Barrow, a \u00e9t\u00e9 le premier chef d\u2019Etat \u00e9tranger \u00e0 f\u00e9liciter Bassirou Diomaye Faye apr\u00e8s que son challenger Amadou Ba a conc\u00e9d\u00e9 sa d\u00e9faite.<\/p>\n\n\n\n<p>\u2018\u2019Je f\u00e9licite M. Bassirou Diomaye Faye pour son \u00e9lection victorieuse et f\u00e9licite le peuple de la R\u00e9publique du S\u00e9n\u00e9gal pour le d\u00e9roulement pacifique de l\u2019\u00e9lection\u2019\u2019, a-t-il \u00e9crit sur le m\u00eame r\u00e9seau social.<\/p>\n\n\n\n<p>Le chef de l\u2019Etat gambien n\u2019a pas manqu\u00e9 de souhaiter un renforcement des \u2018\u2019relations cordiales\u2019\u2019 entre les deux pays voisins.<\/p>\n\n\n\n<p>Les premi\u00e8res tendances de l\u2019\u00e9lection pr\u00e9sidentielle de dimanche donnent une large avance au candidat Bassirou Diomaye Faye, en attendant la proclamation officielle des r\u00e9sultats, au plus tard \u00e0 minuit le vendredi qui suit le scrutin, soit le 29 mars.<\/p>\n\n\n\n<p>Les r\u00e9sultats d\u00e9finitifs sont proclam\u00e9s par le Conseil constitutionnel \u00e0 partir du 3 avril.<\/p>\n\n\n\n<p>Au total 7&nbsp;371&nbsp;890 \u00e9lecteurs s\u00e9n\u00e9galais \u00e9taient appel\u00e9s aux urnes pour \u00e9lire le successeur de Macky Sall.<\/p>\n\n\n\n<p>Dix-neuf candidats dont une femme \u00e9taient en lice pour ce scrutin pr\u00e9sidentiel dont le taux de participation s\u2019\u00e9tablit \u00e0 environ 60 pour cent, selon les autorit\u00e9s en charge de l\u2019organisation de cette \u00e9lection.<\/p>\n\n\n\n<p>AKS\/MTN<\/p>\n","protected":false},"excerpt":{"rendered":"<p>Dakar, (APS) \u2013 Le pr\u00e9sident fran\u00e7ais, Emmanuel Macron, a adress\u00e9 lundi ses f\u00e9licitations \u00e0 Bassirou Diomaye Faye donn\u00e9 vainqueur de<\/p>\n","protected":false},"author":1,"featured_media":33487,"comment_status":"open","ping_status":"open","sticky":false,"template":"","format":"standard","meta":{"footnotes":""},"categories":[6],"tags":[],"class_list":["post-33486","post","type-post","status-publish","format-standard","has-post-thumbnail","hentry","category-politics"],"_links":{"self":[{"href":"https:\/\/dekkbi.com\/index.php?rest_route=\/wp\/v2\/posts\/33486","targetHints":{"allow":["GET"]}}],"collection":[{"href":"https:\/\/dekkbi.com\/index.php?rest_route=\/wp\/v2\/posts"}],"about":[{"href":"https:\/\/dekkbi.com\/index.php?rest_route=\/wp\/v2\/types\/post"}],"author":[{"embeddable":true,"href":"https:\/\/dekkbi.com\/index.php?rest_route=\/wp\/v2\/users\/1"}],"replies":[{"embeddable":true,"href":"https:\/\/dekkbi.com\/index.php?rest_route=%2Fwp%2Fv2%2Fcomments&post=33486"}],"version-history":[{"count":1,"href":"https:\/\/dekkbi.com\/index.php?rest_route=\/wp\/v2\/posts\/33486\/revisions"}],"predecessor-version":[{"id":33488,"href":"https:\/\/dekkbi.com\/index.php?rest_route=\/wp\/v2\/posts\/33486\/revisions\/33488"}],"wp:featuredmedia":[{"embeddable":true,"href":"https:\/\/dekkbi.com\/index.php?rest_route=\/wp\/v2\/media\/33487"}],"wp:attachment":[{"href":"https:\/\/dekkbi.com\/index.php?rest_route=%2Fwp%2Fv2%2Fmedia&parent=33486"}],"wp:term":[{"taxonomy":"category","embeddable":true,"href":"https:\/\/dekkbi.com\/index.php?rest_route=%2Fwp%2Fv2%2Fcategories&post=33486"},{"taxonomy":"post_tag","embeddable":true,"href":"https:\/\/dekkbi.com\/index.php?rest_route=%2Fwp%2Fv2%2Ftags&post=33486"}],"curies":[{"name":"wp","href":"https:\/\/api.w.org\/{rel}","templated":true}]}}