{"id":33464,"date":"2024-03-25T13:15:28","date_gmt":"2024-03-25T13:15:28","guid":{"rendered":"https:\/\/dekkbi.com\/?p=33464"},"modified":"2024-03-25T13:16:12","modified_gmt":"2024-03-25T13:16:12","slug":"presidentielles-2024-reactons-et-felicitation","status":"publish","type":"post","link":"https:\/\/dekkbi.com\/?p=33464","title":{"rendered":"PRESIDENTIELLES 2024 &#8211; REACTONS ET FELICITATION"},"content":{"rendered":"\n<p><strong>KARIM WADE<\/strong><\/p>\n\n\n\n<p>\u00ab\u00a0La d\u00e9mocratie a gagn\u00e9. Je remercie de tout c\u0153ur les militants et sympathisants du Parti d\u00e9mocratique s\u00e9n\u00e9galais et ses alli\u00e9s de la Coalition \u00abK24\u00bb dont les votes ont \u00e9t\u00e9 essentiels. Notre participation \u00e0 ce tournant historique exprime clairement notre d\u00e9sir commun d\u2019un renouveau et d\u2019un avenir meilleur pour le S\u00e9n\u00e9gal. Nous devons \u00eatre conscients de la responsabilit\u00e9 qui nous incombe \u00e0 tous en tant qu\u2019architectes de notre futur\u00bb, note-t-il. Il poursuit\u00a0: \u00abCette victoire n\u2019est pas une fin en soi. Elle est une premi\u00e8re \u00e9tape qui nous permettra de marcher ensemble, unis par le m\u00eame d\u00e9sir de justice, de transparence et d\u2019\u00e9galit\u00e9 pour notre pays\u00a0\u00bb.<\/p>\n\n\n\n<p><strong>ANTA BABACAR NGOM<\/strong><\/p>\n\n\n\n<p>\u00abF\u00e9licitations \u00e0 Monsieur Bassirou Diomaye FAYE pour sa victoire incontestable qui est le fruit de la volont\u00e9 des s\u00e9n\u00e9galais. Le peuple a parl\u00e9 et nous respectons pleinement sa d\u00e9cision d\u00e9mocratique. Je souhaite \u00e0 Monsieur Faye plein succ\u00e8s \u00e0 la t\u00eate du S\u00e9n\u00e9gal et esp\u00e8re que son mandat apportera prosp\u00e9rit\u00e9 et harmonie \u00e0 notre nation.\u00bb<\/p>\n\n\n\n<p><strong>KHALIFA SALL<\/strong><\/p>\n\n\n\n<p>\u00abJe f\u00e9licite vivement Bassirou Diomaye Diakhar Faye que les tendances lourdes placent en t\u00eate du scrutin\u00bb, a-t-il fait publier sur ses plateformes num\u00e9riques.<br><br>Khalifa Ababacar Sall a surtout f\u00e9licit\u00e9 le peuple s\u00e9n\u00e9galais \u00abpour sa maturit\u00e9 et sa responsabilit\u00e9\u00bb, tout en remerciant \u00a0les \u00e9lectrices et les \u00e9lecteurs qui ont port\u00e9 leurs suffrages sur sa personne. \u00abLeur confiance m\u2019oblige et m\u2019engage\u00bb, dit-il.<\/p>\n\n\n\n<p><strong>BARTHELEMY DIAS<\/strong><\/p>\n\n\n\n<p>Au vu des tendances qui se d\u00e9gagent des urnes je voudrais f\u00e9liciter et remercier tous les militants et sympathisants de la coalition khalifa pr\u00e9sident qui ont vot\u00e9 pour notre candidat.\u00a0Je voudrais aussi saluer et magnifier la grandeur de la d\u00e9mocratie s\u00e9n\u00e9galaise.<br><br>J&rsquo;invite tous les acteurs politiques \u00e0 accepter les r\u00e9sultats des urnes et je f\u00e9licite chaleureusement le pr\u00e9sident qui sera nouvellement \u00e9lu par le peuple s\u00e9n\u00e9galais et je lui souhaite courage et plein succ\u00e8s dans sa nouvelle mission.<\/p>\n\n\n\n<p><strong>DOUDOU KA<\/strong><a href=\"javascript:updateFontSize(1)\"><\/a><\/p>\n\n\n\n<p>Les membres de l\u2019actuel parti pr\u00e9sidentiel, commencent, eux aussi, d\u2019accepter l\u2019id\u00e9e d\u2019une d\u00e9faite de leur candidat au premier tour. Doudou K\u00e2, &nbsp;qui fut ministre de l\u2019Economie, &nbsp;a f\u00e9licit\u00e9 Bassirou Diomaye Faye.<\/p>\n\n\n\n<p>\u00abJe tiens \u00e0 pr\u00e9senter mes plus vives f\u00e9licitations au nouveau Pr\u00e9sident de R\u00e9publique \u00e9lu Bassirou Diomaye Faye ainsi qu\u2019\u00e0 toutes celles et tous ceux qui ont port\u00e9 leur suffrage sur lui pour ouvrir un nouveau chapitre de l\u2019histoire politique s\u00e9n\u00e9galaise\u00bb, a d\u00e9clar\u00e9 Doudou K\u00e2 sur Facebook.<\/p>\n\n\n\n<p><strong>Pr ABDOULAYE BATHILY<\/strong><\/p>\n\n\n\n<p>Je f\u00e9licite le Pastef et ses leaders @DiomayeFaye et toutes les forces vives de notre pays pour cette belle victoire qui ouvre la voie \u00e0 la r\u00e9habilitation de l\u2019exception s\u00e9n\u00e9galaise et \u00e0 la reprise de la marche de notre beau pays pour la d\u00e9mocratie et le progr\u00e8s<\/p>\n\n\n\n<p><strong>ADJI MERGANE KANOUTE<\/strong><\/p>\n\n\n\n<p>vice-pr\u00e9sidente du groupe parlementaire de  coalition Benno bokk yaakaar,, a d\u2019ores et d\u00e9j\u00e0 f\u00e9licit\u00e9 Bassirou Diomaye Faye pour sa victoire.\u00a0<em>\u00ab Bassirou Diomaye a gagn\u00e9 et on ne peut qu\u2019accepter \u00bb<\/em>, a-t-elle d\u00e9clar\u00e9, marquant un moment important dans cette p\u00e9riode \u00e9lectorale.<\/p>\n","protected":false},"excerpt":{"rendered":"<p>KARIM WADE \u00ab\u00a0La d\u00e9mocratie a gagn\u00e9. Je remercie de tout c\u0153ur les militants et sympathisants du Parti d\u00e9mocratique s\u00e9n\u00e9galais et<\/p>\n","protected":false},"author":1,"featured_media":32415,"comment_status":"open","ping_status":"open","sticky":false,"template":"","format":"standard","meta":{"footnotes":""},"categories":[46],"tags":[],"class_list":["post-33464","post","type-post","status-publish","format-standard","has-post-thumbnail","hentry","category-technology"],"_links":{"self":[{"href":"https:\/\/dekkbi.com\/index.php?rest_route=\/wp\/v2\/posts\/33464","targetHints":{"allow":["GET"]}}],"collection":[{"href":"https:\/\/dekkbi.com\/index.php?rest_route=\/wp\/v2\/posts"}],"about":[{"href":"https:\/\/dekkbi.com\/index.php?rest_route=\/wp\/v2\/types\/post"}],"author":[{"embeddable":true,"href":"https:\/\/dekkbi.com\/index.php?rest_route=\/wp\/v2\/users\/1"}],"replies":[{"embeddable":true,"href":"https:\/\/dekkbi.com\/index.php?rest_route=%2Fwp%2Fv2%2Fcomments&post=33464"}],"version-history":[{"count":1,"href":"https:\/\/dekkbi.com\/index.php?rest_route=\/wp\/v2\/posts\/33464\/revisions"}],"predecessor-version":[{"id":33465,"href":"https:\/\/dekkbi.com\/index.php?rest_route=\/wp\/v2\/posts\/33464\/revisions\/33465"}],"wp:featuredmedia":[{"embeddable":true,"href":"https:\/\/dekkbi.com\/index.php?rest_route=\/wp\/v2\/media\/32415"}],"wp:attachment":[{"href":"https:\/\/dekkbi.com\/index.php?rest_route=%2Fwp%2Fv2%2Fmedia&parent=33464"}],"wp:term":[{"taxonomy":"category","embeddable":true,"href":"https:\/\/dekkbi.com\/index.php?rest_route=%2Fwp%2Fv2%2Fcategories&post=33464"},{"taxonomy":"post_tag","embeddable":true,"href":"https:\/\/dekkbi.com\/index.php?rest_route=%2Fwp%2Fv2%2Ftags&post=33464"}],"curies":[{"name":"wp","href":"https:\/\/api.w.org\/{rel}","templated":true}]}}