{"id":33448,"date":"2024-03-25T10:44:20","date_gmt":"2024-03-25T10:44:20","guid":{"rendered":"https:\/\/dekkbi.com\/?p=33448"},"modified":"2024-03-25T10:44:21","modified_gmt":"2024-03-25T10:44:21","slug":"les-bleus-nont-pas-du-tout-convaincu-contre-lallemagne-les-chantiers-de-deschamps","status":"publish","type":"post","link":"https:\/\/dekkbi.com\/?p=33448","title":{"rendered":"Les Bleus n&rsquo;ont pas (du tout) convaincu contre l\u2019Allemagne: les chantiers de Deschamps"},"content":{"rendered":"\n<p>Une d\u00e9fense aux abois, une qu\u00eate du N.9 encore inassouvie, une \u00e9quipe en manque de leader sans Griezmann et un groupe qui tire la langue: les Bleus, consid\u00e9r\u00e9s comme les grands favoris de l\u2019Euro-2024, sont tomb\u00e9s de tr\u00e8s haut samedi face \u00e0 l\u2019Allemagne en amical (2-0) et Didier Deschamps a pu mesurer l\u2019ampleur du chantier qui l\u2019attend.<\/p>\n\n\n\n<h2 class=\"wp-block-heading\">Une d\u00e9fense \u00e0 stabiliser<\/h2>\n\n\n\n<p>Le secteur d\u00e9fensif est sans doute celui qui doit le plus pr\u00e9occuper le s\u00e9lectionneur dans la derni\u00e8re ligne droite menant au Championnat d\u2019Europe (14 juin &#8211; 14 juillet). Deschamps, qui pensait avoir trouv\u00e9, avec le duo Konat\u00e9-Upamecano, une nouvelle charni\u00e8re centrale apr\u00e8s la Coupe du monde 2022 et la retraite internationale de Rapha\u00ebl Varane, n\u2019a pas r\u00e9ussi \u00e0 aligner plus de trois fois ces deux joueurs c\u00f4te \u00e0 c\u00f4te en 12 rencontres en raison des blessures.<\/p>\n\n\n\n<p>Cette instabilit\u00e9 n\u2019est sans doute pas \u00e9trang\u00e8re \u00e0 la porosit\u00e9 d\u00e9fensive des Fran\u00e7ais, qui ne sont parvenus \u00e0 garder leur cage inviol\u00e9e qu\u2019une seule fois en six matches, contre la modeste \u00e9quipe de Gibraltar, \u00e9cras\u00e9e 14-0 en novembre.<\/p>\n\n\n\n<h2 class=\"wp-block-heading\">Un N.9 \u00e0 trouver<\/h2>\n\n\n\n<p>Pr\u00e8s d\u2019un an et demi apr\u00e8s la finale perdue du Mondial-2022, Deschamps est toujours \u00e0 la recherche d\u2019un avant-centre, capable de faire l\u2019unanimit\u00e9.<\/p>\n\n\n\n<p>D\u00e9sireux de tourner en douceur la page Olivier Giroud, le patron des Bleus avait intronis\u00e9 Randal Kolo Muani, mais le Parisien a rapidement montr\u00e9 ses limites au plus haut niveau. Marcus Thuram, qui effectue une belle premi\u00e8re saison \u00e0 l\u2019Inter Milan, semblait pouvoir assurer le relais mais sa prestation face \u00e0 l\u2019Allemagne ne lui a pas permis de marquer des points et de tuer le match.<\/p>\n\n\n\n<p>Dans ces conditions, c\u2019est l\u2019inusable et \u00e9ternel Olivier Giroud qui, \u00e0 37 ans, voit sa cote remonter et reste le dernier recours. Contrairement \u00e0 ses deux concurrents, l\u2019attaquant de l\u2019AC Milan n\u2019a pas vraiment de probl\u00e8me d\u2019efficacit\u00e9 et ma\u00eetrise le poste de N.9 \u00e0 la perfection. Reste la question de l\u2019\u00e2ge et la difficult\u00e9 pour le v\u00e9t\u00e9ran de tenir le choc physiquement durant 90 minutes et d\u2019encha\u00eener les rencontres \u00e0 haute intensit\u00e9. Un casse-t\u00eate en perspective pour Deschamps.<\/p>\n\n\n\n<h2 class=\"wp-block-heading\">Un leader \u00e0 r\u00e9cup\u00e9rer<\/h2>\n\n\n\n<p>L\u2019absence d\u2019Antoine Griezmann, chouchou et talisman de Deschamps, a cruellement saut\u00e9 aux yeux samedi. Apr\u00e8s pr\u00e8s de sept ans de pr\u00e9sence ininterrompue sous le maillot de l\u2019\u00e9quipe de France, le joueur de l\u2019Atletico Madrid, bless\u00e9, a d\u00fb renoncer \u00e0 ce rassemblement. Sans le champion du monde 2018, les Bleus ont paru perdus dans l\u2019entre-jeu et personne n\u2019a sonn\u00e9 la r\u00e9volte pour tenter d\u2019inverser la tendance.<\/p>\n\n\n\n<p>L\u2019incapacit\u00e9 des Fran\u00e7ais \u00e0 se trouver un patron de substitution sans Griezmann est assez probl\u00e9matique dans l\u2019optique de l\u2019Euro.<\/p>\n\n\n\n<p>\u201cOn sait qu\u2019Antoine est un joueur exceptionnel, il arrive \u00e0 faire le lien entre la d\u00e9fense, le milieu et surtout l\u2019attaque, il nous a manqu\u00e9. Un joueur de la qualit\u00e9 d\u2019Antoine ne se remplace pas si facilement\u201d, a d\u00e9clar\u00e9 Aur\u00e9lien Tchouam\u00e9ni.<\/p>\n\n\n\n<p>\u201cJe n\u2019avais pas besoin de ce match pour savoir l\u2019importance d\u2019Antoine. Sinc\u00e8rement, s\u2019il avait \u00e9t\u00e9 l\u00e0, vu nos manques dans de nombreux domaines, cela aurait \u00e9t\u00e9 compliqu\u00e9 aussi. On \u00e9tait en d\u00e9ficit dans d\u2019autres domaines que l\u2019aspect technique\u201d, a toutefois jug\u00e9 Deschamps.<\/p>\n\n\n\n<h2 class=\"wp-block-heading\">Des physiques \u00e0 soigner<\/h2>\n\n\n\n<p>Les Fran\u00e7ais ont affich\u00e9 d\u2019inqui\u00e9tantes d\u00e9faillances sur le plan physique, qui peuvent expliquer la gifle re\u00e7ue samedi. Encore concern\u00e9s pour la plupart par de grosses \u00e9ch\u00e9ances en clubs, les Tricolores sont arriv\u00e9s sur les rotules et avec<\/p>\n","protected":false},"excerpt":{"rendered":"<p>Une d\u00e9fense aux abois, une qu\u00eate du N.9 encore inassouvie, une \u00e9quipe en manque de leader sans Griezmann et un<\/p>\n","protected":false},"author":1,"featured_media":33449,"comment_status":"open","ping_status":"open","sticky":false,"template":"","format":"standard","meta":{"footnotes":""},"categories":[9],"tags":[],"class_list":["post-33448","post","type-post","status-publish","format-standard","has-post-thumbnail","hentry","category-sports"],"_links":{"self":[{"href":"https:\/\/dekkbi.com\/index.php?rest_route=\/wp\/v2\/posts\/33448","targetHints":{"allow":["GET"]}}],"collection":[{"href":"https:\/\/dekkbi.com\/index.php?rest_route=\/wp\/v2\/posts"}],"about":[{"href":"https:\/\/dekkbi.com\/index.php?rest_route=\/wp\/v2\/types\/post"}],"author":[{"embeddable":true,"href":"https:\/\/dekkbi.com\/index.php?rest_route=\/wp\/v2\/users\/1"}],"replies":[{"embeddable":true,"href":"https:\/\/dekkbi.com\/index.php?rest_route=%2Fwp%2Fv2%2Fcomments&post=33448"}],"version-history":[{"count":1,"href":"https:\/\/dekkbi.com\/index.php?rest_route=\/wp\/v2\/posts\/33448\/revisions"}],"predecessor-version":[{"id":33450,"href":"https:\/\/dekkbi.com\/index.php?rest_route=\/wp\/v2\/posts\/33448\/revisions\/33450"}],"wp:featuredmedia":[{"embeddable":true,"href":"https:\/\/dekkbi.com\/index.php?rest_route=\/wp\/v2\/media\/33449"}],"wp:attachment":[{"href":"https:\/\/dekkbi.com\/index.php?rest_route=%2Fwp%2Fv2%2Fmedia&parent=33448"}],"wp:term":[{"taxonomy":"category","embeddable":true,"href":"https:\/\/dekkbi.com\/index.php?rest_route=%2Fwp%2Fv2%2Fcategories&post=33448"},{"taxonomy":"post_tag","embeddable":true,"href":"https:\/\/dekkbi.com\/index.php?rest_route=%2Fwp%2Fv2%2Ftags&post=33448"}],"curies":[{"name":"wp","href":"https:\/\/api.w.org\/{rel}","templated":true}]}}