{"id":33417,"date":"2024-03-25T09:16:14","date_gmt":"2024-03-25T09:16:14","guid":{"rendered":"https:\/\/dekkbi.com\/?p=33417"},"modified":"2024-03-25T09:16:14","modified_gmt":"2024-03-25T09:16:14","slug":"5e-president-de-la-republique-du-senegal-dakar-attendra","status":"publish","type":"post","link":"https:\/\/dekkbi.com\/?p=33417","title":{"rendered":"5e pr\u00e9sident de la R\u00e9publique du S\u00e9n\u00e9gal : Dakar attendra"},"content":{"rendered":"\n<p>Encore le 5<sup>e<\/sup>\u00a0pr\u00e9sident de la R\u00e9publique du S\u00e9n\u00e9gal \u00e9chappe \u00e0 Dakar. La capitale s\u00e9n\u00e9galaise qui esp\u00e9rait voir son fils diriger le pays doit prendre son mal en patience. En effet, sur les six pr\u00e9tendants \u00e0 la magistrature supr\u00eame d\u2019origine dakaroise, notamment Khalifa Ababacar Sall, Amadou Ba et Boubacar Camara et Mamadou Lamine Diallo, aucun n\u2019a sorti la t\u00eate de l\u2019eau.<\/p>\n\n\n\n<p>Les premi\u00e8res tendances qui se d\u00e9gagent des urnes, \u00e0 l\u2019issue du scrutin d\u2019hier, dimanche 24 mars, semblent \u00e9loigner tous ces fils et natifs de Dakar du Palais de de l\u2019Avenue L\u00e9opold S\u00e9dar Senghor.<\/p>\n\n\n\n<p>Une tradition perp\u00e9tu\u00e9e hier, dimanche 24 mars, avec la tr\u00e8s probable \u00e9lection de Bassirou Diomaye Diakhar Faye, natif de la r\u00e9gion de Thi\u00e8s, d\u00e9partement de Mbour, comme 5<sup>e<\/sup>\u00a0pr\u00e9sident de la R\u00e9publique, puisque tous les pr\u00e9sidents \u00e9lus depuis l\u2019ind\u00e9pendance, ne sont pas des natifs de Dakar, en commen\u00e7ant par le L\u00e9opold S\u00e9dar Senghor.<\/p>\n\n\n\n<p>Ce dernier est n\u00e9 le 9 octobre 1906 \u00e0 Joal, d\u00e9partement de Mbour (r\u00e9gion de Thi\u00e8s). Son successeur, Abdou Diouf, lui est natif de la r\u00e9gion de Louga. Quant au troisi\u00e8me pr\u00e9sident, en l\u2019occurrence Abdoulaye Wade, il est de K\u00e9b\u00e9mer, comme Macky Sall est aussi de Fatick.<\/p>\n\n\n\n<p><strong>OG<\/strong><\/p>\n\n\n\n<p>SUDQUOTIDIEN<\/p>\n","protected":false},"excerpt":{"rendered":"<p>Encore le 5e\u00a0pr\u00e9sident de la R\u00e9publique du S\u00e9n\u00e9gal \u00e9chappe \u00e0 Dakar. La capitale s\u00e9n\u00e9galaise qui esp\u00e9rait voir son fils diriger<\/p>\n","protected":false},"author":1,"featured_media":32552,"comment_status":"open","ping_status":"open","sticky":false,"template":"","format":"standard","meta":{"footnotes":""},"categories":[21],"tags":[],"class_list":["post-33417","post","type-post","status-publish","format-standard","has-post-thumbnail","hentry","category-societe"],"_links":{"self":[{"href":"https:\/\/dekkbi.com\/index.php?rest_route=\/wp\/v2\/posts\/33417","targetHints":{"allow":["GET"]}}],"collection":[{"href":"https:\/\/dekkbi.com\/index.php?rest_route=\/wp\/v2\/posts"}],"about":[{"href":"https:\/\/dekkbi.com\/index.php?rest_route=\/wp\/v2\/types\/post"}],"author":[{"embeddable":true,"href":"https:\/\/dekkbi.com\/index.php?rest_route=\/wp\/v2\/users\/1"}],"replies":[{"embeddable":true,"href":"https:\/\/dekkbi.com\/index.php?rest_route=%2Fwp%2Fv2%2Fcomments&post=33417"}],"version-history":[{"count":1,"href":"https:\/\/dekkbi.com\/index.php?rest_route=\/wp\/v2\/posts\/33417\/revisions"}],"predecessor-version":[{"id":33418,"href":"https:\/\/dekkbi.com\/index.php?rest_route=\/wp\/v2\/posts\/33417\/revisions\/33418"}],"wp:featuredmedia":[{"embeddable":true,"href":"https:\/\/dekkbi.com\/index.php?rest_route=\/wp\/v2\/media\/32552"}],"wp:attachment":[{"href":"https:\/\/dekkbi.com\/index.php?rest_route=%2Fwp%2Fv2%2Fmedia&parent=33417"}],"wp:term":[{"taxonomy":"category","embeddable":true,"href":"https:\/\/dekkbi.com\/index.php?rest_route=%2Fwp%2Fv2%2Fcategories&post=33417"},{"taxonomy":"post_tag","embeddable":true,"href":"https:\/\/dekkbi.com\/index.php?rest_route=%2Fwp%2Fv2%2Ftags&post=33417"}],"curies":[{"name":"wp","href":"https:\/\/api.w.org\/{rel}","templated":true}]}}