{"id":33356,"date":"2024-03-22T15:37:25","date_gmt":"2024-03-22T15:37:25","guid":{"rendered":"https:\/\/dekkbi.com\/?p=33356"},"modified":"2024-03-22T15:37:25","modified_gmt":"2024-03-22T15:37:25","slug":"presence-militaire-francaise-en-ukraine-paris-se-refuse-a-tout-commentaire","status":"publish","type":"post","link":"https:\/\/dekkbi.com\/?p=33356","title":{"rendered":"Pr\u00e9sence militaire fran\u00e7aise en Ukraine : Paris se refuse \u00e0 tout commentaire"},"content":{"rendered":"\n<p>Le chef d\u2019\u00c9tat-major des Arm\u00e9es fran\u00e7aises s\u2019est refus\u00e9 \u00e0 tout commentaire, ce jeudi, \u00e0 propos de la pr\u00e9sence de militaires fran\u00e7ais en Ukraine.<\/p>\n\n\n\n<p>Le G\u00e9n\u00e9ral des Arm\u00e9es Thierry Burkhard, a donn\u00e9 une conf\u00e9rence de presse conjointe \u00e0 Paris avec le g\u00e9n\u00e9ral d\u2019arm\u00e9e a\u00e9rienne, commandant des Forces arm\u00e9es su\u00e9doises, Micael Byd\u00e9n, en visite en France.<\/p>\n\n\n\n<p>\u00c0 cette occasion, le correspondant d\u2019Anadolu (AA) a interrog\u00e9 le commandant Burkhard sur le nombre de militaires fran\u00e7ais pr\u00e9sents en Ukraine et sur leurs types de missions.<\/p>\n\n\n\n<p>\u00ab&nbsp;Sur la pr\u00e9sence de forces fran\u00e7aises en Ukraine, il n\u2019y a pas de communication sur ce sujet-l\u00e0. On a un dispositif de mission de d\u00e9fense au sein de l\u2019ambassade qui est entre guillemets notre relation avec la partie ukrainienne en particulier, pour identifier au mieux, les besoins de l\u2019arm\u00e9e ukrainienne et comment l\u2019aide qu\u2019on apporte est utilis\u00e9e au mieux possible&nbsp;\u00bb, a-t-il r\u00e9pondu.<\/p>\n\n\n\n<p>Interrog\u00e9 par AA sur la pr\u00e9sence de mercenaires fran\u00e7ais dans le pays en proie \u00e0 la guerre, \u00ab&nbsp;probablement&nbsp;\u00bb a r\u00e9pondu le chef d\u2019\u00c9tat-major des Arm\u00e9es fran\u00e7aises, soulignant qu\u2019il s\u2019agit de \u00ab&nbsp;d\u00e9marches individuelles&nbsp;\u00bb et que ce n\u2019est pas \u00ab&nbsp;quelque chose d\u2019organis\u00e9&nbsp;\u00bb. Thierry Burkhard a ajout\u00e9 qu\u2019il \u00ab&nbsp;n\u2019en tient pas le d\u00e9compte&nbsp;\u00bb.<\/p>\n\n\n\n<p>\u00ab&nbsp;Je ne suis pas s\u00fbr d\u2019ailleurs qu\u2019on puisse exactement les qualifier de mercenaires. Je pense que leur objectif est d\u2019abord un objectif de soutien \u00e0 l\u2019Ukraine plut\u00f4t qu\u2019un objectif financier&nbsp;\u00bb, a-t-il soulign\u00e9.<\/p>\n\n\n\n<p>Pour rappel, le Pr\u00e9sident fran\u00e7ais, Emmanuel Macron, a ouvert la possibilit\u00e9 d\u2019engager des \u00ab&nbsp;op\u00e9rations sur le terrain&nbsp;\u00bb en Ukraine. Dans une interview accord\u00e9e au Parisien la semaine derni\u00e8re, le chef d\u2019\u00c9tat fran\u00e7ais, qui \u00e9tait dans l\u2019avion de retour de Berlin o\u00f9 il s\u2019\u00e9tait entretenu avec des dirigeants europ\u00e9ens, a soulign\u00e9 que la France se pr\u00e9pare \u00e0 \u00ab&nbsp;tous les sc\u00e9narios&nbsp;\u00bb.<\/p>\n\n\n\n<p>Cette d\u00e9claration est intervenue apr\u00e8s des discussions en f\u00e9vrier o\u00f9, dans une r\u00e9ponse \u00e0 un journaliste \u00e0 l\u2019\u00c9lys\u00e9e, il n\u2019avait pas exclu l\u2019envoi de troupes au sol.<\/p>\n\n\n\n<p>\u00ab&nbsp;Peut-\u00eatre qu\u2019\u00e0 un moment donn\u00e9 (je ne le souhaite pas, n\u2019en prendrai pas l\u2019initiative) il faudra avoir des op\u00e9rations sur le terrain, quelles qu\u2019elles soient, pour contrer les forces russes&nbsp;\u00bb, a d\u00e9clar\u00e9 Macron au Parisien, dans son vol de retour de Berlin, vendredi dernier. D\u00e9clarant \u00eatre pr\u00eat \u00e0 dialoguer avec Vladimir Poutine, le Pr\u00e9sident fran\u00e7ais a maintenu que la France ne doit pas se laisser intimider par le \u00ab&nbsp;discours de la peur&nbsp;\u00bb russe.<\/p>\n\n\n\n<p>Pour rappel, le 24 f\u00e9vrier 2022, la Russie a lanc\u00e9 une op\u00e9ration militaire en Ukraine, ce qui a provoqu\u00e9 de multiples r\u00e9actions \u00e0 l\u2019\u00e9chelle internationale, notamment de l\u2019Union europ\u00e9enne et des \u00c9tats-Unis, ainsi que l\u2019imposition de sanctions \u00e0 l\u2019endroit de Moscou.<\/p>\n\n\n\n<p>La Russie affirme \u00eatre intervenue pour prot\u00e9ger les populations russophones majoritaires dans les r\u00e9gions s\u00e9paratistes du Donbass, notamment celles de Donetsk et de Lougansk qui souhaitaient obtenir leur ind\u00e9pendance de l\u2019Ukraine et qui ont fini par \u00eatre annex\u00e9es par la Russie suite \u00e0 deux r\u00e9f\u00e9rendums tenus en septembre 2022 dans ces territoires.<\/p>\n\n\n\n<p>La Russie pose, par ailleurs, comme pr\u00e9alable, pour mettre un terme \u00e0 son op\u00e9ration, le renoncement de l\u2019Ukraine \u00e0 ses plans d\u2019adh\u00e9sion \u00e0 des entit\u00e9s et alliances militaires, dont l\u2019Otan, et l\u2019adoption d\u2019un statut de \u2018\u2019neutralit\u00e9 totale\u2019\u2019, ce que Kiev consid\u00e8re comme \u00e9tant une \u00ab&nbsp;ing\u00e9rence dans sa souverainet\u00e9&nbsp;\u00bb.<\/p>\n","protected":false},"excerpt":{"rendered":"<p>Le chef d\u2019\u00c9tat-major des Arm\u00e9es fran\u00e7aises s\u2019est refus\u00e9 \u00e0 tout commentaire, ce jeudi, \u00e0 propos de la pr\u00e9sence de militaires<\/p>\n","protected":false},"author":1,"featured_media":33357,"comment_status":"open","ping_status":"open","sticky":false,"template":"","format":"standard","meta":{"footnotes":""},"categories":[51],"tags":[],"class_list":["post-33356","post","type-post","status-publish","format-standard","has-post-thumbnail","hentry","category-general"],"_links":{"self":[{"href":"https:\/\/dekkbi.com\/index.php?rest_route=\/wp\/v2\/posts\/33356","targetHints":{"allow":["GET"]}}],"collection":[{"href":"https:\/\/dekkbi.com\/index.php?rest_route=\/wp\/v2\/posts"}],"about":[{"href":"https:\/\/dekkbi.com\/index.php?rest_route=\/wp\/v2\/types\/post"}],"author":[{"embeddable":true,"href":"https:\/\/dekkbi.com\/index.php?rest_route=\/wp\/v2\/users\/1"}],"replies":[{"embeddable":true,"href":"https:\/\/dekkbi.com\/index.php?rest_route=%2Fwp%2Fv2%2Fcomments&post=33356"}],"version-history":[{"count":1,"href":"https:\/\/dekkbi.com\/index.php?rest_route=\/wp\/v2\/posts\/33356\/revisions"}],"predecessor-version":[{"id":33358,"href":"https:\/\/dekkbi.com\/index.php?rest_route=\/wp\/v2\/posts\/33356\/revisions\/33358"}],"wp:featuredmedia":[{"embeddable":true,"href":"https:\/\/dekkbi.com\/index.php?rest_route=\/wp\/v2\/media\/33357"}],"wp:attachment":[{"href":"https:\/\/dekkbi.com\/index.php?rest_route=%2Fwp%2Fv2%2Fmedia&parent=33356"}],"wp:term":[{"taxonomy":"category","embeddable":true,"href":"https:\/\/dekkbi.com\/index.php?rest_route=%2Fwp%2Fv2%2Fcategories&post=33356"},{"taxonomy":"post_tag","embeddable":true,"href":"https:\/\/dekkbi.com\/index.php?rest_route=%2Fwp%2Fv2%2Ftags&post=33356"}],"curies":[{"name":"wp","href":"https:\/\/api.w.org\/{rel}","templated":true}]}}