{"id":33289,"date":"2024-03-21T12:48:21","date_gmt":"2024-03-21T12:48:21","guid":{"rendered":"https:\/\/dekkbi.com\/?p=33289"},"modified":"2024-03-21T12:48:57","modified_gmt":"2024-03-21T12:48:57","slug":"presidentielle-slovaque-les-principaux-candidats-opposes-sur-lukraine","status":"publish","type":"post","link":"https:\/\/dekkbi.com\/?p=33289","title":{"rendered":"Pr\u00e9sidentielle slovaque: les candidats oppos\u00e9s sur l&rsquo;Ukraine"},"content":{"rendered":"\n<p>Les Slovaques voteront samedi pour \u00e9lire leur nouveau pr\u00e9sident, \u00e0 l&rsquo;issue d&rsquo;une course entre le candidat du camp populiste au pouvoir, qui penche vers la Russie, et un candidat pro-ukrainien soutenu par l&rsquo;opposition.<\/p>\n\n\n\n<p>Parmi les neuf candidats en lice, Peter Pellegrini, ancien Premier ministre et actuel pr\u00e9sident du Parlement, et Ivan Korcok, ancien ministre lib\u00e9ral des Affaires \u00e9trang\u00e8res, passent pour les grands favoris de l&rsquo;\u00e9lection.<\/p>\n\n\n\n<p>Selon les sondages, M. Pellegrini devance de peu M. Korcok et les deux concurrents s&rsquo;affronteront probablement lors d&rsquo;un second tour pr\u00e9vu le 6 avril, car aucun d&rsquo;entre eux ne semble pouvoir recueillir plus de 50% des voix n\u00e9cessaires pour l&#8217;emporter en un tour.<\/p>\n\n\n\n<p>Aucun sondage de sortie des urnes n&rsquo;est pr\u00e9vu apr\u00e8s la fermeture des bureaux de votes \u00e0 22H00 (21H00 GMT).<\/p>\n\n\n\n<p>M. Pellegrini est soutenu par le Premier ministre Robert Fico, son alli\u00e9 de longue date, qui refuse de fournir une aide militaire \u00e0 l&rsquo;Ukraine, a remis en question la souverainet\u00e9 ukrainienne et appel\u00e9 \u00e0 la paix avec la Russie.<\/p>\n\n\n\n<p>R\u00e9solument pro-ukrainien, M. Korcok a des opinions similaires \u00e0 celles de la pr\u00e9sidente sortante, Zuzana Caputova, critique du gouvernement, et qui a choisi de ne pas briguer un second mandat.<\/p>\n\n\n\n<h2 class=\"wp-block-heading\">Contrepoids<\/h2>\n\n\n\n<p>Selon les analystes, le r\u00e9sultat du vote dans ce pays de 5,4 millions d&rsquo;habitants, membre de l&rsquo;Otan et de l&rsquo;UE, temp\u00e9rera ou renforcera son scepticisme \u00e0 l&rsquo;\u00e9gard de l&rsquo;Ukraine voisine d\u00e9chir\u00e9e par la guerre.<\/p>\n\n\n\n<p>\u00ab\u00a0En cas de victoire de Pellegrini, nous pouvons nous attendre \u00e0 un raffermissement de la position actuelle du gouvernement\u00a0\u00bb, estime Michal Mislovic, analyste politique \u00e0 l&rsquo;agence de sondages Median.<\/p>\n\n\n\n<figure class=\"wp-block-image\"><img decoding=\"async\" src=\"https:\/\/information.tv5monde.com\/sites\/tv5-info\/files\/styles\/entete\/public\/2024-03\/field_media_image-2818379-b7aef818e148ad8aeefff9e64442ce43853318da.jpg?itok=WPlXSDua\" alt=\"Affiche de campagne de Ivan Korcok, candidat de l'opposition \u00e0 l'\u00e9lection pr\u00e9sidentielle slovaque \u00e0 Bratislava, le 20 mars 2024 \" title=\"Affiche de campagne de Ivan Korcok, candidat de l'opposition \u00e0 l'\u00e9lection pr\u00e9sidentielle slovaque \u00e0 Bratislava, le 20 mars 2024 \"\/><\/figure>\n\n\n\n<p>Affiche de campagne de Ivan Korcok, candidat de l&rsquo;opposition \u00e0 l&rsquo;\u00e9lection pr\u00e9sidentielle slovaque \u00e0 Bratislava, le 20 mars 2024<\/p>\n\n\n\n<p>AFP &#8211; TOMAS BENEDIKOVIC<\/p>\n\n\n\n<p>\u00ab\u00a0Si Korcok gagne, nous pouvons nous attendre au moins \u00e0 ce qu&rsquo;il fasse un contrepoids au gouvernement et au Parlement \u00e0 cet \u00e9gard\u00a0\u00bb, indique-t-il \u00e0 l&rsquo;AFP.<\/p>\n\n\n\n<p>Les instituts de sondages s&rsquo;attendent \u00e0 une course serr\u00e9e.<\/p>\n\n\n\n<p>Selon l&rsquo;\u00e9tude de l&rsquo;agence AKO, M. Pellegrini obtiendrait 40% des voix, contre 38% pour M. Korcok.<\/p>\n\n\n\n<p>La guerre en Ukraine a \u00e9t\u00e9 un \u00e9l\u00e9ment essentiel de la campagne \u00e9lectorale.<\/p>\n\n\n\n<p>\u00ab\u00a0C&rsquo;est un sujet qui divise largement la population de Slovaquie\u00a0\u00bb, indique M. Mislovic.<\/p>\n\n\n\n<p>M. Pellegrini lui-m\u00eame pointe cette division.<\/p>\n\n\n\n<p>\u00ab\u00a0La sc\u00e8ne politique slovaque est divis\u00e9e entre ceux qui sont favorables \u00e0 la poursuite de la guerre \u00e0 tout prix et ceux qui exigent l&rsquo;ouverture de n\u00e9gociations de paix\u00a0\u00bb, a-t-il d\u00e9clar\u00e9 \u00e0 l&rsquo;AFP.<\/p>\n\n\n\n<p>Et d&rsquo;ajouter: \u00ab\u00a0J&rsquo;appartiens \u00e0 cette derni\u00e8re cat\u00e9gorie\u00a0\u00bb.<\/p>\n\n\n\n<p>Selon Katarina Podmanicka, vendeuse originaire de Zborov, dans le nord-est du pays, M. Pellegrini \u00ab\u00a0se bat pour nous, pour la Slovaquie\u00a0\u00bb.<\/p>\n\n\n\n<h2 class=\"wp-block-heading\">Camp pro-ukrainien<\/h2>\n\n\n\n<p>Au fil des ann\u00e9es, M. Fico a nomm\u00e9 M. Pellegrini \u00e0 divers postes, notamment celui de pr\u00e9sident du Parlement ou de ministre de l&rsquo;Education.<\/p>\n\n\n\n<p>L&rsquo;homme politique de 48 ans est devenu Premier ministre apr\u00e8s la chute du gouvernement Fico en 2018, \u00e0 la suite du meurtre du journaliste d&rsquo;investigation Jan Kuciak et de sa fianc\u00e9e, abattus \u00e0 leur domicile.<\/p>\n\n\n\n<p>Le double meurtre a d\u00e9clench\u00e9 une vague de protestations \u00e0 travers le pays qui ont contraint M. Fico \u00e0 d\u00e9missionner.<\/p>\n\n\n\n<p>Dans son dernier article, publi\u00e9 \u00e0 titre posthume, M. Kuciak avait r\u00e9v\u00e9l\u00e9 des liens entre la mafia italienne et le gouvernement Fico.<\/p>\n\n\n\n<p>M. Korcok, 59 ans, a critiqu\u00e9 les appels de M. Fico \u00e0 n\u00e9gocier avec Moscou.<\/p>\n\n\n\n<p>\u00ab\u00a0La Russie a pi\u00e9tin\u00e9 le droit international (&#8230;) Je ne pense pas que l&rsquo;Ukraine doive renoncer \u00e0 une partie de son territoire pour parvenir \u00e0 la paix\u00a0\u00bb, a d\u00e9clar\u00e9 \u00e0 l&rsquo;AFP ce diplomate qui a repr\u00e9sent\u00e9 la Slovaquie aux \u00c9tats-Unis, en Allemagne et en Suisse.<\/p>\n\n\n\n<p>\u00ab\u00a0La premi\u00e8re condition pr\u00e9alable pour que nous puissions parler d&rsquo;une solution pacifique \u00e0 cette guerre est que les missiles russes cessent de frapper les \u00e9coles et les h\u00f4pitaux ukrainiens\u00a0\u00bb, a-t-il insist\u00e9.<\/p>\n\n\n\n<h2 class=\"wp-block-heading\">\u00ab\u00a0Province russe\u00a0\u00bb<\/h2>\n\n\n\n<p>M. Korcok est soutenu par les partis d&rsquo;opposition qui estiment qu&rsquo;une victoire de M. Pellegrini ouvrirait la voie \u00e0 des gr\u00e2ces pr\u00e9sidentielles accord\u00e9es \u00e0 des alli\u00e9s du pouvoir coupables de corruption.<\/p>\n\n\n\n<p>\u00ab\u00a0Je voterai pour Korcok, car pour moi, Pellegrini est encore moins acceptable que Fico\u00a0\u00bb, a d\u00e9clar\u00e9 Marta Demcakova, \u00e9lectrice de Bratislava.<\/p>\n\n\n\n<p>\u00ab\u00a0Je ne veux voir mes enfants et petits-enfants grandir dans une province russe\u00a0\u00bb, a d\u00e9clar\u00e9 \u00e0 l&rsquo;AFP cette retrait\u00e9e de 66 ans, en faisant r\u00e9f\u00e9rence aux positions prorusses de MM. Pellegrini et Fico.<\/p>\n\n\n\n<p>Bien que sa fonction soit essentiellement c\u00e9r\u00e9monielle, le pr\u00e9sident ratifie les trait\u00e9s internationaux, nomme les principaux juges, y compris le pr\u00e9sident de la Cour supr\u00eame, et est le commandant en chef des forces arm\u00e9es.<\/p>\n\n\n\n<p>Le chef de l&rsquo;\u00c9tat peut \u00e9galement opposer son veto aux lois adopt\u00e9es par le Parlement.<\/p>\n","protected":false},"excerpt":{"rendered":"<p>Les Slovaques voteront samedi pour \u00e9lire leur nouveau pr\u00e9sident, \u00e0 l&rsquo;issue d&rsquo;une course entre le candidat du camp populiste au<\/p>\n","protected":false},"author":1,"featured_media":33290,"comment_status":"open","ping_status":"open","sticky":false,"template":"","format":"standard","meta":{"footnotes":""},"categories":[51],"tags":[],"class_list":["post-33289","post","type-post","status-publish","format-standard","has-post-thumbnail","hentry","category-general"],"_links":{"self":[{"href":"https:\/\/dekkbi.com\/index.php?rest_route=\/wp\/v2\/posts\/33289","targetHints":{"allow":["GET"]}}],"collection":[{"href":"https:\/\/dekkbi.com\/index.php?rest_route=\/wp\/v2\/posts"}],"about":[{"href":"https:\/\/dekkbi.com\/index.php?rest_route=\/wp\/v2\/types\/post"}],"author":[{"embeddable":true,"href":"https:\/\/dekkbi.com\/index.php?rest_route=\/wp\/v2\/users\/1"}],"replies":[{"embeddable":true,"href":"https:\/\/dekkbi.com\/index.php?rest_route=%2Fwp%2Fv2%2Fcomments&post=33289"}],"version-history":[{"count":2,"href":"https:\/\/dekkbi.com\/index.php?rest_route=\/wp\/v2\/posts\/33289\/revisions"}],"predecessor-version":[{"id":33292,"href":"https:\/\/dekkbi.com\/index.php?rest_route=\/wp\/v2\/posts\/33289\/revisions\/33292"}],"wp:featuredmedia":[{"embeddable":true,"href":"https:\/\/dekkbi.com\/index.php?rest_route=\/wp\/v2\/media\/33290"}],"wp:attachment":[{"href":"https:\/\/dekkbi.com\/index.php?rest_route=%2Fwp%2Fv2%2Fmedia&parent=33289"}],"wp:term":[{"taxonomy":"category","embeddable":true,"href":"https:\/\/dekkbi.com\/index.php?rest_route=%2Fwp%2Fv2%2Fcategories&post=33289"},{"taxonomy":"post_tag","embeddable":true,"href":"https:\/\/dekkbi.com\/index.php?rest_route=%2Fwp%2Fv2%2Ftags&post=33289"}],"curies":[{"name":"wp","href":"https:\/\/api.w.org\/{rel}","templated":true}]}}